{"id":346414,"date":"2025-01-24T00:37:48","date_gmt":"2025-01-24T03:37:48","guid":{"rendered":"https:\/\/www.notibras.com\/site\/?p=346414"},"modified":"2025-01-24T08:39:57","modified_gmt":"2025-01-24T11:39:57","slug":"tribunal-coopera-com-buriti-e-reduz-riscos-de-danos-ao-erario","status":"publish","type":"post","link":"https:\/\/www.notibras.com\/site\/tribunal-coopera-com-buriti-e-reduz-riscos-de-danos-ao-erario\/","title":{"rendered":"Tribunal coopera com Buriti e reduz riscos de danos ao er\u00e1rio"},"content":{"rendered":"<p>O Tribunal de Contas do Distrito Federal realizou nesta quinta-feira (23), uma reuni\u00e3o para tratar do planejamento estrat\u00e9gico da institui\u00e7\u00e3o para os pr\u00f3ximos anos. O presidente do Tribunal, Conselheiro Manoel de Andrade, destacou a necessidade de atuar de forma pedag\u00f3gica junto ao Governo do Distrito Federal (GDF), assegurando que as pol\u00edticas p\u00fablicas destinadas \u00e0 popula\u00e7\u00e3o de Bras\u00edlia sejam eficazes. &#8220;\u00c9 preciso fazer a m\u00e1quina p\u00fablica chegar aos que mais precisam&#8221;, afirmou o presidente.<\/p>\n<p>Durante o encontro, foi apresentado o projeto &#8220;Visitas aos Gestores do GDF&#8221;, que tem como principal objetivo fortalecer o di\u00e1logo entre o TCDF e os gestores p\u00fablicos. A ideia da atual gest\u00e3o \u00e9 identificar e reduzir riscos em a\u00e7\u00f5es governamentais que possam resultar em danos ao er\u00e1rio; disseminar boas pr\u00e1ticas de governan\u00e7a; e esclarecer d\u00favidas sobre normativos e processos fiscalizat\u00f3rios.<\/p>\n<p>Na apresenta\u00e7\u00e3o, o presidente lembrou que essa busca pelo di\u00e1logo e pela intera\u00e7\u00e3o \u00e9 marca registrada da sua trajet\u00f3ria profissional, desde os tempos em que era parlamentar. &#8220;E, na minha \u00faltima gest\u00e3o \u00e0 frente do TCDF, fiz mais de 50 reuni\u00f5es institucionais com os gestores do GDF e representantes do meio acad\u00eamico e do setor produtivo&#8221;, ressaltou o conselheiro Manoel de Andrade. Ele ainda destacou que as &#8220;Visitas aos Gestores do GDF&#8221; buscam promover maior celeridade no julgamento das contas p\u00fablicas, contribuindo para a melhoria da gest\u00e3o distrital, a promo\u00e7\u00e3o do controle social e a transpar\u00eancia administrativa.<\/p>\n<p>Na reuni\u00e3o, tamb\u00e9m foi apresentada a Cadeia de Valor do Tribunal, abrangendo os macroprocessos e processos de trabalho da Corte, bem como os valores e benef\u00edcios gerados pela atua\u00e7\u00e3o do TCDF. O diretor da Divis\u00e3o de Planejamento e Moderniza\u00e7\u00e3o Administrativa (Diplan), Luiz Gen\u00e9dio, ressaltou a import\u00e2ncia de concentrar esfor\u00e7os naquilo que gera valor para a sociedade. &#8220;Nosso foco deve ser sempre o impacto positivo para os cidad\u00e3os do DF, garantindo que nossa atua\u00e7\u00e3o resulte em melhorias efetivas&#8221;, afirmou.<\/p>\n<p>Participaram da reuni\u00e3o representantes do Gabinete da Presid\u00eancia, da Diplan, da Secretaria-Geral de Controle Externo (Segecex), da Secretaria de Sess\u00f5es (SS), da Secretaria de Tecnologia da Informa\u00e7\u00e3o (STI), da Escola de Contas (Escon), da Assessoria de Comunica\u00e7\u00e3o (Ascom), do N\u00facleo de Informa\u00e7\u00f5es Estrat\u00e9gicas (NIE), da Divis\u00e3o de Controle Interno e da Ouvidoria do TCDF.<\/p>\n","protected":false},"excerpt":{"rendered":"<p>O Tribunal de Contas do Distrito Federal realizou nesta quinta-feira (23), uma reuni\u00e3o para tratar do planejamento estrat\u00e9gico da institui\u00e7\u00e3o para os pr\u00f3ximos anos. O presidente do Tribunal, Conselheiro Manoel de Andrade, destacou a necessidade de atuar de forma pedag\u00f3gica junto ao Governo do Distrito Federal (GDF), assegurando que as pol\u00edticas p\u00fablicas destinadas \u00e0 popula\u00e7\u00e3o [&hellip;]<\/p>\n","protected":false},"author":2,"featured_media":311021,"comment_status":"closed","ping_status":"closed","sticky":false,"template":"","format":"standard","meta":{"_acf_changed":false,"footnotes":""},"categories":[161],"tags":[],"class_list":["post-346414","post","type-post","status-publish","format-standard","has-post-thumbnail","hentry","category-quadradinho-em-foco"],"acf":[],"_links":{"self":[{"href":"https:\/\/www.notibras.com\/site\/wp-json\/wp\/v2\/posts\/346414","targetHints":{"allow":["GET"]}}],"collection":[{"href":"https:\/\/www.notibras.com\/site\/wp-json\/wp\/v2\/posts"}],"about":[{"href":"https:\/\/www.notibras.com\/site\/wp-json\/wp\/v2\/types\/post"}],"author":[{"embeddable":true,"href":"https:\/\/www.notibras.com\/site\/wp-json\/wp\/v2\/users\/2"}],"replies":[{"embeddable":true,"href":"https:\/\/www.notibras.com\/site\/wp-json\/wp\/v2\/comments?post=346414"}],"version-history":[{"count":1,"href":"https:\/\/www.notibras.com\/site\/wp-json\/wp\/v2\/posts\/346414\/revisions"}],"predecessor-version":[{"id":346415,"href":"https:\/\/www.notibras.com\/site\/wp-json\/wp\/v2\/posts\/346414\/revisions\/346415"}],"wp:featuredmedia":[{"embeddable":true,"href":"https:\/\/www.notibras.com\/site\/wp-json\/wp\/v2\/media\/311021"}],"wp:attachment":[{"href":"https:\/\/www.notibras.com\/site\/wp-json\/wp\/v2\/media?parent=346414"}],"wp:term":[{"taxonomy":"category","embeddable":true,"href":"https:\/\/www.notibras.com\/site\/wp-json\/wp\/v2\/categories?post=346414"},{"taxonomy":"post_tag","embeddable":true,"href":"https:\/\/www.notibras.com\/site\/wp-json\/wp\/v2\/tags?post=346414"}],"curies":[{"name":"wp","href":"https:\/\/api.w.org\/{rel}","templated":true}]}}