{"id":346416,"date":"2025-01-24T00:43:43","date_gmt":"2025-01-24T03:43:43","guid":{"rendered":"https:\/\/www.notibras.com\/site\/?p=346416"},"modified":"2025-01-24T08:45:50","modified_gmt":"2025-01-24T11:45:50","slug":"recanto-das-emas-ganhara-mais-seis-mil-unidades-habitacionais","status":"publish","type":"post","link":"https:\/\/www.notibras.com\/site\/recanto-das-emas-ganhara-mais-seis-mil-unidades-habitacionais\/","title":{"rendered":"Recanto das Emas ganhar\u00e1 mais seis mil unidades habitacionais"},"content":{"rendered":"<p>Na tarde desta quinta-feira (23), foi assinada no Pal\u00e1cio do Buriti a licen\u00e7a de instala\u00e7\u00e3o para um empreendimento localizado ao sul da BR-060, a oeste da DF-001, no Setor Habitacional Parque da B\u00ean\u00e7\u00e3o (SHPB), na Regi\u00e3o Administrativa do Recanto das Emas. A \u00e1rea pertence \u00e0 bacia hidrogr\u00e1fica do Rio Descoberto. A licen\u00e7a autoriza a execu\u00e7\u00e3o das obras de infraestrutura do projeto urban\u00edstico aprovado pelo Decreto n\u00ba 46.300\/2024, mas veda a supress\u00e3o de vegeta\u00e7\u00e3o nativa.<\/p>\n<p>A governadora em exerc\u00edcio Celina Le\u00e3o destacou a import\u00e2ncia da iniciativa para a popula\u00e7\u00e3o do Distrito Federal. \u201cParticipei hoje do ato de assinatura do Compromisso pela Sustentabilidade, realizado em parceria com o Instituto Bras\u00edlia Ambiental, a Secretaria de Meio Ambiente (Sema-DF) e a Codhab. Este projeto, esperado h\u00e1 quatro anos, prev\u00ea a implanta\u00e7\u00e3o de 6.048 unidades habitacionais, beneficiando mais de 22 mil pessoas\u201d, disse Celina.<\/p>\n<p>\u201cA emiss\u00e3o da licen\u00e7a de instala\u00e7\u00e3o refor\u00e7a nosso compromisso com o cumprimento das exig\u00eancias legais e ambientais, assegurando que as obras de infraestrutura sejam realizadas com seguran\u00e7a jur\u00eddica e responsabilidade ambiental. Com isso, promovemos moradia digna e qualidade de vida para a popula\u00e7\u00e3o\u201d, acrescentou a governadora em exerc\u00edcio.<\/p>\n<p>A licen\u00e7a de instala\u00e7\u00e3o tamb\u00e9m estabelece medidas de mitiga\u00e7\u00e3o e controle de impactos, promovendo o equil\u00edbrio entre o desenvolvimento urbano e a preserva\u00e7\u00e3o do meio ambiente.<\/p>\n<p>O gestor do Instituto Bras\u00edlia Ambiental, R\u00f4ney Nemer, ressaltou a necessidade de integrar o desenvolvimento urbano \u00e0 preserva\u00e7\u00e3o ambiental. \u201cPrecisamos continuar desenvolvendo, mas com responsabilidade. \u00c9 essencial refletirmos sobre o futuro que estamos construindo para nossos filhos e netos\u201d, pontuou.<\/p>\n<p>Estiveram presentes na cerim\u00f4nia de assinatura o secret\u00e1rio de Meio Ambiente, Gutemberg Gomes; o presidente da Codhab, Marcelo Fagundes; o administrador do Recanto das Emas, Carlos Dalvan; e Andr\u00e9 Brand\u00e3o, representante do loteamento Reserva do Parque.<\/p>\n<p>Para Andr\u00e9 Brand\u00e3o, a iniciativa marca um novo cap\u00edtulo para a cidade: \u201cEm parceria com a Codhab, vamos poder realizar o sonho da casa pr\u00f3pria para mais fam\u00edlias que precisam no Distrito Federal, por meio do programa Minha Casa Minha Vida\u201d.<\/p>\n","protected":false},"excerpt":{"rendered":"<p>Na tarde desta quinta-feira (23), foi assinada no Pal\u00e1cio do Buriti a licen\u00e7a de instala\u00e7\u00e3o para um empreendimento localizado ao sul da BR-060, a oeste da DF-001, no Setor Habitacional Parque da B\u00ean\u00e7\u00e3o (SHPB), na Regi\u00e3o Administrativa do Recanto das Emas. A \u00e1rea pertence \u00e0 bacia hidrogr\u00e1fica do Rio Descoberto. A licen\u00e7a autoriza a execu\u00e7\u00e3o [&hellip;]<\/p>\n","protected":false},"author":2,"featured_media":346417,"comment_status":"closed","ping_status":"closed","sticky":false,"template":"","format":"standard","meta":{"_acf_changed":false,"footnotes":""},"categories":[161],"tags":[],"class_list":["post-346416","post","type-post","status-publish","format-standard","has-post-thumbnail","hentry","category-quadradinho-em-foco"],"acf":[],"_links":{"self":[{"href":"https:\/\/www.notibras.com\/site\/wp-json\/wp\/v2\/posts\/346416","targetHints":{"allow":["GET"]}}],"collection":[{"href":"https:\/\/www.notibras.com\/site\/wp-json\/wp\/v2\/posts"}],"about":[{"href":"https:\/\/www.notibras.com\/site\/wp-json\/wp\/v2\/types\/post"}],"author":[{"embeddable":true,"href":"https:\/\/www.notibras.com\/site\/wp-json\/wp\/v2\/users\/2"}],"replies":[{"embeddable":true,"href":"https:\/\/www.notibras.com\/site\/wp-json\/wp\/v2\/comments?post=346416"}],"version-history":[{"count":1,"href":"https:\/\/www.notibras.com\/site\/wp-json\/wp\/v2\/posts\/346416\/revisions"}],"predecessor-version":[{"id":346418,"href":"https:\/\/www.notibras.com\/site\/wp-json\/wp\/v2\/posts\/346416\/revisions\/346418"}],"wp:featuredmedia":[{"embeddable":true,"href":"https:\/\/www.notibras.com\/site\/wp-json\/wp\/v2\/media\/346417"}],"wp:attachment":[{"href":"https:\/\/www.notibras.com\/site\/wp-json\/wp\/v2\/media?parent=346416"}],"wp:term":[{"taxonomy":"category","embeddable":true,"href":"https:\/\/www.notibras.com\/site\/wp-json\/wp\/v2\/categories?post=346416"},{"taxonomy":"post_tag","embeddable":true,"href":"https:\/\/www.notibras.com\/site\/wp-json\/wp\/v2\/tags?post=346416"}],"curies":[{"name":"wp","href":"https:\/\/api.w.org\/{rel}","templated":true}]}}