{"id":346419,"date":"2025-01-24T00:01:50","date_gmt":"2025-01-24T03:01:50","guid":{"rendered":"https:\/\/www.notibras.com\/site\/?p=346419"},"modified":"2025-01-24T08:53:40","modified_gmt":"2025-01-24T11:53:40","slug":"bacia-para-captar-agua-da-chuva-enche-pela-primeira-vez","status":"publish","type":"post","link":"https:\/\/www.notibras.com\/site\/bacia-para-captar-agua-da-chuva-enche-pela-primeira-vez\/","title":{"rendered":"Bacia para captar \u00e1gua da chuva enche pela primeira vez"},"content":{"rendered":"<p>O volume de chuva registrado na madrugada desta quinta-feira (23) na Asa Norte foi captado, parcialmente, pela bacia de deten\u00e7\u00e3o do Drenar DF e chegou a 80 cent\u00edmetros. \u00c9 a primeira vez que o reservat\u00f3rio recebe \u00e1gua pluvial desde a recente liga\u00e7\u00e3o de parte da nova infraestrutura de drenagem \u00e0 rede antiga de capta\u00e7\u00e3o.<\/p>\n<p>A liga\u00e7\u00e3o das duas redes ocorreu na quarta-feira (22), com a perfura\u00e7\u00e3o de dois dispositivos de deriva\u00e7\u00e3o (duas janelas de 1,5 metros). S\u00e3o essas duas aberturas que ligam a rede existente \u00e0 nova. A partir dessa conex\u00e3o, a \u00e1gua da chuva cai na rede nova. Esse processo elimina o risco de sobrecarga do sistema antigo, uma vez que a maior parte da capta\u00e7\u00e3o ser\u00e1 direcionada para o sistema novo.<\/p>\n<p>Segundo o diretor t\u00e9cnico da Ag\u00eancia de Desenvolvimento do Distrito Federal (Terracap), Hamilton Louren\u00e7o Filho, o resultado do enchimento da bacia ap\u00f3s a liga\u00e7\u00e3o das redes foi considerado satisfat\u00f3rio.<\/p>\n<p>\u201cEstamos bastante satisfeitos. Isso mostra que parte da rede liberada e a bacia j\u00e1 est\u00e3o funcionando como o esperado, fazendo a capta\u00e7\u00e3o da chuva\u201d, destaca.<\/p>\n<p>Segundo t\u00e9cnicos da Terracap, a l\u00e2mina d\u2019\u00e1gua subiu 80 cent\u00edmetros na bacia. O reservat\u00f3rio ocupa terreno de 37 mil m\u00b2, possui uma capacidade de at\u00e9 96 mil m\u00b3 de \u00e1gua e volume \u00fatil de 70 mil m\u00b3.<\/p>\n<p><strong>Lixo aparente<\/strong><br \/>\nNa manh\u00e3 desta quinta, foi poss\u00edvel ver res\u00edduos s\u00f3lidos que foram levados pela rede de tubula\u00e7\u00e3o at\u00e9 a bacia de deten\u00e7\u00e3o. O Governo do Distrito Federal (GDF) orienta os moradores da capital a fazerem o descarte adequado do lixo para que os materiais n\u00e3o cheguem \u00e0s galerias pluviais, evitando o registro de enchentes e alagamentos.<\/p>\n<p>\u201c\u00c9 normal que as primeiras chuvas acabem carregando mat\u00e9ria s\u00f3lida, folhas e galhos. Mas \u00e9 muito inconveniente vermos o sistema de drenagem carregando lixo, pl\u00e1stico e entulho\u201d, pontua Louren\u00e7o Filho. \u201cN\u00f3s pedimos para que a popula\u00e7\u00e3o tenha essa consci\u00eancia de que lugar de lixo \u00e9 no lixo. O descarte precisa ser no lugar correto para que a coleta seja feita de forma adequada pelo Servi\u00e7o de Limpeza Urbana (SLU). N\u00e3o ter essa consci\u00eancia tem um custo ambiental muito grande.\u201d<\/p>\n<p>Embora o lixo tenha chegado \u00e0 bacia, o material foi triado pelo sistema do Drenar DF. Pelo projeto, o \u00edndice de sujeira \u00e9 separado da \u00e1gua da chuva por meio do processo de decanta\u00e7\u00e3o. Ap\u00f3s essa etapa, a \u00e1gua presente no tanque segue para os vertedores de sa\u00edda do reservat\u00f3rio, que possuem t\u00faneis de 2,6 metros de di\u00e2metro respons\u00e1veis por conduzir o volume at\u00e9 o Lago Parano\u00e1.<\/p>\n<p>Materiais acumulados e res\u00edduos s\u00f3lidos ser\u00e3o recolhidos pela Companhia Urbanizadora da Nova Capital (Novacap), que ficar\u00e1 respons\u00e1vel pela manuten\u00e7\u00e3o do reservat\u00f3rio.<\/p>\n<p><strong>Impacto na vida da popula\u00e7\u00e3o<\/strong><br \/>\nEmbora o sistema n\u00e3o esteja funcionando de forma integral ainda, quem j\u00e1 sofreu com os alagamentos na regi\u00e3o da faixa 2 Norte come\u00e7a a perceber a mudan\u00e7a. Esdras Magalh\u00e3es Lins Filho \u00e9 banc\u00e1rio e trabalha no Setor Banc\u00e1rio Norte (SBN) h\u00e1 quase 10 anos.<\/p>\n<p>Morador da Asa Norte, Esdras conta que j\u00e1 ficou preso em meio \u00e0s fortes chuvas no setor que tem hist\u00f3rico de enchentes e alagamentos. Hoje, ao chegar para trabalhar, no entanto, a realidade foi diferente. \u201cFoi como se nem tivesse chovido. O Drenar DF \u00e9 uma obra muito importante\u201d, afirma.<\/p>\n<p>\u201cHoje eu vim trabalhar com a certeza de que chegaria com tranquilidade\u201d, diz o banc\u00e1rio Nilton Henrique Cazzaniga<\/p>\n<p>Tamb\u00e9m banc\u00e1rio, Nilton Henrique Cazzaniga relata que o novo sistema de drenagem leva al\u00edvio para o seu dia a dia. \u201cHoje eu vim trabalhar com a certeza de que chegaria com tranquilidade. O Drenar DF vai ser uma garantia de que tudo ficar\u00e1 como est\u00e1 hoje, mesmo ap\u00f3s fortes chuvas\u201d, diz.<\/p>\n<p><strong>Drenar DF<\/strong><br \/>\nCom um investimento de R$ 180 milh\u00f5es, o Drenar DF \u00e9 o maior programa de capta\u00e7\u00e3o e escoamento de \u00e1guas pluviais do Governo do Distrito Federal (GDF). O projeto duplicar\u00e1 a capacidade de escoamento da Asa Norte sem modificar a rede existente, dando fim a enchentes recorrentes em todo o per\u00edodo de chuvas.<\/p>\n<p>A rede de tubula\u00e7\u00e3o come\u00e7a na altura da Arena BRB Man\u00e9 Garrincha e vai at\u00e9 o Lago Parano\u00e1, seguindo em paralelo \u00e0s quadras 902 (perto do Col\u00e9gio Militar), 702, 302, 102, 202 e 402, cruzando a W3 Norte e o Eixo Rodovi\u00e1rio Norte (Eix\u00e3o), al\u00e9m da via L2 Norte, e chega \u00e0 L4 Norte.<\/p>\n","protected":false},"excerpt":{"rendered":"<p>O volume de chuva registrado na madrugada desta quinta-feira (23) na Asa Norte foi captado, parcialmente, pela bacia de deten\u00e7\u00e3o do Drenar DF e chegou a 80 cent\u00edmetros. \u00c9 a primeira vez que o reservat\u00f3rio recebe \u00e1gua pluvial desde a recente liga\u00e7\u00e3o de parte da nova infraestrutura de drenagem \u00e0 rede antiga de capta\u00e7\u00e3o. A [&hellip;]<\/p>\n","protected":false},"author":2,"featured_media":346420,"comment_status":"closed","ping_status":"closed","sticky":false,"template":"","format":"standard","meta":{"_acf_changed":false,"footnotes":""},"categories":[161],"tags":[],"class_list":["post-346419","post","type-post","status-publish","format-standard","has-post-thumbnail","hentry","category-quadradinho-em-foco"],"acf":[],"_links":{"self":[{"href":"https:\/\/www.notibras.com\/site\/wp-json\/wp\/v2\/posts\/346419","targetHints":{"allow":["GET"]}}],"collection":[{"href":"https:\/\/www.notibras.com\/site\/wp-json\/wp\/v2\/posts"}],"about":[{"href":"https:\/\/www.notibras.com\/site\/wp-json\/wp\/v2\/types\/post"}],"author":[{"embeddable":true,"href":"https:\/\/www.notibras.com\/site\/wp-json\/wp\/v2\/users\/2"}],"replies":[{"embeddable":true,"href":"https:\/\/www.notibras.com\/site\/wp-json\/wp\/v2\/comments?post=346419"}],"version-history":[{"count":1,"href":"https:\/\/www.notibras.com\/site\/wp-json\/wp\/v2\/posts\/346419\/revisions"}],"predecessor-version":[{"id":346421,"href":"https:\/\/www.notibras.com\/site\/wp-json\/wp\/v2\/posts\/346419\/revisions\/346421"}],"wp:featuredmedia":[{"embeddable":true,"href":"https:\/\/www.notibras.com\/site\/wp-json\/wp\/v2\/media\/346420"}],"wp:attachment":[{"href":"https:\/\/www.notibras.com\/site\/wp-json\/wp\/v2\/media?parent=346419"}],"wp:term":[{"taxonomy":"category","embeddable":true,"href":"https:\/\/www.notibras.com\/site\/wp-json\/wp\/v2\/categories?post=346419"},{"taxonomy":"post_tag","embeddable":true,"href":"https:\/\/www.notibras.com\/site\/wp-json\/wp\/v2\/tags?post=346419"}],"curies":[{"name":"wp","href":"https:\/\/api.w.org\/{rel}","templated":true}]}}