{"id":34643,"date":"2015-01-21T22:08:22","date_gmt":"2015-01-22T01:08:22","guid":{"rendered":"http:\/\/www.notibras.com\/site\/?p=34643"},"modified":"2015-01-21T22:20:17","modified_gmt":"2015-01-22T01:20:17","slug":"industrias-do-rio-enxugam-producao-por-falta-de-agua","status":"publish","type":"post","link":"https:\/\/www.notibras.com\/site\/industrias-do-rio-enxugam-producao-por-falta-de-agua\/","title":{"rendered":"Ind\u00fastrias do Rio enxugam produ\u00e7\u00e3o por falta de \u00e1gua"},"content":{"rendered":"<div class=\"content\">\n<p>Pesquisa divulgada pela Federa\u00e7\u00e3o das Ind\u00fastrias do Estado do Rio de Janeiro (Firjan)\u00a0 com 487 empresas do setor revela que 30,6% est\u00e3o enfrentando problemas devido ao baixo n\u00edvel nos reservat\u00f3rios de \u00e1gua. Essas ind\u00fastrias empregam 59.849 trabalhadores. O gerente-geral de Meio Ambiente da Firjan, Luis Augusto Azevedo, disse que o resultado reflete a ind\u00fastria fluminense como um todo, integrada por mais de 20 mil companhias.<\/p>\n<p>N\u00e3o h\u00e1 ainda uma percep\u00e7\u00e3o generalizada de falta de \u00e1gua, disse Azevedo. Ele observou, por\u00e9m, que algumas regi\u00f5es, como a da Bacia Hidrogr\u00e1fica do M\u00e9dio Para\u00edba do Sul; a foz do Rio Para\u00edba do Sul,\u00a0 localizada no norte do estado; e a regi\u00e3o final da Bacia do Rio Guandu, na zona oeste da capital, t\u00eam historicamente dificuldade de abastecimento nos per\u00edodos mais secos. \u201c[Essas regi\u00f5es] est\u00e3o sofrendo bastante este ano. Por isso, a maioria\u00a0 das empresas situadas nessas regi\u00f5es j\u00e1 est\u00e1 apontando aumento de custos e problemas de opera\u00e7\u00e3o.\u201d<\/p>\n<p>Entre as empresas afetadas, 50,3% disseram que\u00a0 o principal efeito sentido foi o aumento do custo de produ\u00e7\u00e3o. A pesquisa revelou que muitas companhias v\u00eam tomando medidas para reduzir o consumo de \u00e1gua. Nesse sentido, o controle do consumo foi apontado por 57% dos entrevistados, enquanto o controle de perdas na rede de distribui\u00e7\u00e3o foi citado por 28,5% e o reuso de \u00e1gua, por 25,8%.<\/p>\n<blockquote><p>Nos \u00faltimos dois anos, 56,7% das empresas adotaram medidas para reduzir o consumo de \u00e1gua no setor. Ap\u00f3s a implementa\u00e7\u00e3o dessas medidas, o resultado foi uma redu\u00e7\u00e3o m\u00e9dia do gasto de \u00e1gua de 25,6%.\u00a0 O gerente-geral de Meio Ambiente da Firjan disse que, em todo o estado, no per\u00edodo seco, as empresas s\u00e3o obrigadas a lidar com uma relativa redu\u00e7\u00e3o do volume dos rios. \u201cAs\u00a0 empresas v\u00eam se preparando h\u00e1 alguns anos para lidar com essa realidade\u201d.<\/p><\/blockquote>\n<p>Azevedo destacou tamb\u00e9m o custo da \u00e1gua. \u201cA \u00e1gua fornecida pela concession\u00e1ria de abastecimento tem custo crescente\u201d. A\u00a0 isso se soma o custo de capta\u00e7\u00e3o direta nos mananciais, pago\u00a0 ao estado ou \u00e0 Ag\u00eancia Nacional de \u00c1guas (ANA). \u201cA pr\u00f3pria escassez, que \u00e9 recorrente nos per\u00edodos secos, e o custo da \u00e1gua v\u00eam fazendo com que as empresas busquem solu\u00e7\u00f5es para reduzir o consumo e o desperd\u00edcio\u201d, disse.<\/p>\n<p>Como especialista em meio ambiente, Azevedo n\u00e3o tem d\u00favida de que \u00e9 fundamental a popula\u00e7\u00e3o participar do esfor\u00e7o de reduzir o consumo de \u00e1gua. \u201c\u00c9 necess\u00e1rio sensibilizar a popula\u00e7\u00e3o para economizar \u00e1gua, buscar suas formas de economia, verificar vazamentos.\u201d Ele lembrou que existem in\u00fameras cartilhas elaboradas por \u00f3rg\u00e3os p\u00fablicos e privados com esse objetivo. \u201c\u00c9 cada vez mais fundamental que as pessoas participem. Temos tamb\u00e9m que adotar medidas de racionaliza\u00e7\u00e3o de \u00e1gua na agricultura. Enfim, todos os setores t\u00eam de reduzir o consumo.\u201d<\/p>\n<p>De acordo com Azevedo, a crise caminha para o agravamento, uma vez que as chuvas esperadas para o per\u00edodo de dezembro e janeiro n\u00e3o est\u00e3o ocorrendo. \u201cTemos que nos preparar porque os pr\u00f3ximos meses e anos ser\u00e3o dif\u00edceis em rela\u00e7\u00e3o \u00e0 disponibilidade de \u00e1gua.\u201d<\/p>\n<p>Em pesquisa divulgada em dezembro pela Firjan, a \u00e1gua era apontada como o quinto item de infraestrutura mais importante para as ind\u00fastrias. A \u00e1gua foi citada por 27% dos entrevistados, \u00e0 frente de portos (16%), ferrovias (14%) e aeroportos (6%).<\/p>\n<header>\n<div class=\"node-info\"><strong>Alana Gandra, ABr<\/strong><strong><br \/>\n<\/strong><\/div>\n<\/header>\n<\/div>\n","protected":false},"excerpt":{"rendered":"<p>Pesquisa divulgada pela Federa\u00e7\u00e3o das Ind\u00fastrias do Estado do Rio de Janeiro (Firjan)\u00a0 com 487 empresas do setor revela que 30,6% est\u00e3o enfrentando problemas devido ao baixo n\u00edvel nos reservat\u00f3rios de \u00e1gua. Essas ind\u00fastrias empregam 59.849 trabalhadores. O gerente-geral de Meio Ambiente da Firjan, Luis Augusto Azevedo, disse que o resultado reflete a ind\u00fastria fluminense [&hellip;]<\/p>\n","protected":false},"author":2,"featured_media":34644,"comment_status":"open","ping_status":"closed","sticky":false,"template":"","format":"standard","meta":{"_acf_changed":false,"footnotes":""},"categories":[16],"tags":[],"class_list":["post-34643","post","type-post","status-publish","format-standard","has-post-thumbnail","hentry","category-brasil"],"acf":[],"yoast_head":"<!-- This site is optimized with the Yoast SEO plugin v27.2 - https:\/\/yoast.com\/product\/yoast-seo-wordpress\/ -->\n<title>Ind\u00fastrias do Rio enxugam produ\u00e7\u00e3o por falta de \u00e1gua - Notibras<\/title>\n<meta name=\"robots\" content=\"index, follow, max-snippet:-1, max-image-preview:large, max-video-preview:-1\" \/>\n<link rel=\"canonical\" href=\"https:\/\/www.notibras.com\/site\/industrias-do-rio-enxugam-producao-por-falta-de-agua\/\" \/>\n<meta property=\"og:locale\" content=\"pt_BR\" \/>\n<meta property=\"og:type\" content=\"article\" \/>\n<meta property=\"og:title\" content=\"Ind\u00fastrias do Rio enxugam produ\u00e7\u00e3o por falta de \u00e1gua - Notibras\" \/>\n<meta property=\"og:description\" content=\"Pesquisa divulgada pela Federa\u00e7\u00e3o das Ind\u00fastrias do Estado do Rio de Janeiro (Firjan)\u00a0 com 487 empresas do setor revela que 30,6% est\u00e3o enfrentando problemas devido ao baixo n\u00edvel nos reservat\u00f3rios de \u00e1gua. Essas ind\u00fastrias empregam 59.849 trabalhadores. O gerente-geral de Meio Ambiente da Firjan, Luis Augusto Azevedo, disse que o resultado reflete a ind\u00fastria fluminense [&hellip;]\" \/>\n<meta property=\"og:url\" content=\"https:\/\/www.notibras.com\/site\/industrias-do-rio-enxugam-producao-por-falta-de-agua\/\" \/>\n<meta property=\"og:site_name\" content=\"Notibras\" \/>\n<meta property=\"article:publisher\" content=\"https:\/\/www.facebook.com\/notibras\/\" \/>\n<meta property=\"article:published_time\" content=\"2015-01-22T01:08:22+00:00\" \/>\n<meta property=\"article:modified_time\" content=\"2015-01-22T01:20:17+00:00\" \/>\n<meta property=\"og:image\" content=\"https:\/\/www.notibras.com\/site\/wp-content\/uploads\/2015\/01\/br000.jpeg\" \/>\n\t<meta property=\"og:image:width\" content=\"234\" \/>\n\t<meta property=\"og:image:height\" content=\"215\" \/>\n\t<meta property=\"og:image:type\" content=\"image\/jpeg\" \/>\n<meta name=\"author\" content=\"Reda\u00e7\u00e3o\" \/>\n<meta name=\"twitter:card\" content=\"summary_large_image\" \/>\n<meta name=\"twitter:creator\" content=\"@Notibras\" \/>\n<meta name=\"twitter:site\" content=\"@Notibras\" \/>\n<meta name=\"twitter:label1\" content=\"Escrito por\" \/>\n\t<meta name=\"twitter:data1\" content=\"Reda\u00e7\u00e3o\" \/>\n\t<meta name=\"twitter:label2\" content=\"Est. tempo de leitura\" \/>\n\t<meta name=\"twitter:data2\" content=\"3 minutos\" \/>\n<script type=\"application\/ld+json\" class=\"yoast-schema-graph\">{\"@context\":\"https:\/\/schema.org\",\"@graph\":[{\"@type\":\"Article\",\"@id\":\"https:\/\/www.notibras.com\/site\/industrias-do-rio-enxugam-producao-por-falta-de-agua\/#article\",\"isPartOf\":{\"@id\":\"https:\/\/www.notibras.com\/site\/industrias-do-rio-enxugam-producao-por-falta-de-agua\/\"},\"author\":{\"name\":\"Reda\u00e7\u00e3o\",\"@id\":\"https:\/\/www.notibras.com\/site\/#\/schema\/person\/36ab0979449956132d3e5b517ea76ac8\"},\"headline\":\"Ind\u00fastrias do Rio enxugam produ\u00e7\u00e3o por falta de \u00e1gua\",\"datePublished\":\"2015-01-22T01:08:22+00:00\",\"dateModified\":\"2015-01-22T01:20:17+00:00\",\"mainEntityOfPage\":{\"@id\":\"https:\/\/www.notibras.com\/site\/industrias-do-rio-enxugam-producao-por-falta-de-agua\/\"},\"wordCount\":586,\"commentCount\":0,\"publisher\":{\"@id\":\"https:\/\/www.notibras.com\/site\/#organization\"},\"image\":{\"@id\":\"https:\/\/www.notibras.com\/site\/industrias-do-rio-enxugam-producao-por-falta-de-agua\/#primaryimage\"},\"thumbnailUrl\":\"https:\/\/www.notibras.com\/site\/wp-content\/uploads\/2015\/01\/br000.jpeg\",\"articleSection\":[\"Brasil\"],\"inLanguage\":\"pt-BR\",\"potentialAction\":[{\"@type\":\"CommentAction\",\"name\":\"Comment\",\"target\":[\"https:\/\/www.notibras.com\/site\/industrias-do-rio-enxugam-producao-por-falta-de-agua\/#respond\"]}]},{\"@type\":\"WebPage\",\"@id\":\"https:\/\/www.notibras.com\/site\/industrias-do-rio-enxugam-producao-por-falta-de-agua\/\",\"url\":\"https:\/\/www.notibras.com\/site\/industrias-do-rio-enxugam-producao-por-falta-de-agua\/\",\"name\":\"Ind\u00fastrias do Rio enxugam produ\u00e7\u00e3o por falta de \u00e1gua - Notibras\",\"isPartOf\":{\"@id\":\"https:\/\/www.notibras.com\/site\/#website\"},\"primaryImageOfPage\":{\"@id\":\"https:\/\/www.notibras.com\/site\/industrias-do-rio-enxugam-producao-por-falta-de-agua\/#primaryimage\"},\"image\":{\"@id\":\"https:\/\/www.notibras.com\/site\/industrias-do-rio-enxugam-producao-por-falta-de-agua\/#primaryimage\"},\"thumbnailUrl\":\"https:\/\/www.notibras.com\/site\/wp-content\/uploads\/2015\/01\/br000.jpeg\",\"datePublished\":\"2015-01-22T01:08:22+00:00\",\"dateModified\":\"2015-01-22T01:20:17+00:00\",\"breadcrumb\":{\"@id\":\"https:\/\/www.notibras.com\/site\/industrias-do-rio-enxugam-producao-por-falta-de-agua\/#breadcrumb\"},\"inLanguage\":\"pt-BR\",\"potentialAction\":[{\"@type\":\"ReadAction\",\"target\":[\"https:\/\/www.notibras.com\/site\/industrias-do-rio-enxugam-producao-por-falta-de-agua\/\"]}]},{\"@type\":\"ImageObject\",\"inLanguage\":\"pt-BR\",\"@id\":\"https:\/\/www.notibras.com\/site\/industrias-do-rio-enxugam-producao-por-falta-de-agua\/#primaryimage\",\"url\":\"https:\/\/www.notibras.com\/site\/wp-content\/uploads\/2015\/01\/br000.jpeg\",\"contentUrl\":\"https:\/\/www.notibras.com\/site\/wp-content\/uploads\/2015\/01\/br000.jpeg\",\"width\":234,\"height\":215},{\"@type\":\"BreadcrumbList\",\"@id\":\"https:\/\/www.notibras.com\/site\/industrias-do-rio-enxugam-producao-por-falta-de-agua\/#breadcrumb\",\"itemListElement\":[{\"@type\":\"ListItem\",\"position\":1,\"name\":\"In\u00edcio\",\"item\":\"https:\/\/www.notibras.com\/site\/\"},{\"@type\":\"ListItem\",\"position\":2,\"name\":\"Ind\u00fastrias do Rio enxugam produ\u00e7\u00e3o por falta de \u00e1gua\"}]},{\"@type\":\"WebSite\",\"@id\":\"https:\/\/www.notibras.com\/site\/#website\",\"url\":\"https:\/\/www.notibras.com\/site\/\",\"name\":\"Notibras\",\"description\":\"Not\u00edcias de Bras\u00edlia, do Brasil e do Mundo\",\"publisher\":{\"@id\":\"https:\/\/www.notibras.com\/site\/#organization\"},\"potentialAction\":[{\"@type\":\"SearchAction\",\"target\":{\"@type\":\"EntryPoint\",\"urlTemplate\":\"https:\/\/www.notibras.com\/site\/?s={search_term_string}\"},\"query-input\":{\"@type\":\"PropertyValueSpecification\",\"valueRequired\":true,\"valueName\":\"search_term_string\"}}],\"inLanguage\":\"pt-BR\"},{\"@type\":\"Organization\",\"@id\":\"https:\/\/www.notibras.com\/site\/#organization\",\"name\":\"Grupo Notibras de Comunica\u00e7\u00e3o\",\"url\":\"https:\/\/www.notibras.com\/site\/\",\"logo\":{\"@type\":\"ImageObject\",\"inLanguage\":\"pt-BR\",\"@id\":\"https:\/\/www.notibras.com\/site\/#\/schema\/logo\/image\/\",\"url\":\"https:\/\/www.notibras.com\/site\/wp-content\/uploads\/2023\/01\/notibras23.png\",\"contentUrl\":\"https:\/\/www.notibras.com\/site\/wp-content\/uploads\/2023\/01\/notibras23.png\",\"width\":350,\"height\":87,\"caption\":\"Grupo Notibras de Comunica\u00e7\u00e3o\"},\"image\":{\"@id\":\"https:\/\/www.notibras.com\/site\/#\/schema\/logo\/image\/\"},\"sameAs\":[\"https:\/\/www.facebook.com\/notibras\/\",\"https:\/\/x.com\/Notibras\",\"https:\/\/www.instagram.com\/notibras\/\"]},{\"@type\":\"Person\",\"@id\":\"https:\/\/www.notibras.com\/site\/#\/schema\/person\/36ab0979449956132d3e5b517ea76ac8\",\"name\":\"Reda\u00e7\u00e3o\",\"image\":{\"@type\":\"ImageObject\",\"inLanguage\":\"pt-BR\",\"@id\":\"https:\/\/secure.gravatar.com\/avatar\/e0a867bdedb85fd243eadf09663511f96fc81e0720a4a42581f334ad4303aa6b?s=96&d=mm&r=g\",\"url\":\"https:\/\/secure.gravatar.com\/avatar\/e0a867bdedb85fd243eadf09663511f96fc81e0720a4a42581f334ad4303aa6b?s=96&d=mm&r=g\",\"contentUrl\":\"https:\/\/secure.gravatar.com\/avatar\/e0a867bdedb85fd243eadf09663511f96fc81e0720a4a42581f334ad4303aa6b?s=96&d=mm&r=g\",\"caption\":\"Reda\u00e7\u00e3o\"}}]}<\/script>\n<!-- \/ Yoast SEO plugin. -->","yoast_head_json":{"title":"Ind\u00fastrias do Rio enxugam produ\u00e7\u00e3o por falta de \u00e1gua - Notibras","robots":{"index":"index","follow":"follow","max-snippet":"max-snippet:-1","max-image-preview":"max-image-preview:large","max-video-preview":"max-video-preview:-1"},"canonical":"https:\/\/www.notibras.com\/site\/industrias-do-rio-enxugam-producao-por-falta-de-agua\/","og_locale":"pt_BR","og_type":"article","og_title":"Ind\u00fastrias do Rio enxugam produ\u00e7\u00e3o por falta de \u00e1gua - Notibras","og_description":"Pesquisa divulgada pela Federa\u00e7\u00e3o das Ind\u00fastrias do Estado do Rio de Janeiro (Firjan)\u00a0 com 487 empresas do setor revela que 30,6% est\u00e3o enfrentando problemas devido ao baixo n\u00edvel nos reservat\u00f3rios de \u00e1gua. Essas ind\u00fastrias empregam 59.849 trabalhadores. O gerente-geral de Meio Ambiente da Firjan, Luis Augusto Azevedo, disse que o resultado reflete a ind\u00fastria fluminense [&hellip;]","og_url":"https:\/\/www.notibras.com\/site\/industrias-do-rio-enxugam-producao-por-falta-de-agua\/","og_site_name":"Notibras","article_publisher":"https:\/\/www.facebook.com\/notibras\/","article_published_time":"2015-01-22T01:08:22+00:00","article_modified_time":"2015-01-22T01:20:17+00:00","og_image":[{"width":234,"height":215,"url":"https:\/\/www.notibras.com\/site\/wp-content\/uploads\/2015\/01\/br000.jpeg","type":"image\/jpeg"}],"author":"Reda\u00e7\u00e3o","twitter_card":"summary_large_image","twitter_creator":"@Notibras","twitter_site":"@Notibras","twitter_misc":{"Escrito por":"Reda\u00e7\u00e3o","Est. tempo de leitura":"3 minutos"},"schema":{"@context":"https:\/\/schema.org","@graph":[{"@type":"Article","@id":"https:\/\/www.notibras.com\/site\/industrias-do-rio-enxugam-producao-por-falta-de-agua\/#article","isPartOf":{"@id":"https:\/\/www.notibras.com\/site\/industrias-do-rio-enxugam-producao-por-falta-de-agua\/"},"author":{"name":"Reda\u00e7\u00e3o","@id":"https:\/\/www.notibras.com\/site\/#\/schema\/person\/36ab0979449956132d3e5b517ea76ac8"},"headline":"Ind\u00fastrias do Rio enxugam produ\u00e7\u00e3o por falta de \u00e1gua","datePublished":"2015-01-22T01:08:22+00:00","dateModified":"2015-01-22T01:20:17+00:00","mainEntityOfPage":{"@id":"https:\/\/www.notibras.com\/site\/industrias-do-rio-enxugam-producao-por-falta-de-agua\/"},"wordCount":586,"commentCount":0,"publisher":{"@id":"https:\/\/www.notibras.com\/site\/#organization"},"image":{"@id":"https:\/\/www.notibras.com\/site\/industrias-do-rio-enxugam-producao-por-falta-de-agua\/#primaryimage"},"thumbnailUrl":"https:\/\/www.notibras.com\/site\/wp-content\/uploads\/2015\/01\/br000.jpeg","articleSection":["Brasil"],"inLanguage":"pt-BR","potentialAction":[{"@type":"CommentAction","name":"Comment","target":["https:\/\/www.notibras.com\/site\/industrias-do-rio-enxugam-producao-por-falta-de-agua\/#respond"]}]},{"@type":"WebPage","@id":"https:\/\/www.notibras.com\/site\/industrias-do-rio-enxugam-producao-por-falta-de-agua\/","url":"https:\/\/www.notibras.com\/site\/industrias-do-rio-enxugam-producao-por-falta-de-agua\/","name":"Ind\u00fastrias do Rio enxugam produ\u00e7\u00e3o por falta de \u00e1gua - Notibras","isPartOf":{"@id":"https:\/\/www.notibras.com\/site\/#website"},"primaryImageOfPage":{"@id":"https:\/\/www.notibras.com\/site\/industrias-do-rio-enxugam-producao-por-falta-de-agua\/#primaryimage"},"image":{"@id":"https:\/\/www.notibras.com\/site\/industrias-do-rio-enxugam-producao-por-falta-de-agua\/#primaryimage"},"thumbnailUrl":"https:\/\/www.notibras.com\/site\/wp-content\/uploads\/2015\/01\/br000.jpeg","datePublished":"2015-01-22T01:08:22+00:00","dateModified":"2015-01-22T01:20:17+00:00","breadcrumb":{"@id":"https:\/\/www.notibras.com\/site\/industrias-do-rio-enxugam-producao-por-falta-de-agua\/#breadcrumb"},"inLanguage":"pt-BR","potentialAction":[{"@type":"ReadAction","target":["https:\/\/www.notibras.com\/site\/industrias-do-rio-enxugam-producao-por-falta-de-agua\/"]}]},{"@type":"ImageObject","inLanguage":"pt-BR","@id":"https:\/\/www.notibras.com\/site\/industrias-do-rio-enxugam-producao-por-falta-de-agua\/#primaryimage","url":"https:\/\/www.notibras.com\/site\/wp-content\/uploads\/2015\/01\/br000.jpeg","contentUrl":"https:\/\/www.notibras.com\/site\/wp-content\/uploads\/2015\/01\/br000.jpeg","width":234,"height":215},{"@type":"BreadcrumbList","@id":"https:\/\/www.notibras.com\/site\/industrias-do-rio-enxugam-producao-por-falta-de-agua\/#breadcrumb","itemListElement":[{"@type":"ListItem","position":1,"name":"In\u00edcio","item":"https:\/\/www.notibras.com\/site\/"},{"@type":"ListItem","position":2,"name":"Ind\u00fastrias do Rio enxugam produ\u00e7\u00e3o por falta de \u00e1gua"}]},{"@type":"WebSite","@id":"https:\/\/www.notibras.com\/site\/#website","url":"https:\/\/www.notibras.com\/site\/","name":"Notibras","description":"Not\u00edcias de Bras\u00edlia, do Brasil e do Mundo","publisher":{"@id":"https:\/\/www.notibras.com\/site\/#organization"},"potentialAction":[{"@type":"SearchAction","target":{"@type":"EntryPoint","urlTemplate":"https:\/\/www.notibras.com\/site\/?s={search_term_string}"},"query-input":{"@type":"PropertyValueSpecification","valueRequired":true,"valueName":"search_term_string"}}],"inLanguage":"pt-BR"},{"@type":"Organization","@id":"https:\/\/www.notibras.com\/site\/#organization","name":"Grupo Notibras de Comunica\u00e7\u00e3o","url":"https:\/\/www.notibras.com\/site\/","logo":{"@type":"ImageObject","inLanguage":"pt-BR","@id":"https:\/\/www.notibras.com\/site\/#\/schema\/logo\/image\/","url":"https:\/\/www.notibras.com\/site\/wp-content\/uploads\/2023\/01\/notibras23.png","contentUrl":"https:\/\/www.notibras.com\/site\/wp-content\/uploads\/2023\/01\/notibras23.png","width":350,"height":87,"caption":"Grupo Notibras de Comunica\u00e7\u00e3o"},"image":{"@id":"https:\/\/www.notibras.com\/site\/#\/schema\/logo\/image\/"},"sameAs":["https:\/\/www.facebook.com\/notibras\/","https:\/\/x.com\/Notibras","https:\/\/www.instagram.com\/notibras\/"]},{"@type":"Person","@id":"https:\/\/www.notibras.com\/site\/#\/schema\/person\/36ab0979449956132d3e5b517ea76ac8","name":"Reda\u00e7\u00e3o","image":{"@type":"ImageObject","inLanguage":"pt-BR","@id":"https:\/\/secure.gravatar.com\/avatar\/e0a867bdedb85fd243eadf09663511f96fc81e0720a4a42581f334ad4303aa6b?s=96&d=mm&r=g","url":"https:\/\/secure.gravatar.com\/avatar\/e0a867bdedb85fd243eadf09663511f96fc81e0720a4a42581f334ad4303aa6b?s=96&d=mm&r=g","contentUrl":"https:\/\/secure.gravatar.com\/avatar\/e0a867bdedb85fd243eadf09663511f96fc81e0720a4a42581f334ad4303aa6b?s=96&d=mm&r=g","caption":"Reda\u00e7\u00e3o"}}]}},"amp_enabled":true,"_links":{"self":[{"href":"https:\/\/www.notibras.com\/site\/wp-json\/wp\/v2\/posts\/34643","targetHints":{"allow":["GET"]}}],"collection":[{"href":"https:\/\/www.notibras.com\/site\/wp-json\/wp\/v2\/posts"}],"about":[{"href":"https:\/\/www.notibras.com\/site\/wp-json\/wp\/v2\/types\/post"}],"author":[{"embeddable":true,"href":"https:\/\/www.notibras.com\/site\/wp-json\/wp\/v2\/users\/2"}],"replies":[{"embeddable":true,"href":"https:\/\/www.notibras.com\/site\/wp-json\/wp\/v2\/comments?post=34643"}],"version-history":[{"count":0,"href":"https:\/\/www.notibras.com\/site\/wp-json\/wp\/v2\/posts\/34643\/revisions"}],"wp:featuredmedia":[{"embeddable":true,"href":"https:\/\/www.notibras.com\/site\/wp-json\/wp\/v2\/media\/34644"}],"wp:attachment":[{"href":"https:\/\/www.notibras.com\/site\/wp-json\/wp\/v2\/media?parent=34643"}],"wp:term":[{"taxonomy":"category","embeddable":true,"href":"https:\/\/www.notibras.com\/site\/wp-json\/wp\/v2\/categories?post=34643"},{"taxonomy":"post_tag","embeddable":true,"href":"https:\/\/www.notibras.com\/site\/wp-json\/wp\/v2\/tags?post=34643"}],"curies":[{"name":"wp","href":"https:\/\/api.w.org\/{rel}","templated":true}]}}