{"id":34646,"date":"2015-01-21T22:34:31","date_gmt":"2015-01-22T01:34:31","guid":{"rendered":"http:\/\/www.notibras.com\/site\/?p=34646"},"modified":"2015-01-21T22:34:31","modified_gmt":"2015-01-22T01:34:31","slug":"a-luta-do-egito-para-resgatar-o-protagonismo-perdido","status":"publish","type":"post","link":"https:\/\/www.notibras.com\/site\/a-luta-do-egito-para-resgatar-o-protagonismo-perdido\/","title":{"rendered":"A luta do Egito para resgatar o protagonismo perdido"},"content":{"rendered":"<p>Um Imp\u00e9rio durante milhares de anos, cen\u00e1rio de uma derrota napole\u00f4nica, de uma retirada brit\u00e2nica na II Guerra Mundial e de uma revolu\u00e7\u00e3o antimon\u00e1rquica estremecedora, o Egito trata de recuperar sua condi\u00e7\u00e3o de epicentro pol\u00edtico no Levante.<\/p>\n<p>Pa\u00eds imerso em uma guerra de intensidade com grupos isl\u00e2micos que ultrapassaram suas a\u00e7\u00f5es na pen\u00ednsula do Sinai, nordeste, para esta capital e outras cidades, o presidente Abdel Fattah El Sisi reiterou v\u00e1rias vezes desde que chegou ao poder em junho passado que se prop\u00f5e a devolver ao Egito o brilho perdido.<\/p>\n<p>Depois da deposi\u00e7\u00e3o por uma revolta popular no in\u00edcio de 2011 do ex-presidente Hosni Mubarak, os subsequentes confrontos levaram \u00e0 primeira magistratura Mohamed Morsi, um dos membros da dire\u00e7\u00e3o da Irmandade Mu\u00e7ulmana (IM), cujo governo apenas se estendeu por um ano.<\/p>\n<p>O triunfo eleitoral de Morsi nas elei\u00e7\u00f5es de 2012 foi atingido por uma estreita margem em alian\u00e7a informal com partidos laicos e esquerdistas que tratavam de evitar a todo custo uma vit\u00f3ria de seu rival, Ahmed Chafik, que teria representado um mubarakismo por outros meios.<\/p>\n<p>Mas a IM desperdi\u00e7ou esse triunfo com sua decis\u00e3o de impor aos eg\u00edpcios um modo de vida ajustado \u00e0 ortodoxia extrema do Isl\u00e3, incongruente com o laicismo prevalecente na sociedade pela revolu\u00e7\u00e3o dos oficiais livres que levou Gamal Abdel Nasser \u00e0 presid\u00eancia e imprimiu nesse pa\u00eds um car\u00e1ter peculiar.<\/p>\n<p>O falecimento do presidente em 1970 abriu passo para um setor pol\u00edtico personificado em Anuar El Sadat e, ap\u00f3s sua morte violenta em 1981, em Mubarak, cuja corrup\u00e7\u00e3o administrativa e alian\u00e7a com os Estados Unidos propiciaram o aumento do apoio \u00e0 IM.<\/p>\n<p>Essa sequ\u00eancia de fatos explica por que nos dias pr\u00e9vios e nos posteriores \u00e0 turbulenta derrubada de Morsi circulou uma farta iconograf\u00eda na qual apareciam os rostos de Sisi e de Nasser, igualados para a hist\u00f3ria, ao menos no imagin\u00e1rio dos opositores tanto de Mubarak, como da confraria isl\u00e2mica.<\/p>\n<p>Instalado na cadeira presidencial, e inclusive antes, durante sua campanha eleitoral, o ex-ministro de Defesa falou sobre sua inten\u00e7\u00e3o de fazer com que o Egito recuperasse seu papel preponderante tanto na pol\u00edtica africana, como na \u00e1rabe.<\/p>\n<blockquote><p>A entrada no Magreb do Estado Isl\u00e2mico (EI), o movimento armado que ocupa regi\u00f5es no Iraque e na S\u00edria e est\u00e1 implantado na Tun\u00edsia, Arg\u00e9lia, L\u00edbia e no pr\u00f3prio Egito; e os avatares da guerra na S\u00edria, d\u00e3o uma oportunidade dourada que o Cairo parece ter inten\u00e7\u00f5es de capitalizar com fins pol\u00edticos regionais.<\/p><\/blockquote>\n<p>Em meados de janeiro o governo eg\u00edpcio ofereceu ser sede de um encontro das partes em disputa na S\u00edria, o que colocaria esse pa\u00eds no papel de mediador em um conflito com o qual se mant\u00e9m equidistante das partes, ainda que \u00e9 not\u00f3rio que se op\u00f5e ao avan\u00e7o das for\u00e7as do EI, sua Nemesis.<\/p>\n<p>Essa vontade do Cairo \u00e9 compartilhada pelos Estados Unidos e pot\u00eancias da Uni\u00e3o Europeia, integradas em uma coaliz\u00e3o de 40 pa\u00edses, 10 deles \u00e1rabes, elaborada para combater o EI, a cujo auge contribuiu em certa medida ao apoiar os grupos armados que h\u00e1 mais de quatro anos querem derrubar o presidente s\u00edrio Bashar al Assad.<\/p>\n<p>Ainda que o Egito tenha se integrado a essa alian\u00e7a, El Sisi tomou dist\u00e2ncia e esclareceu desde um princ\u00edpio que o apoio exclui a participa\u00e7\u00e3o em combate de suas tropas, uma forma sutil de remeter o esfor\u00e7o aos criadores da crise, os quais, como era de se esperar, recusam se verem envolvidos em outro conflito levantino ap\u00f3s o p\u00e2ntano iraquiano.<\/p>\n<p>Neste contexto h\u00e1 que acrescentar o ataque contra um seman\u00e1rio sat\u00edrico no in\u00edcio de janeiro na Fran\u00e7a e incidentes em outros pa\u00edses europeus, grandes nuvens de uma tormenta que assustam esse continente, separado por um curto trecho do Mar Mediterr\u00e1neo do Norte da \u00c1frica, onde o EI est\u00e1 implantado com p\u00e9 firme.<\/p>\n<p>Fatos em data recente indicam que Cairo poderia ter elaborado ou estar preparando uma estrat\u00e9gia para apresentar frente ao EI com alcance nacional, entendendo como tal o conjunto dos pa\u00edses \u00e1rabes do Levante e do norte africano, um conceito desenvolvido por Nasser.<\/p>\n<p>O tema foi colocado sobre a mesa na reuni\u00e3o urgente de chanceleres da Liga \u00c1rabe em 14 de janeiro passado, durante a qual se anunciou a conveni\u00eancia de criar uma for\u00e7a regional para combater os radicais, na qual o Egito, com o Ex\u00e9rcito mais poderoso da regi\u00e3o, teria posi\u00e7\u00e3o de comando.<\/p>\n<p>Outro ind\u00edcio nesse sentido foi a visita a esta capital do primeiro-ministro iraquiano, Haider El Abadi, em 10 de janeiro passado, durante a qual visitante e anfitri\u00e3o concordaram &#8220;dar passos tang\u00edveis entre mu\u00e7ulmanos xi\u00edtas e sunitas para reduzir as tens\u00f5es na regi\u00e3o&#8221;.<\/p>\n<blockquote><p>Tamb\u00e9m h\u00e1 que levar em conta a assinatura de uma alian\u00e7a estrat\u00e9gica econ\u00f4mica com a China, a melhoria substancial das rela\u00e7\u00f5es com a R\u00fassia e a visita do primeiro-ministro japon\u00eas no in\u00edcio de janeiro, apoios inquestion\u00e1veis a El Sisi, que tem demonstrado ser paciente, coerente e efetivo em seus prop\u00f3sitos.<\/p><\/blockquote>\n<p>A formula\u00e7\u00e3o \u00e9 uma mensagem velada ao Ir\u00e3, paladino dos xi\u00edtas, sobre a necessidade de fazer uma coes\u00e3o contra o EI, importante, dadas as estreitas rela\u00e7\u00f5es de El Sisi com a Ar\u00e1bia Saudita, em disputa com o Teer\u00e3 pelo predom\u00ednio no Golfo P\u00e9rsico, mas que convergem no desejo de ver o grupo radical desaparecer.<\/p>\n<p>Ante essa realidade, um fortalecimento do Egito est\u00e1 no interesse da Europa, que retribuiria o favor deixando de lado suas cr\u00edticas \u00e0 forma como a Irmandade Mu\u00e7ulmana foi tirada do poder e incentivando a volta dos investimentos diretos, um fluxo de liquidez que Cairo precisa com urg\u00eancia.<\/p>\n<p><strong>Mois\u00e9s Saab<\/strong><\/p>\n","protected":false},"excerpt":{"rendered":"<p>Um Imp\u00e9rio durante milhares de anos, cen\u00e1rio de uma derrota napole\u00f4nica, de uma retirada brit\u00e2nica na II Guerra Mundial e de uma revolu\u00e7\u00e3o antimon\u00e1rquica estremecedora, o Egito trata de recuperar sua condi\u00e7\u00e3o de epicentro pol\u00edtico no Levante. Pa\u00eds imerso em uma guerra de intensidade com grupos isl\u00e2micos que ultrapassaram suas a\u00e7\u00f5es na pen\u00ednsula do Sinai, [&hellip;]<\/p>\n","protected":false},"author":2,"featured_media":34647,"comment_status":"open","ping_status":"closed","sticky":false,"template":"","format":"standard","meta":{"_acf_changed":false,"footnotes":""},"categories":[25],"tags":[],"class_list":["post-34646","post","type-post","status-publish","format-standard","has-post-thumbnail","hentry","category-opina-ai"],"acf":[],"yoast_head":"<!-- This site is optimized with the Yoast SEO plugin v27.2 - https:\/\/yoast.com\/product\/yoast-seo-wordpress\/ -->\n<title>A luta do Egito para resgatar o protagonismo perdido - Notibras<\/title>\n<meta name=\"robots\" content=\"index, follow, max-snippet:-1, max-image-preview:large, max-video-preview:-1\" \/>\n<link rel=\"canonical\" href=\"https:\/\/www.notibras.com\/site\/a-luta-do-egito-para-resgatar-o-protagonismo-perdido\/\" \/>\n<meta property=\"og:locale\" content=\"pt_BR\" \/>\n<meta property=\"og:type\" content=\"article\" \/>\n<meta property=\"og:title\" content=\"A luta do Egito para resgatar o protagonismo perdido - Notibras\" \/>\n<meta property=\"og:description\" content=\"Um Imp\u00e9rio durante milhares de anos, cen\u00e1rio de uma derrota napole\u00f4nica, de uma retirada brit\u00e2nica na II Guerra Mundial e de uma revolu\u00e7\u00e3o antimon\u00e1rquica estremecedora, o Egito trata de recuperar sua condi\u00e7\u00e3o de epicentro pol\u00edtico no Levante. Pa\u00eds imerso em uma guerra de intensidade com grupos isl\u00e2micos que ultrapassaram suas a\u00e7\u00f5es na pen\u00ednsula do Sinai, [&hellip;]\" \/>\n<meta property=\"og:url\" content=\"https:\/\/www.notibras.com\/site\/a-luta-do-egito-para-resgatar-o-protagonismo-perdido\/\" \/>\n<meta property=\"og:site_name\" content=\"Notibras\" \/>\n<meta property=\"article:publisher\" content=\"https:\/\/www.facebook.com\/notibras\/\" \/>\n<meta property=\"article:published_time\" content=\"2015-01-22T01:34:31+00:00\" \/>\n<meta property=\"og:image\" content=\"https:\/\/www.notibras.com\/site\/wp-content\/uploads\/2015\/01\/Egito-Piramides.jpg\" \/>\n\t<meta property=\"og:image:width\" content=\"1600\" \/>\n\t<meta property=\"og:image:height\" content=\"975\" \/>\n\t<meta property=\"og:image:type\" content=\"image\/jpeg\" \/>\n<meta name=\"author\" content=\"Reda\u00e7\u00e3o\" \/>\n<meta name=\"twitter:card\" content=\"summary_large_image\" \/>\n<meta name=\"twitter:creator\" content=\"@Notibras\" \/>\n<meta name=\"twitter:site\" content=\"@Notibras\" \/>\n<meta name=\"twitter:label1\" content=\"Escrito por\" \/>\n\t<meta name=\"twitter:data1\" content=\"Reda\u00e7\u00e3o\" \/>\n\t<meta name=\"twitter:label2\" content=\"Est. tempo de leitura\" \/>\n\t<meta name=\"twitter:data2\" content=\"5 minutos\" \/>\n<script type=\"application\/ld+json\" class=\"yoast-schema-graph\">{\"@context\":\"https:\/\/schema.org\",\"@graph\":[{\"@type\":\"Article\",\"@id\":\"https:\/\/www.notibras.com\/site\/a-luta-do-egito-para-resgatar-o-protagonismo-perdido\/#article\",\"isPartOf\":{\"@id\":\"https:\/\/www.notibras.com\/site\/a-luta-do-egito-para-resgatar-o-protagonismo-perdido\/\"},\"author\":{\"name\":\"Reda\u00e7\u00e3o\",\"@id\":\"https:\/\/www.notibras.com\/site\/#\/schema\/person\/36ab0979449956132d3e5b517ea76ac8\"},\"headline\":\"A luta do Egito para resgatar o protagonismo perdido\",\"datePublished\":\"2015-01-22T01:34:31+00:00\",\"mainEntityOfPage\":{\"@id\":\"https:\/\/www.notibras.com\/site\/a-luta-do-egito-para-resgatar-o-protagonismo-perdido\/\"},\"wordCount\":1018,\"commentCount\":0,\"publisher\":{\"@id\":\"https:\/\/www.notibras.com\/site\/#organization\"},\"image\":{\"@id\":\"https:\/\/www.notibras.com\/site\/a-luta-do-egito-para-resgatar-o-protagonismo-perdido\/#primaryimage\"},\"thumbnailUrl\":\"https:\/\/www.notibras.com\/site\/wp-content\/uploads\/2015\/01\/Egito-Piramides.jpg\",\"articleSection\":[\"Opina a\u00ed\"],\"inLanguage\":\"pt-BR\",\"potentialAction\":[{\"@type\":\"CommentAction\",\"name\":\"Comment\",\"target\":[\"https:\/\/www.notibras.com\/site\/a-luta-do-egito-para-resgatar-o-protagonismo-perdido\/#respond\"]}]},{\"@type\":\"WebPage\",\"@id\":\"https:\/\/www.notibras.com\/site\/a-luta-do-egito-para-resgatar-o-protagonismo-perdido\/\",\"url\":\"https:\/\/www.notibras.com\/site\/a-luta-do-egito-para-resgatar-o-protagonismo-perdido\/\",\"name\":\"A luta do Egito para resgatar o protagonismo perdido - Notibras\",\"isPartOf\":{\"@id\":\"https:\/\/www.notibras.com\/site\/#website\"},\"primaryImageOfPage\":{\"@id\":\"https:\/\/www.notibras.com\/site\/a-luta-do-egito-para-resgatar-o-protagonismo-perdido\/#primaryimage\"},\"image\":{\"@id\":\"https:\/\/www.notibras.com\/site\/a-luta-do-egito-para-resgatar-o-protagonismo-perdido\/#primaryimage\"},\"thumbnailUrl\":\"https:\/\/www.notibras.com\/site\/wp-content\/uploads\/2015\/01\/Egito-Piramides.jpg\",\"datePublished\":\"2015-01-22T01:34:31+00:00\",\"breadcrumb\":{\"@id\":\"https:\/\/www.notibras.com\/site\/a-luta-do-egito-para-resgatar-o-protagonismo-perdido\/#breadcrumb\"},\"inLanguage\":\"pt-BR\",\"potentialAction\":[{\"@type\":\"ReadAction\",\"target\":[\"https:\/\/www.notibras.com\/site\/a-luta-do-egito-para-resgatar-o-protagonismo-perdido\/\"]}]},{\"@type\":\"ImageObject\",\"inLanguage\":\"pt-BR\",\"@id\":\"https:\/\/www.notibras.com\/site\/a-luta-do-egito-para-resgatar-o-protagonismo-perdido\/#primaryimage\",\"url\":\"https:\/\/www.notibras.com\/site\/wp-content\/uploads\/2015\/01\/Egito-Piramides.jpg\",\"contentUrl\":\"https:\/\/www.notibras.com\/site\/wp-content\/uploads\/2015\/01\/Egito-Piramides.jpg\",\"width\":1600,\"height\":975},{\"@type\":\"BreadcrumbList\",\"@id\":\"https:\/\/www.notibras.com\/site\/a-luta-do-egito-para-resgatar-o-protagonismo-perdido\/#breadcrumb\",\"itemListElement\":[{\"@type\":\"ListItem\",\"position\":1,\"name\":\"In\u00edcio\",\"item\":\"https:\/\/www.notibras.com\/site\/\"},{\"@type\":\"ListItem\",\"position\":2,\"name\":\"A luta do Egito para resgatar o protagonismo perdido\"}]},{\"@type\":\"WebSite\",\"@id\":\"https:\/\/www.notibras.com\/site\/#website\",\"url\":\"https:\/\/www.notibras.com\/site\/\",\"name\":\"Notibras\",\"description\":\"Not\u00edcias de Bras\u00edlia, do Brasil e do Mundo\",\"publisher\":{\"@id\":\"https:\/\/www.notibras.com\/site\/#organization\"},\"potentialAction\":[{\"@type\":\"SearchAction\",\"target\":{\"@type\":\"EntryPoint\",\"urlTemplate\":\"https:\/\/www.notibras.com\/site\/?s={search_term_string}\"},\"query-input\":{\"@type\":\"PropertyValueSpecification\",\"valueRequired\":true,\"valueName\":\"search_term_string\"}}],\"inLanguage\":\"pt-BR\"},{\"@type\":\"Organization\",\"@id\":\"https:\/\/www.notibras.com\/site\/#organization\",\"name\":\"Grupo Notibras de Comunica\u00e7\u00e3o\",\"url\":\"https:\/\/www.notibras.com\/site\/\",\"logo\":{\"@type\":\"ImageObject\",\"inLanguage\":\"pt-BR\",\"@id\":\"https:\/\/www.notibras.com\/site\/#\/schema\/logo\/image\/\",\"url\":\"https:\/\/www.notibras.com\/site\/wp-content\/uploads\/2023\/01\/notibras23.png\",\"contentUrl\":\"https:\/\/www.notibras.com\/site\/wp-content\/uploads\/2023\/01\/notibras23.png\",\"width\":350,\"height\":87,\"caption\":\"Grupo Notibras de Comunica\u00e7\u00e3o\"},\"image\":{\"@id\":\"https:\/\/www.notibras.com\/site\/#\/schema\/logo\/image\/\"},\"sameAs\":[\"https:\/\/www.facebook.com\/notibras\/\",\"https:\/\/x.com\/Notibras\",\"https:\/\/www.instagram.com\/notibras\/\"]},{\"@type\":\"Person\",\"@id\":\"https:\/\/www.notibras.com\/site\/#\/schema\/person\/36ab0979449956132d3e5b517ea76ac8\",\"name\":\"Reda\u00e7\u00e3o\",\"image\":{\"@type\":\"ImageObject\",\"inLanguage\":\"pt-BR\",\"@id\":\"https:\/\/secure.gravatar.com\/avatar\/e0a867bdedb85fd243eadf09663511f96fc81e0720a4a42581f334ad4303aa6b?s=96&d=mm&r=g\",\"url\":\"https:\/\/secure.gravatar.com\/avatar\/e0a867bdedb85fd243eadf09663511f96fc81e0720a4a42581f334ad4303aa6b?s=96&d=mm&r=g\",\"contentUrl\":\"https:\/\/secure.gravatar.com\/avatar\/e0a867bdedb85fd243eadf09663511f96fc81e0720a4a42581f334ad4303aa6b?s=96&d=mm&r=g\",\"caption\":\"Reda\u00e7\u00e3o\"}}]}<\/script>\n<!-- \/ Yoast SEO plugin. -->","yoast_head_json":{"title":"A luta do Egito para resgatar o protagonismo perdido - Notibras","robots":{"index":"index","follow":"follow","max-snippet":"max-snippet:-1","max-image-preview":"max-image-preview:large","max-video-preview":"max-video-preview:-1"},"canonical":"https:\/\/www.notibras.com\/site\/a-luta-do-egito-para-resgatar-o-protagonismo-perdido\/","og_locale":"pt_BR","og_type":"article","og_title":"A luta do Egito para resgatar o protagonismo perdido - Notibras","og_description":"Um Imp\u00e9rio durante milhares de anos, cen\u00e1rio de uma derrota napole\u00f4nica, de uma retirada brit\u00e2nica na II Guerra Mundial e de uma revolu\u00e7\u00e3o antimon\u00e1rquica estremecedora, o Egito trata de recuperar sua condi\u00e7\u00e3o de epicentro pol\u00edtico no Levante. Pa\u00eds imerso em uma guerra de intensidade com grupos isl\u00e2micos que ultrapassaram suas a\u00e7\u00f5es na pen\u00ednsula do Sinai, [&hellip;]","og_url":"https:\/\/www.notibras.com\/site\/a-luta-do-egito-para-resgatar-o-protagonismo-perdido\/","og_site_name":"Notibras","article_publisher":"https:\/\/www.facebook.com\/notibras\/","article_published_time":"2015-01-22T01:34:31+00:00","og_image":[{"width":1600,"height":975,"url":"https:\/\/www.notibras.com\/site\/wp-content\/uploads\/2015\/01\/Egito-Piramides.jpg","type":"image\/jpeg"}],"author":"Reda\u00e7\u00e3o","twitter_card":"summary_large_image","twitter_creator":"@Notibras","twitter_site":"@Notibras","twitter_misc":{"Escrito por":"Reda\u00e7\u00e3o","Est. tempo de leitura":"5 minutos"},"schema":{"@context":"https:\/\/schema.org","@graph":[{"@type":"Article","@id":"https:\/\/www.notibras.com\/site\/a-luta-do-egito-para-resgatar-o-protagonismo-perdido\/#article","isPartOf":{"@id":"https:\/\/www.notibras.com\/site\/a-luta-do-egito-para-resgatar-o-protagonismo-perdido\/"},"author":{"name":"Reda\u00e7\u00e3o","@id":"https:\/\/www.notibras.com\/site\/#\/schema\/person\/36ab0979449956132d3e5b517ea76ac8"},"headline":"A luta do Egito para resgatar o protagonismo perdido","datePublished":"2015-01-22T01:34:31+00:00","mainEntityOfPage":{"@id":"https:\/\/www.notibras.com\/site\/a-luta-do-egito-para-resgatar-o-protagonismo-perdido\/"},"wordCount":1018,"commentCount":0,"publisher":{"@id":"https:\/\/www.notibras.com\/site\/#organization"},"image":{"@id":"https:\/\/www.notibras.com\/site\/a-luta-do-egito-para-resgatar-o-protagonismo-perdido\/#primaryimage"},"thumbnailUrl":"https:\/\/www.notibras.com\/site\/wp-content\/uploads\/2015\/01\/Egito-Piramides.jpg","articleSection":["Opina a\u00ed"],"inLanguage":"pt-BR","potentialAction":[{"@type":"CommentAction","name":"Comment","target":["https:\/\/www.notibras.com\/site\/a-luta-do-egito-para-resgatar-o-protagonismo-perdido\/#respond"]}]},{"@type":"WebPage","@id":"https:\/\/www.notibras.com\/site\/a-luta-do-egito-para-resgatar-o-protagonismo-perdido\/","url":"https:\/\/www.notibras.com\/site\/a-luta-do-egito-para-resgatar-o-protagonismo-perdido\/","name":"A luta do Egito para resgatar o protagonismo perdido - Notibras","isPartOf":{"@id":"https:\/\/www.notibras.com\/site\/#website"},"primaryImageOfPage":{"@id":"https:\/\/www.notibras.com\/site\/a-luta-do-egito-para-resgatar-o-protagonismo-perdido\/#primaryimage"},"image":{"@id":"https:\/\/www.notibras.com\/site\/a-luta-do-egito-para-resgatar-o-protagonismo-perdido\/#primaryimage"},"thumbnailUrl":"https:\/\/www.notibras.com\/site\/wp-content\/uploads\/2015\/01\/Egito-Piramides.jpg","datePublished":"2015-01-22T01:34:31+00:00","breadcrumb":{"@id":"https:\/\/www.notibras.com\/site\/a-luta-do-egito-para-resgatar-o-protagonismo-perdido\/#breadcrumb"},"inLanguage":"pt-BR","potentialAction":[{"@type":"ReadAction","target":["https:\/\/www.notibras.com\/site\/a-luta-do-egito-para-resgatar-o-protagonismo-perdido\/"]}]},{"@type":"ImageObject","inLanguage":"pt-BR","@id":"https:\/\/www.notibras.com\/site\/a-luta-do-egito-para-resgatar-o-protagonismo-perdido\/#primaryimage","url":"https:\/\/www.notibras.com\/site\/wp-content\/uploads\/2015\/01\/Egito-Piramides.jpg","contentUrl":"https:\/\/www.notibras.com\/site\/wp-content\/uploads\/2015\/01\/Egito-Piramides.jpg","width":1600,"height":975},{"@type":"BreadcrumbList","@id":"https:\/\/www.notibras.com\/site\/a-luta-do-egito-para-resgatar-o-protagonismo-perdido\/#breadcrumb","itemListElement":[{"@type":"ListItem","position":1,"name":"In\u00edcio","item":"https:\/\/www.notibras.com\/site\/"},{"@type":"ListItem","position":2,"name":"A luta do Egito para resgatar o protagonismo perdido"}]},{"@type":"WebSite","@id":"https:\/\/www.notibras.com\/site\/#website","url":"https:\/\/www.notibras.com\/site\/","name":"Notibras","description":"Not\u00edcias de Bras\u00edlia, do Brasil e do Mundo","publisher":{"@id":"https:\/\/www.notibras.com\/site\/#organization"},"potentialAction":[{"@type":"SearchAction","target":{"@type":"EntryPoint","urlTemplate":"https:\/\/www.notibras.com\/site\/?s={search_term_string}"},"query-input":{"@type":"PropertyValueSpecification","valueRequired":true,"valueName":"search_term_string"}}],"inLanguage":"pt-BR"},{"@type":"Organization","@id":"https:\/\/www.notibras.com\/site\/#organization","name":"Grupo Notibras de Comunica\u00e7\u00e3o","url":"https:\/\/www.notibras.com\/site\/","logo":{"@type":"ImageObject","inLanguage":"pt-BR","@id":"https:\/\/www.notibras.com\/site\/#\/schema\/logo\/image\/","url":"https:\/\/www.notibras.com\/site\/wp-content\/uploads\/2023\/01\/notibras23.png","contentUrl":"https:\/\/www.notibras.com\/site\/wp-content\/uploads\/2023\/01\/notibras23.png","width":350,"height":87,"caption":"Grupo Notibras de Comunica\u00e7\u00e3o"},"image":{"@id":"https:\/\/www.notibras.com\/site\/#\/schema\/logo\/image\/"},"sameAs":["https:\/\/www.facebook.com\/notibras\/","https:\/\/x.com\/Notibras","https:\/\/www.instagram.com\/notibras\/"]},{"@type":"Person","@id":"https:\/\/www.notibras.com\/site\/#\/schema\/person\/36ab0979449956132d3e5b517ea76ac8","name":"Reda\u00e7\u00e3o","image":{"@type":"ImageObject","inLanguage":"pt-BR","@id":"https:\/\/secure.gravatar.com\/avatar\/e0a867bdedb85fd243eadf09663511f96fc81e0720a4a42581f334ad4303aa6b?s=96&d=mm&r=g","url":"https:\/\/secure.gravatar.com\/avatar\/e0a867bdedb85fd243eadf09663511f96fc81e0720a4a42581f334ad4303aa6b?s=96&d=mm&r=g","contentUrl":"https:\/\/secure.gravatar.com\/avatar\/e0a867bdedb85fd243eadf09663511f96fc81e0720a4a42581f334ad4303aa6b?s=96&d=mm&r=g","caption":"Reda\u00e7\u00e3o"}}]}},"amp_enabled":true,"_links":{"self":[{"href":"https:\/\/www.notibras.com\/site\/wp-json\/wp\/v2\/posts\/34646","targetHints":{"allow":["GET"]}}],"collection":[{"href":"https:\/\/www.notibras.com\/site\/wp-json\/wp\/v2\/posts"}],"about":[{"href":"https:\/\/www.notibras.com\/site\/wp-json\/wp\/v2\/types\/post"}],"author":[{"embeddable":true,"href":"https:\/\/www.notibras.com\/site\/wp-json\/wp\/v2\/users\/2"}],"replies":[{"embeddable":true,"href":"https:\/\/www.notibras.com\/site\/wp-json\/wp\/v2\/comments?post=34646"}],"version-history":[{"count":0,"href":"https:\/\/www.notibras.com\/site\/wp-json\/wp\/v2\/posts\/34646\/revisions"}],"wp:featuredmedia":[{"embeddable":true,"href":"https:\/\/www.notibras.com\/site\/wp-json\/wp\/v2\/media\/34647"}],"wp:attachment":[{"href":"https:\/\/www.notibras.com\/site\/wp-json\/wp\/v2\/media?parent=34646"}],"wp:term":[{"taxonomy":"category","embeddable":true,"href":"https:\/\/www.notibras.com\/site\/wp-json\/wp\/v2\/categories?post=34646"},{"taxonomy":"post_tag","embeddable":true,"href":"https:\/\/www.notibras.com\/site\/wp-json\/wp\/v2\/tags?post=34646"}],"curies":[{"name":"wp","href":"https:\/\/api.w.org\/{rel}","templated":true}]}}