{"id":346473,"date":"2025-01-25T06:56:12","date_gmt":"2025-01-25T09:56:12","guid":{"rendered":"https:\/\/www.notibras.com\/site\/?p=346473"},"modified":"2025-01-25T06:57:34","modified_gmt":"2025-01-25T09:57:34","slug":"nanico-em-pernambuco-pt-vira-apendice-do-psb","status":"publish","type":"post","link":"https:\/\/www.notibras.com\/site\/nanico-em-pernambuco-pt-vira-apendice-do-psb\/","title":{"rendered":"Nanico em Pernambuco, PT vira ap\u00eandice do PSB"},"content":{"rendered":"<p>A defesa de um apoio incondicional do partido \u00e0s aspira\u00e7\u00f5es do prefeito do Recife, Jo\u00e3o Campos (PSB) de suceder em 2026 a governadora Raquel Lyra (PSDB), feita pelo Diret\u00f3rio Municipal com o apoio da senadora Teresa Leit\u00e3o, est\u00e1 levando a um racha com o Diret\u00f3rio Estadual do PT, cujos integrantes veem nesse apoio uma tentativa de transformar o PT pernambucano em sublegenda do PSB.<\/p>\n<p>O clima esquentou ap\u00f3s uma entrevista do presidente do Diret\u00f3rio do Recife, Cirilo Mota, que afirmou ao <em>Jornal do<\/em> <em>Commercio<\/em> n\u00e3o ter d\u00favidas de que o partido continuar\u00e1 caminhando ao lado de Jo\u00e3o Campos para as elei\u00e7\u00f5es de 2026, por uma quest\u00e3o nacional.<\/p>\n<p>\u201cOlha, uma coisa que eu posso prever, \u00e9 que o PT continua na Frente Popular. Jo\u00e3o Campos vai ser presidente nacional do PSB, o vice hoje de Lula \u00e9 Alckmin do PSB, Qual a d\u00favida que se resta pra dizer que a gente est\u00e1 na frente popular de Pernambuco junto com o PSB? Nenhuma\u201d, afirmou.<\/p>\n<p>A rea\u00e7\u00e3o do senador Humberto Costa, principal lideran\u00e7a do partido em Pernambuco, foi imediata: &#8220;Ningu\u00e9m, nem eu como senador, nem o presidente do diret\u00f3rio municipal do Recife, tem essa autoridade para dizer qual vai ser a posi\u00e7\u00e3o do PT. [\u2026] Quem decide a posi\u00e7\u00e3o estadual do PT n\u00e3o \u00e9 o diret\u00f3rio municipal de Recife ou de qualquer outro munic\u00edpio, mas \u00e9 o diret\u00f3rio estadual do PT\u201d, disse.<\/p>\n<p>\u201cN\u00f3s temos em Pernambuco 184 munic\u00edpios, ent\u00e3o n\u00f3s n\u00e3o podemos nos pautar pela prefeitura do Recife numa rela\u00e7\u00e3o pol\u00edtica de debate em torno dos problemas de Pernambuco\u201d, completou o presidente do PT pernambucano, deputado estadual Doriel Barros, para quem o partido n\u00e3o pode se pautar pelo Recife para debater os interesses e os problemas do estado.<\/p>\n<p>As cr\u00edticas de Costa e de Barros tamb\u00e9m tinham endere\u00e7o certo, a senadora Teresa Leit\u00e3o. Em entrevista \u00e0 R\u00e1dio Folha, ela reafirmou oposi\u00e7\u00e3o \u00e0 Raquel Lyra, mas ressalvou que essa responsabilidade cabe \u00e0 bancada do partido na Assembleia Legislativa. \u201cQuem deve fazer oposi\u00e7\u00e3o a Raquel n\u00e3o sou eu no Senado Federal, mas o PT na Assembleia Legislativa\u201d, disse.<\/p>\n<p>Teresa Leit\u00e3o afirmou ainda que Jo\u00e3o Campos seria candidato do PT, se as elei\u00e7\u00f5es fossem hoje. Para a senadora, mesmo se Raquel Lyra estivesse em um partido de base do PT, o PSB seria priorizado, por ser o partido do vice-presidente Geraldo Alckmin.<\/p>\n<p>O problema \u00e9 que a senadora se esqueceu de combinar com o lateral, como na hist\u00f3ria do futebol, e no caso a bancada de deputados estaduais, que ela citou. Enquanto ela mant\u00e9m oposi\u00e7\u00e3o ao governo do estado e se agarra na candidatura de Jo\u00e3o Campos para derrotar Raquel Lyra em 2026, os deputados estaduais j\u00e1 est\u00e3o remando em sentido contr\u00e1rio, na dire\u00e7\u00e3o da governadora.<\/p>\n<p>Ex-prefeito do Recife e l\u00edder da bancada do PT na Assembleia Legislativa, o deputado Jo\u00e3o Paulo lidera uma corrente de parlamentares estaduais que pretendem aderir \u00e0 governadora Raquel Lyra. E argumentos n\u00e3o faltam para isso, como o distanciamento que o prefeito Jo\u00e3o Campos imp\u00f4s ao partido, alijado de sua candidatura e nomeando para a sua administra\u00e7\u00e3o petistas sem anu\u00eancia da dire\u00e7\u00e3o do partido, \u00e0 pr\u00e1tica de a\u00e7\u00f5es e defesa do governo Lula que a governadora tem exercitado em Pernambuco.<\/p>\n<p>De acordo com Jo\u00e3o Paulo, o PT j\u00e1 n\u00e3o se encontra em posi\u00e7\u00e3o pr\u00e1tica de oposi\u00e7\u00e3o \u00e0 governadora, n\u00e3o restando raz\u00e3o para uma manuten\u00e7\u00e3o da posi\u00e7\u00e3o estabelecida para a bancada.<\/p>\n<p>\u201cH\u00e1 uma tend\u00eancia do PT mudar a posi\u00e7\u00e3o, sair da oposi\u00e7\u00e3o, que n\u00e3o est\u00e1 fazendo, nem o governo Lula, nem os ministros, nem os dois senadores, nem o deputado federal, e muito menos a bancada estadual. Aquela decis\u00e3o de oposi\u00e7\u00e3o foi em uma conjuntura, terminada a elei\u00e7\u00e3o, que foi bastante acirrada. O pr\u00f3prio ministro Rui Costa j\u00e1 disse que ela (a governadora)era da base, ent\u00e3o no m\u00ednimo, o partido deveria rever a condi\u00e7\u00e3o de oposi\u00e7\u00e3o\u201d, disse, em entrevista ao Jornal do Commercio.<\/p>\n<p>A posi\u00e7\u00e3o de Jo\u00e3o Paulo tamb\u00e9m \u00e9 compartilhada por Doriel Barros. Em entrevista ao mesmo jornal, ele afirmou que a posi\u00e7\u00e3o inicial de oposi\u00e7\u00e3o, estabelecida pelo PT, j\u00e1 n\u00e3o reflete a rela\u00e7\u00e3o atual entre a governadora e o governo federal.<\/p>\n","protected":false},"excerpt":{"rendered":"<p>A defesa de um apoio incondicional do partido \u00e0s aspira\u00e7\u00f5es do prefeito do Recife, Jo\u00e3o Campos (PSB) de suceder em 2026 a governadora Raquel Lyra (PSDB), feita pelo Diret\u00f3rio Municipal com o apoio da senadora Teresa Leit\u00e3o, est\u00e1 levando a um racha com o Diret\u00f3rio Estadual do PT, cujos integrantes veem nesse apoio uma tentativa [&hellip;]<\/p>\n","protected":false},"author":2,"featured_media":346474,"comment_status":"closed","ping_status":"closed","sticky":false,"template":"","format":"standard","meta":{"_acf_changed":false,"footnotes":""},"categories":[165],"tags":[],"class_list":["post-346473","post","type-post","status-publish","format-standard","has-post-thumbnail","hentry","category-nordeste"],"acf":[],"_links":{"self":[{"href":"https:\/\/www.notibras.com\/site\/wp-json\/wp\/v2\/posts\/346473","targetHints":{"allow":["GET"]}}],"collection":[{"href":"https:\/\/www.notibras.com\/site\/wp-json\/wp\/v2\/posts"}],"about":[{"href":"https:\/\/www.notibras.com\/site\/wp-json\/wp\/v2\/types\/post"}],"author":[{"embeddable":true,"href":"https:\/\/www.notibras.com\/site\/wp-json\/wp\/v2\/users\/2"}],"replies":[{"embeddable":true,"href":"https:\/\/www.notibras.com\/site\/wp-json\/wp\/v2\/comments?post=346473"}],"version-history":[{"count":2,"href":"https:\/\/www.notibras.com\/site\/wp-json\/wp\/v2\/posts\/346473\/revisions"}],"predecessor-version":[{"id":346476,"href":"https:\/\/www.notibras.com\/site\/wp-json\/wp\/v2\/posts\/346473\/revisions\/346476"}],"wp:featuredmedia":[{"embeddable":true,"href":"https:\/\/www.notibras.com\/site\/wp-json\/wp\/v2\/media\/346474"}],"wp:attachment":[{"href":"https:\/\/www.notibras.com\/site\/wp-json\/wp\/v2\/media?parent=346473"}],"wp:term":[{"taxonomy":"category","embeddable":true,"href":"https:\/\/www.notibras.com\/site\/wp-json\/wp\/v2\/categories?post=346473"},{"taxonomy":"post_tag","embeddable":true,"href":"https:\/\/www.notibras.com\/site\/wp-json\/wp\/v2\/tags?post=346473"}],"curies":[{"name":"wp","href":"https:\/\/api.w.org\/{rel}","templated":true}]}}