{"id":346484,"date":"2025-01-26T05:39:44","date_gmt":"2025-01-26T08:39:44","guid":{"rendered":"https:\/\/www.notibras.com\/site\/?p=346484"},"modified":"2025-01-26T05:43:26","modified_gmt":"2025-01-26T08:43:26","slug":"olavo-antes-de-morrer-bem-definiu-complexo-de-vira-lata-do-brasileiro","status":"publish","type":"post","link":"https:\/\/www.notibras.com\/site\/olavo-antes-de-morrer-bem-definiu-complexo-de-vira-lata-do-brasileiro\/","title":{"rendered":"Olavo, antes de morrer, bem definiu complexo de vira-lata do brasileiro"},"content":{"rendered":"<p>Triste de um pa\u00eds em que parte de seu povo, natural e explicitamente estimulada por pol\u00edticos sem b\u00fassola e l\u00edderes sem escr\u00fapulos, prefere a idolatria e a subservi\u00eancia ao patriotismo honesto e verdadeiro. Pois o Brasil tem vivido esses dois rasos sentimentos desde que um desses recrutas da hipocrisia decidiu endeusar algu\u00e9m que, no m\u00e1ximo, deveria ser visto como um s\u00edmbolo de inspira\u00e7\u00e3o. O simbolismo desse algu\u00e9m, cujas divisas chegaram a ensejar uma nova na\u00e7\u00e3o, virou poeira e hoje sequer se sustenta nas ins\u00edgnias que um dia o transformaram em mito. A direita e a esquerda democratas agradecem.<\/p>\n<p>Foi-se o astro, mas ficaram os figurantes. Sem pr\u00e9-julgamentos, \u00e9 claro que o direito \u00e0 liberdade de express\u00e3o tem de ser estendido ao da adora\u00e7\u00e3o. Pelo menos no Brasil, o problema \u00e9 que a parte a que me refiro transformou idolatria a um em persegui\u00e7\u00e3o a outro. O c\u00famulo de tudo isso \u00e9 a ca\u00e7ada n\u00e3o dispensar nem mesmo os que, sem adora\u00e7\u00e3o ou por exclus\u00e3o, preferem (ou j\u00e1 preferiram) o que eles detestam. \u00c9 o modus vivendi de uma parcela da popula\u00e7\u00e3o brasileira que ama distorcer a vis\u00e3o sobre a realidade. S\u00e3o aqueles que iniciam o est\u00edmulo \u00e0 idolatria pelo espelho.<\/p>\n<p>Para quem nesses \u00faltimos anos j\u00e1 viu o ser humano amar a Deus e ao Diabo na mesma ora\u00e7\u00e3o, narrar a inusitada reuni\u00e3o de adeptos de uma rec\u00e9m-exterminada seita pol\u00edtica cantando o Hino Nacional para pneus n\u00e3o agradaria nenhum roteirista de Hollywood. O que talvez gerasse ensaios, document\u00e1rios opulentos e at\u00e9 longas-metragens \u00e9 a expl\u00edcita e destrambelhada submiss\u00e3o de determinados grupos pol\u00edticos ao novo presidente dos Estados Unidos. Ainda que sem convites, nossas soberbas direita e extrema-direita se imaginaram representando o Brasil na posse do poderoso Donald Trump. O fato de nenhum deles ter entrado no local da solenidade significa que n\u00e3o houve representa\u00e7\u00e3o alguma.<\/p>\n<p>Ou seja, n\u00e3o passaram de fur\u00f5es e intrusos congelados no meio-fio. Pior do que isso: confirmam nosso complexo de vira-lata, tese que define a inferioridade com a qual nos colocamos diante do resto do mundo. E da\u00ed? Eles estavam em Washington, o que prova que a idolatria \u00e9 uma necessidade humana por admirar o poder e o sucesso. Uma pena, mas \u00e9 o nome do Brasil e dos brasileiros coerentes colocado no mesmo balaio dos que cada vez mais s\u00e3o capazes de crer em um Deus invis\u00edvel. Eu n\u00e3o tenho \u00eddolos. Tenho admira\u00e7\u00e3o por trabalho, dedica\u00e7\u00e3o, honestidade e compet\u00eancia. Por isso, da mesma forma que elogio todos que se antecipam ao pensamento alheio, reconhe\u00e7o a for\u00e7a de Trump na geopol\u00edtica mundial. A for\u00e7a, mas n\u00e3o a forma como decide contra os semelhantes.<\/p>\n<p>Ali\u00e1s, seria bom que o mais corajoso de seus colaboradores tentasse, por meio de um embargo auricular, inform\u00e1-lo que normalmente a idolatria leva o ser humano ao estado terminal de consci\u00eancia. Eis a raz\u00e3o pela qual, em todos os cantos do mundo, o povo hoje idolatra um, amanh\u00e3 qualquer outro. E assim continuam na imbecilidade os id\u00f3latras do modismo. N\u00e3o \u00e0 toa, a venera\u00e7\u00e3o gera subservi\u00eancia cega, que \u00e9 a filha predileta da ignor\u00e2ncia. Considerando que a subservi\u00eancia um dia pode virar tumor, sugiro aos aliados brasileiros do trumpismo que repensem o culto \u00e0 figura do garboso, autocrata e xen\u00f3fobo presidente republicano. Afinal, foi ele quem os fez passar por um perrengue internacionalmente comentado.<\/p>\n<p>Sempre que puderem, lembrem-se de que Donald Trump n\u00e3o \u00e9 um Deus. Pelo contr\u00e1rio. Com o poder de que disp\u00f5e, o mandat\u00e1rio republicano pode at\u00e9 se autoperdoar, como fez com os v\u00e2ndalos que invadiram e quebraram o Capit\u00f3lio em 6 de janeiro de 2021, algo como o nosso 8 de janeiro de 2023. O que Trump n\u00e3o pode esconder \u00e9 a pecha de primeiro presidente com d\u00edvidas elevadas com a Justi\u00e7a norte-americana, decorrentes de um farto e pesado elenco de falcatruas. Isso \u00e9 apenas um detalhe para os bajuladores nacionais que l\u00e1 estiveram e foram literalmente esquecidos na rua. Contraditoriamente, a frase que melhor define o id\u00f3latra \u00e9 do ensa\u00edsta Olavo de Carvalho, ainda hoje um pr\u00f3cer do conservadorismo: \u201cO povo brasileiro \u00e9 o mais covarde, imbecil e subserviente do Universo\u201d. Embora o ignore, assino embaixo.<\/p>\n<p>&#8230;&#8230;&#8230;&#8230;&#8230;&#8230;&#8230;&#8230;..<\/p>\n<p><strong>*Armando Cardoso \u00e9 presidente do Conselho Editorial de Notibras<\/strong><\/p>\n","protected":false},"excerpt":{"rendered":"<p>Triste de um pa\u00eds em que parte de seu povo, natural e explicitamente estimulada por pol\u00edticos sem b\u00fassola e l\u00edderes sem escr\u00fapulos, prefere a idolatria e a subservi\u00eancia ao patriotismo honesto e verdadeiro. Pois o Brasil tem vivido esses dois rasos sentimentos desde que um desses recrutas da hipocrisia decidiu endeusar algu\u00e9m que, no m\u00e1ximo, [&hellip;]<\/p>\n","protected":false},"author":2,"featured_media":196081,"comment_status":"closed","ping_status":"closed","sticky":false,"template":"","format":"standard","meta":{"_acf_changed":false,"footnotes":""},"categories":[16],"tags":[95],"class_list":["post-346484","post","type-post","status-publish","format-standard","has-post-thumbnail","hentry","category-brasil","tag-capa"],"acf":[],"_links":{"self":[{"href":"https:\/\/www.notibras.com\/site\/wp-json\/wp\/v2\/posts\/346484","targetHints":{"allow":["GET"]}}],"collection":[{"href":"https:\/\/www.notibras.com\/site\/wp-json\/wp\/v2\/posts"}],"about":[{"href":"https:\/\/www.notibras.com\/site\/wp-json\/wp\/v2\/types\/post"}],"author":[{"embeddable":true,"href":"https:\/\/www.notibras.com\/site\/wp-json\/wp\/v2\/users\/2"}],"replies":[{"embeddable":true,"href":"https:\/\/www.notibras.com\/site\/wp-json\/wp\/v2\/comments?post=346484"}],"version-history":[{"count":4,"href":"https:\/\/www.notibras.com\/site\/wp-json\/wp\/v2\/posts\/346484\/revisions"}],"predecessor-version":[{"id":346488,"href":"https:\/\/www.notibras.com\/site\/wp-json\/wp\/v2\/posts\/346484\/revisions\/346488"}],"wp:featuredmedia":[{"embeddable":true,"href":"https:\/\/www.notibras.com\/site\/wp-json\/wp\/v2\/media\/196081"}],"wp:attachment":[{"href":"https:\/\/www.notibras.com\/site\/wp-json\/wp\/v2\/media?parent=346484"}],"wp:term":[{"taxonomy":"category","embeddable":true,"href":"https:\/\/www.notibras.com\/site\/wp-json\/wp\/v2\/categories?post=346484"},{"taxonomy":"post_tag","embeddable":true,"href":"https:\/\/www.notibras.com\/site\/wp-json\/wp\/v2\/tags?post=346484"}],"curies":[{"name":"wp","href":"https:\/\/api.w.org\/{rel}","templated":true}]}}