{"id":34650,"date":"2015-01-21T16:56:57","date_gmt":"2015-01-21T19:56:57","guid":{"rendered":"http:\/\/www.notibras.com\/site\/?p=34650"},"modified":"2015-01-22T11:05:14","modified_gmt":"2015-01-22T14:05:14","slug":"supremo-aceita-delacao-de-youssef-e-elo-com-politicos-fica-mais-apertado","status":"publish","type":"post","link":"https:\/\/www.notibras.com\/site\/supremo-aceita-delacao-de-youssef-e-elo-com-politicos-fica-mais-apertado\/","title":{"rendered":"Supremo aceita dela\u00e7\u00e3o de Youssef e elo com pol\u00edticos fica mais apertado"},"content":{"rendered":"<p>Ao homologar o acordo de dela\u00e7\u00e3o premiada de Alberto Youssef, o ministro do Supremo Tribunal Federal, Teori Zavascki, destacou que h\u00e1 ind\u00edcio de envolvimento &#8220;de v\u00e1rias autoridades detentoras de prerrogativa de foro perante tribunais superiores, inclusive de parlamentares federais&#8221;. s informa\u00e7\u00f5es s\u00e3o do jornal O Estado de s.Paulo.<\/p>\n<p>&#8220;Dos documentos juntados com o pedido \u00e9 poss\u00edvel constatar que, efetivamente, h\u00e1 elementos indicativos, a partir dos termos do depoimento, de poss\u00edvel envolvimento de v\u00e1rias autoridades detentoras de prerrogativa de foro perante tribunais superiores, inclusive de parlamentares federais, o que atrai a compet\u00eancia do Supremo Tribunal Federal&#8221;, assinala o ministro, em despacho de 19 de dezembro de 2014.<\/p>\n<blockquote><p>Os termos do acordo de dela\u00e7\u00e3o do doleiro, alvo principal da Opera\u00e7\u00e3o Lava Jato e que liderou o esquema de lavagem de cerca de R$ 10 bilh\u00f5es e desvios de dinheiro envolvendo fundos de pens\u00e3o, obras espalhadas pelo Pa\u00eds e, sobretudo, a Petrobras, foram anexados pelo juiz federal S\u00e9rgio Moro aos autos da Lava Jato a pedido da defesa de Youssef.<\/p><\/blockquote>\n<p>Nos termos da colabora\u00e7\u00e3o firmada com o Minist\u00e9rio P\u00fablico Federal, o doleiro aceitou cumprir uma pena m\u00ednima de tr\u00eas anos e n\u00e3o superior a cinco anos a partir da assinatura do acordo. Al\u00e9m disso, caso sua pena nas a\u00e7\u00f5es penais nas quais j\u00e1 \u00e9 r\u00e9u ou nas que ainda possam surgir contra ele somem 30 anos de pris\u00e3o, todos os processos e inqu\u00e9ritos policiais contra Youssef ser\u00e3o suspensos por um per\u00edodo de dez anos.<\/p>\n","protected":false},"excerpt":{"rendered":"<p>Ao homologar o acordo de dela\u00e7\u00e3o premiada de Alberto Youssef, o ministro do Supremo Tribunal Federal, Teori Zavascki, destacou que h\u00e1 ind\u00edcio de envolvimento &#8220;de v\u00e1rias autoridades detentoras de prerrogativa de foro perante tribunais superiores, inclusive de parlamentares federais&#8221;. s informa\u00e7\u00f5es s\u00e3o do jornal O Estado de s.Paulo. &#8220;Dos documentos juntados com o pedido \u00e9 [&hellip;]<\/p>\n","protected":false},"author":2,"featured_media":34651,"comment_status":"open","ping_status":"closed","sticky":false,"template":"","format":"standard","meta":{"_acf_changed":false,"footnotes":""},"categories":[16],"tags":[],"class_list":["post-34650","post","type-post","status-publish","format-standard","has-post-thumbnail","hentry","category-brasil"],"acf":[],"yoast_head":"<!-- This site is optimized with the Yoast SEO plugin v27.2 - https:\/\/yoast.com\/product\/yoast-seo-wordpress\/ -->\n<title>Supremo aceita dela\u00e7\u00e3o de Youssef e elo com pol\u00edticos fica mais apertado - Notibras<\/title>\n<meta name=\"robots\" content=\"index, follow, max-snippet:-1, max-image-preview:large, max-video-preview:-1\" \/>\n<link rel=\"canonical\" href=\"https:\/\/www.notibras.com\/site\/supremo-aceita-delacao-de-youssef-e-elo-com-politicos-fica-mais-apertado\/\" \/>\n<meta property=\"og:locale\" content=\"pt_BR\" \/>\n<meta property=\"og:type\" content=\"article\" \/>\n<meta property=\"og:title\" content=\"Supremo aceita dela\u00e7\u00e3o de Youssef e elo com pol\u00edticos fica mais apertado - Notibras\" \/>\n<meta property=\"og:description\" content=\"Ao homologar o acordo de dela\u00e7\u00e3o premiada de Alberto Youssef, o ministro do Supremo Tribunal Federal, Teori Zavascki, destacou que h\u00e1 ind\u00edcio de envolvimento &#8220;de v\u00e1rias autoridades detentoras de prerrogativa de foro perante tribunais superiores, inclusive de parlamentares federais&#8221;. s informa\u00e7\u00f5es s\u00e3o do jornal O Estado de s.Paulo. &#8220;Dos documentos juntados com o pedido \u00e9 [&hellip;]\" \/>\n<meta property=\"og:url\" content=\"https:\/\/www.notibras.com\/site\/supremo-aceita-delacao-de-youssef-e-elo-com-politicos-fica-mais-apertado\/\" \/>\n<meta property=\"og:site_name\" content=\"Notibras\" \/>\n<meta property=\"article:publisher\" content=\"https:\/\/www.facebook.com\/notibras\/\" \/>\n<meta property=\"article:published_time\" content=\"2015-01-21T19:56:57+00:00\" \/>\n<meta property=\"article:modified_time\" content=\"2015-01-22T14:05:14+00:00\" \/>\n<meta property=\"og:image\" content=\"https:\/\/www.notibras.com\/site\/wp-content\/uploads\/2015\/01\/94146_697x437_crop_544e98a7e6cc2.jpg\" \/>\n\t<meta property=\"og:image:width\" content=\"697\" \/>\n\t<meta property=\"og:image:height\" content=\"437\" \/>\n\t<meta property=\"og:image:type\" content=\"image\/jpeg\" \/>\n<meta name=\"author\" content=\"Reda\u00e7\u00e3o\" \/>\n<meta name=\"twitter:card\" content=\"summary_large_image\" \/>\n<meta name=\"twitter:creator\" content=\"@Notibras\" \/>\n<meta name=\"twitter:site\" content=\"@Notibras\" \/>\n<meta name=\"twitter:label1\" content=\"Escrito por\" \/>\n\t<meta name=\"twitter:data1\" content=\"Reda\u00e7\u00e3o\" \/>\n\t<meta name=\"twitter:label2\" content=\"Est. tempo de leitura\" \/>\n\t<meta name=\"twitter:data2\" content=\"1 minuto\" \/>\n<script type=\"application\/ld+json\" class=\"yoast-schema-graph\">{\"@context\":\"https:\/\/schema.org\",\"@graph\":[{\"@type\":\"Article\",\"@id\":\"https:\/\/www.notibras.com\/site\/supremo-aceita-delacao-de-youssef-e-elo-com-politicos-fica-mais-apertado\/#article\",\"isPartOf\":{\"@id\":\"https:\/\/www.notibras.com\/site\/supremo-aceita-delacao-de-youssef-e-elo-com-politicos-fica-mais-apertado\/\"},\"author\":{\"name\":\"Reda\u00e7\u00e3o\",\"@id\":\"https:\/\/www.notibras.com\/site\/#\/schema\/person\/36ab0979449956132d3e5b517ea76ac8\"},\"headline\":\"Supremo aceita dela\u00e7\u00e3o de Youssef e elo com pol\u00edticos fica mais apertado\",\"datePublished\":\"2015-01-21T19:56:57+00:00\",\"dateModified\":\"2015-01-22T14:05:14+00:00\",\"mainEntityOfPage\":{\"@id\":\"https:\/\/www.notibras.com\/site\/supremo-aceita-delacao-de-youssef-e-elo-com-politicos-fica-mais-apertado\/\"},\"wordCount\":278,\"commentCount\":0,\"publisher\":{\"@id\":\"https:\/\/www.notibras.com\/site\/#organization\"},\"image\":{\"@id\":\"https:\/\/www.notibras.com\/site\/supremo-aceita-delacao-de-youssef-e-elo-com-politicos-fica-mais-apertado\/#primaryimage\"},\"thumbnailUrl\":\"https:\/\/www.notibras.com\/site\/wp-content\/uploads\/2015\/01\/94146_697x437_crop_544e98a7e6cc2.jpg\",\"articleSection\":[\"Brasil\"],\"inLanguage\":\"pt-BR\",\"potentialAction\":[{\"@type\":\"CommentAction\",\"name\":\"Comment\",\"target\":[\"https:\/\/www.notibras.com\/site\/supremo-aceita-delacao-de-youssef-e-elo-com-politicos-fica-mais-apertado\/#respond\"]}]},{\"@type\":\"WebPage\",\"@id\":\"https:\/\/www.notibras.com\/site\/supremo-aceita-delacao-de-youssef-e-elo-com-politicos-fica-mais-apertado\/\",\"url\":\"https:\/\/www.notibras.com\/site\/supremo-aceita-delacao-de-youssef-e-elo-com-politicos-fica-mais-apertado\/\",\"name\":\"Supremo aceita dela\u00e7\u00e3o de Youssef e elo com pol\u00edticos fica mais apertado - Notibras\",\"isPartOf\":{\"@id\":\"https:\/\/www.notibras.com\/site\/#website\"},\"primaryImageOfPage\":{\"@id\":\"https:\/\/www.notibras.com\/site\/supremo-aceita-delacao-de-youssef-e-elo-com-politicos-fica-mais-apertado\/#primaryimage\"},\"image\":{\"@id\":\"https:\/\/www.notibras.com\/site\/supremo-aceita-delacao-de-youssef-e-elo-com-politicos-fica-mais-apertado\/#primaryimage\"},\"thumbnailUrl\":\"https:\/\/www.notibras.com\/site\/wp-content\/uploads\/2015\/01\/94146_697x437_crop_544e98a7e6cc2.jpg\",\"datePublished\":\"2015-01-21T19:56:57+00:00\",\"dateModified\":\"2015-01-22T14:05:14+00:00\",\"breadcrumb\":{\"@id\":\"https:\/\/www.notibras.com\/site\/supremo-aceita-delacao-de-youssef-e-elo-com-politicos-fica-mais-apertado\/#breadcrumb\"},\"inLanguage\":\"pt-BR\",\"potentialAction\":[{\"@type\":\"ReadAction\",\"target\":[\"https:\/\/www.notibras.com\/site\/supremo-aceita-delacao-de-youssef-e-elo-com-politicos-fica-mais-apertado\/\"]}]},{\"@type\":\"ImageObject\",\"inLanguage\":\"pt-BR\",\"@id\":\"https:\/\/www.notibras.com\/site\/supremo-aceita-delacao-de-youssef-e-elo-com-politicos-fica-mais-apertado\/#primaryimage\",\"url\":\"https:\/\/www.notibras.com\/site\/wp-content\/uploads\/2015\/01\/94146_697x437_crop_544e98a7e6cc2.jpg\",\"contentUrl\":\"https:\/\/www.notibras.com\/site\/wp-content\/uploads\/2015\/01\/94146_697x437_crop_544e98a7e6cc2.jpg\",\"width\":697,\"height\":437},{\"@type\":\"BreadcrumbList\",\"@id\":\"https:\/\/www.notibras.com\/site\/supremo-aceita-delacao-de-youssef-e-elo-com-politicos-fica-mais-apertado\/#breadcrumb\",\"itemListElement\":[{\"@type\":\"ListItem\",\"position\":1,\"name\":\"In\u00edcio\",\"item\":\"https:\/\/www.notibras.com\/site\/\"},{\"@type\":\"ListItem\",\"position\":2,\"name\":\"Supremo aceita dela\u00e7\u00e3o de Youssef e elo com pol\u00edticos fica mais apertado\"}]},{\"@type\":\"WebSite\",\"@id\":\"https:\/\/www.notibras.com\/site\/#website\",\"url\":\"https:\/\/www.notibras.com\/site\/\",\"name\":\"Notibras\",\"description\":\"Not\u00edcias de Bras\u00edlia, do Brasil e do Mundo\",\"publisher\":{\"@id\":\"https:\/\/www.notibras.com\/site\/#organization\"},\"potentialAction\":[{\"@type\":\"SearchAction\",\"target\":{\"@type\":\"EntryPoint\",\"urlTemplate\":\"https:\/\/www.notibras.com\/site\/?s={search_term_string}\"},\"query-input\":{\"@type\":\"PropertyValueSpecification\",\"valueRequired\":true,\"valueName\":\"search_term_string\"}}],\"inLanguage\":\"pt-BR\"},{\"@type\":\"Organization\",\"@id\":\"https:\/\/www.notibras.com\/site\/#organization\",\"name\":\"Grupo Notibras de Comunica\u00e7\u00e3o\",\"url\":\"https:\/\/www.notibras.com\/site\/\",\"logo\":{\"@type\":\"ImageObject\",\"inLanguage\":\"pt-BR\",\"@id\":\"https:\/\/www.notibras.com\/site\/#\/schema\/logo\/image\/\",\"url\":\"https:\/\/www.notibras.com\/site\/wp-content\/uploads\/2023\/01\/notibras23.png\",\"contentUrl\":\"https:\/\/www.notibras.com\/site\/wp-content\/uploads\/2023\/01\/notibras23.png\",\"width\":350,\"height\":87,\"caption\":\"Grupo Notibras de Comunica\u00e7\u00e3o\"},\"image\":{\"@id\":\"https:\/\/www.notibras.com\/site\/#\/schema\/logo\/image\/\"},\"sameAs\":[\"https:\/\/www.facebook.com\/notibras\/\",\"https:\/\/x.com\/Notibras\",\"https:\/\/www.instagram.com\/notibras\/\"]},{\"@type\":\"Person\",\"@id\":\"https:\/\/www.notibras.com\/site\/#\/schema\/person\/36ab0979449956132d3e5b517ea76ac8\",\"name\":\"Reda\u00e7\u00e3o\",\"image\":{\"@type\":\"ImageObject\",\"inLanguage\":\"pt-BR\",\"@id\":\"https:\/\/secure.gravatar.com\/avatar\/e0a867bdedb85fd243eadf09663511f96fc81e0720a4a42581f334ad4303aa6b?s=96&d=mm&r=g\",\"url\":\"https:\/\/secure.gravatar.com\/avatar\/e0a867bdedb85fd243eadf09663511f96fc81e0720a4a42581f334ad4303aa6b?s=96&d=mm&r=g\",\"contentUrl\":\"https:\/\/secure.gravatar.com\/avatar\/e0a867bdedb85fd243eadf09663511f96fc81e0720a4a42581f334ad4303aa6b?s=96&d=mm&r=g\",\"caption\":\"Reda\u00e7\u00e3o\"}}]}<\/script>\n<!-- \/ Yoast SEO plugin. -->","yoast_head_json":{"title":"Supremo aceita dela\u00e7\u00e3o de Youssef e elo com pol\u00edticos fica mais apertado - Notibras","robots":{"index":"index","follow":"follow","max-snippet":"max-snippet:-1","max-image-preview":"max-image-preview:large","max-video-preview":"max-video-preview:-1"},"canonical":"https:\/\/www.notibras.com\/site\/supremo-aceita-delacao-de-youssef-e-elo-com-politicos-fica-mais-apertado\/","og_locale":"pt_BR","og_type":"article","og_title":"Supremo aceita dela\u00e7\u00e3o de Youssef e elo com pol\u00edticos fica mais apertado - Notibras","og_description":"Ao homologar o acordo de dela\u00e7\u00e3o premiada de Alberto Youssef, o ministro do Supremo Tribunal Federal, Teori Zavascki, destacou que h\u00e1 ind\u00edcio de envolvimento &#8220;de v\u00e1rias autoridades detentoras de prerrogativa de foro perante tribunais superiores, inclusive de parlamentares federais&#8221;. s informa\u00e7\u00f5es s\u00e3o do jornal O Estado de s.Paulo. &#8220;Dos documentos juntados com o pedido \u00e9 [&hellip;]","og_url":"https:\/\/www.notibras.com\/site\/supremo-aceita-delacao-de-youssef-e-elo-com-politicos-fica-mais-apertado\/","og_site_name":"Notibras","article_publisher":"https:\/\/www.facebook.com\/notibras\/","article_published_time":"2015-01-21T19:56:57+00:00","article_modified_time":"2015-01-22T14:05:14+00:00","og_image":[{"width":697,"height":437,"url":"https:\/\/www.notibras.com\/site\/wp-content\/uploads\/2015\/01\/94146_697x437_crop_544e98a7e6cc2.jpg","type":"image\/jpeg"}],"author":"Reda\u00e7\u00e3o","twitter_card":"summary_large_image","twitter_creator":"@Notibras","twitter_site":"@Notibras","twitter_misc":{"Escrito por":"Reda\u00e7\u00e3o","Est. tempo de leitura":"1 minuto"},"schema":{"@context":"https:\/\/schema.org","@graph":[{"@type":"Article","@id":"https:\/\/www.notibras.com\/site\/supremo-aceita-delacao-de-youssef-e-elo-com-politicos-fica-mais-apertado\/#article","isPartOf":{"@id":"https:\/\/www.notibras.com\/site\/supremo-aceita-delacao-de-youssef-e-elo-com-politicos-fica-mais-apertado\/"},"author":{"name":"Reda\u00e7\u00e3o","@id":"https:\/\/www.notibras.com\/site\/#\/schema\/person\/36ab0979449956132d3e5b517ea76ac8"},"headline":"Supremo aceita dela\u00e7\u00e3o de Youssef e elo com pol\u00edticos fica mais apertado","datePublished":"2015-01-21T19:56:57+00:00","dateModified":"2015-01-22T14:05:14+00:00","mainEntityOfPage":{"@id":"https:\/\/www.notibras.com\/site\/supremo-aceita-delacao-de-youssef-e-elo-com-politicos-fica-mais-apertado\/"},"wordCount":278,"commentCount":0,"publisher":{"@id":"https:\/\/www.notibras.com\/site\/#organization"},"image":{"@id":"https:\/\/www.notibras.com\/site\/supremo-aceita-delacao-de-youssef-e-elo-com-politicos-fica-mais-apertado\/#primaryimage"},"thumbnailUrl":"https:\/\/www.notibras.com\/site\/wp-content\/uploads\/2015\/01\/94146_697x437_crop_544e98a7e6cc2.jpg","articleSection":["Brasil"],"inLanguage":"pt-BR","potentialAction":[{"@type":"CommentAction","name":"Comment","target":["https:\/\/www.notibras.com\/site\/supremo-aceita-delacao-de-youssef-e-elo-com-politicos-fica-mais-apertado\/#respond"]}]},{"@type":"WebPage","@id":"https:\/\/www.notibras.com\/site\/supremo-aceita-delacao-de-youssef-e-elo-com-politicos-fica-mais-apertado\/","url":"https:\/\/www.notibras.com\/site\/supremo-aceita-delacao-de-youssef-e-elo-com-politicos-fica-mais-apertado\/","name":"Supremo aceita dela\u00e7\u00e3o de Youssef e elo com pol\u00edticos fica mais apertado - Notibras","isPartOf":{"@id":"https:\/\/www.notibras.com\/site\/#website"},"primaryImageOfPage":{"@id":"https:\/\/www.notibras.com\/site\/supremo-aceita-delacao-de-youssef-e-elo-com-politicos-fica-mais-apertado\/#primaryimage"},"image":{"@id":"https:\/\/www.notibras.com\/site\/supremo-aceita-delacao-de-youssef-e-elo-com-politicos-fica-mais-apertado\/#primaryimage"},"thumbnailUrl":"https:\/\/www.notibras.com\/site\/wp-content\/uploads\/2015\/01\/94146_697x437_crop_544e98a7e6cc2.jpg","datePublished":"2015-01-21T19:56:57+00:00","dateModified":"2015-01-22T14:05:14+00:00","breadcrumb":{"@id":"https:\/\/www.notibras.com\/site\/supremo-aceita-delacao-de-youssef-e-elo-com-politicos-fica-mais-apertado\/#breadcrumb"},"inLanguage":"pt-BR","potentialAction":[{"@type":"ReadAction","target":["https:\/\/www.notibras.com\/site\/supremo-aceita-delacao-de-youssef-e-elo-com-politicos-fica-mais-apertado\/"]}]},{"@type":"ImageObject","inLanguage":"pt-BR","@id":"https:\/\/www.notibras.com\/site\/supremo-aceita-delacao-de-youssef-e-elo-com-politicos-fica-mais-apertado\/#primaryimage","url":"https:\/\/www.notibras.com\/site\/wp-content\/uploads\/2015\/01\/94146_697x437_crop_544e98a7e6cc2.jpg","contentUrl":"https:\/\/www.notibras.com\/site\/wp-content\/uploads\/2015\/01\/94146_697x437_crop_544e98a7e6cc2.jpg","width":697,"height":437},{"@type":"BreadcrumbList","@id":"https:\/\/www.notibras.com\/site\/supremo-aceita-delacao-de-youssef-e-elo-com-politicos-fica-mais-apertado\/#breadcrumb","itemListElement":[{"@type":"ListItem","position":1,"name":"In\u00edcio","item":"https:\/\/www.notibras.com\/site\/"},{"@type":"ListItem","position":2,"name":"Supremo aceita dela\u00e7\u00e3o de Youssef e elo com pol\u00edticos fica mais apertado"}]},{"@type":"WebSite","@id":"https:\/\/www.notibras.com\/site\/#website","url":"https:\/\/www.notibras.com\/site\/","name":"Notibras","description":"Not\u00edcias de Bras\u00edlia, do Brasil e do Mundo","publisher":{"@id":"https:\/\/www.notibras.com\/site\/#organization"},"potentialAction":[{"@type":"SearchAction","target":{"@type":"EntryPoint","urlTemplate":"https:\/\/www.notibras.com\/site\/?s={search_term_string}"},"query-input":{"@type":"PropertyValueSpecification","valueRequired":true,"valueName":"search_term_string"}}],"inLanguage":"pt-BR"},{"@type":"Organization","@id":"https:\/\/www.notibras.com\/site\/#organization","name":"Grupo Notibras de Comunica\u00e7\u00e3o","url":"https:\/\/www.notibras.com\/site\/","logo":{"@type":"ImageObject","inLanguage":"pt-BR","@id":"https:\/\/www.notibras.com\/site\/#\/schema\/logo\/image\/","url":"https:\/\/www.notibras.com\/site\/wp-content\/uploads\/2023\/01\/notibras23.png","contentUrl":"https:\/\/www.notibras.com\/site\/wp-content\/uploads\/2023\/01\/notibras23.png","width":350,"height":87,"caption":"Grupo Notibras de Comunica\u00e7\u00e3o"},"image":{"@id":"https:\/\/www.notibras.com\/site\/#\/schema\/logo\/image\/"},"sameAs":["https:\/\/www.facebook.com\/notibras\/","https:\/\/x.com\/Notibras","https:\/\/www.instagram.com\/notibras\/"]},{"@type":"Person","@id":"https:\/\/www.notibras.com\/site\/#\/schema\/person\/36ab0979449956132d3e5b517ea76ac8","name":"Reda\u00e7\u00e3o","image":{"@type":"ImageObject","inLanguage":"pt-BR","@id":"https:\/\/secure.gravatar.com\/avatar\/e0a867bdedb85fd243eadf09663511f96fc81e0720a4a42581f334ad4303aa6b?s=96&d=mm&r=g","url":"https:\/\/secure.gravatar.com\/avatar\/e0a867bdedb85fd243eadf09663511f96fc81e0720a4a42581f334ad4303aa6b?s=96&d=mm&r=g","contentUrl":"https:\/\/secure.gravatar.com\/avatar\/e0a867bdedb85fd243eadf09663511f96fc81e0720a4a42581f334ad4303aa6b?s=96&d=mm&r=g","caption":"Reda\u00e7\u00e3o"}}]}},"amp_enabled":true,"_links":{"self":[{"href":"https:\/\/www.notibras.com\/site\/wp-json\/wp\/v2\/posts\/34650","targetHints":{"allow":["GET"]}}],"collection":[{"href":"https:\/\/www.notibras.com\/site\/wp-json\/wp\/v2\/posts"}],"about":[{"href":"https:\/\/www.notibras.com\/site\/wp-json\/wp\/v2\/types\/post"}],"author":[{"embeddable":true,"href":"https:\/\/www.notibras.com\/site\/wp-json\/wp\/v2\/users\/2"}],"replies":[{"embeddable":true,"href":"https:\/\/www.notibras.com\/site\/wp-json\/wp\/v2\/comments?post=34650"}],"version-history":[{"count":0,"href":"https:\/\/www.notibras.com\/site\/wp-json\/wp\/v2\/posts\/34650\/revisions"}],"wp:featuredmedia":[{"embeddable":true,"href":"https:\/\/www.notibras.com\/site\/wp-json\/wp\/v2\/media\/34651"}],"wp:attachment":[{"href":"https:\/\/www.notibras.com\/site\/wp-json\/wp\/v2\/media?parent=34650"}],"wp:term":[{"taxonomy":"category","embeddable":true,"href":"https:\/\/www.notibras.com\/site\/wp-json\/wp\/v2\/categories?post=34650"},{"taxonomy":"post_tag","embeddable":true,"href":"https:\/\/www.notibras.com\/site\/wp-json\/wp\/v2\/tags?post=34650"}],"curies":[{"name":"wp","href":"https:\/\/api.w.org\/{rel}","templated":true}]}}