{"id":346506,"date":"2025-01-26T06:50:23","date_gmt":"2025-01-26T09:50:23","guid":{"rendered":"https:\/\/www.notibras.com\/site\/?p=346506"},"modified":"2025-01-26T06:55:06","modified_gmt":"2025-01-26T09:55:06","slug":"neto-da-yalorixa-mae-bernadete-vive-sob-escolta-e-sem-chance-de-emprego","status":"publish","type":"post","link":"https:\/\/www.notibras.com\/site\/neto-da-yalorixa-mae-bernadete-vive-sob-escolta-e-sem-chance-de-emprego\/","title":{"rendered":"Neto da yalorix\u00e1 M\u00e3e Bernadete vive sob escolta e sem chance de emprego"},"content":{"rendered":"<p>Desde o assassinato de sua av\u00f3, a l\u00edder quilombola baiana Maria Bernadete Pac\u00edfico, Wellington Gabriel de Jesus dos Santos tem a vida fora dos trilhos. Aos 24 anos, fase em que se come\u00e7a a pavimentar mais solidamente os caminhos que se deseja percorrer, ele anda escoltado 24 horas por dia por policiais militares e permanece desempregado, depois de ter tido que abandonar &#8220;o melhor emprego que j\u00e1 teve&#8221;.<\/p>\n<p>Em entrevista \u00e0 Ag\u00eancia Brasil, o jovem contou que, al\u00e9m de ter se sentido obrigado a deixar o trabalho na ind\u00fastria petroqu\u00edmica, parou de fazer m\u00fasica. Tudo para evitar estar exposto &#8220;e que se repita esse derramamento de sangue&#8221;. M\u00e3e Bernadete foi assassinada em agosto de 2023, no Quilombo Pitanga dos Palmares, situado na cidade de Sim\u00f5es Filho, regi\u00e3o metropolitana de Salvador.<\/p>\n<p>A yalorix\u00e1 de candombl\u00e9 era presidente da Associa\u00e7\u00e3o Etnodesenvolvimento Muzanzu, uma das entidades atuantes no local. Ela foi executada com pelo menos 25 tiros, diante dos tr\u00eas netos. As autoridades que investigam e acompanham o caso, como o Minist\u00e9rio P\u00fablico da Bahia, entendem que se tratou de um recado de viol\u00eancia deixado por uma fac\u00e7\u00e3o que pretendia se expandir pela regi\u00e3o e quis silenciar M\u00e3e Bernadete quando ela questionou a abertura de um ponto de drogas na comunidade quilombola.<\/p>\n<p>&#8220;Eu tentei trabalhar e acabou que, com a agenda da comunidade somada ao processo criminal de minha av\u00f3, que estava em fase de audi\u00eancias de instru\u00e7\u00e3o, tive que sair daquele emprego novamente. Ent\u00e3o, enfrento o desemprego praticamente desde que perdi minha av\u00f3. Nesse tempo, tive que viver com apoio de terceiros, com uma depend\u00eancia financeira absurda&#8221;, lamenta Wellington.<\/p>\n<p>A ocupa\u00e7\u00e3o profissional teve grande import\u00e2ncia para o jovem, que tamb\u00e9m lida com o luto pelo pai, o tamb\u00e9m l\u00edder Fl\u00e1vio Gabriel Pac\u00edfico dos Santos, conhecido como &#8220;Binho do Quilombo&#8221;, no mesmo contexto de viol\u00eancia que mais tarde viria a recair novamente sobre a comunidade, com a execu\u00e7\u00e3o de sua av\u00f3. Por isso, quando a perdeu, ampliou-se a sensa\u00e7\u00e3o de desamparo. Jurandy Wellington Pac\u00edfico dos Santos, irm\u00e3o de Binho e tio de Wellington, tamb\u00e9m vive sob escolta da Pol\u00edcia Militar (PM).<\/p>\n<p><strong>Integridade mental<\/strong><br \/>\nApesar de valorizar a disponibilidade da PM em fazer sua seguran\u00e7a, a integridade mental de Wellington n\u00e3o tem estado t\u00e3o preservada quanto a f\u00edsica, segundo afirma. At\u00e9 hoje, apesar de o quadro tornar cada vez maior a propens\u00e3o de os integrantes da comunidade desenvolverem transtornos psicol\u00f3gicos, como a depress\u00e3o e a ansiedade, o Poder P\u00fablico nunca ofereceu atendimento especializado, nem mesmo \u00e0s v\u00edtimas mais diretas, como os familiares da yalorix\u00e1.<\/p>\n<p>&#8220;Na verdade, o Estado s\u00f3 fez uma coisa durante muito tempo, que foi colocar a prote\u00e7\u00e3o da Pol\u00edcia Militar. Ningu\u00e9m nunca se importou com nossa sa\u00fade mental, se tinha comida na nossa geladeira, como \u00e9 que estava a nossa independ\u00eancia financeira, a nossa seguran\u00e7a alimentar. Ningu\u00e9m se preocupou com esse aspecto. Tanto que chegou ao ponto de minha irm\u00e3 tentar suic\u00eddio,&#8221;<\/p>\n<p>&#8220;A gente move essa a\u00e7\u00e3o no sentido de que seja reparada pelo assassinato do meu pai, que j\u00e1 foi uma coisa que mudou nossa vida drasticamente, e pela falha do PPDDH [Programa de Prote\u00e7\u00e3o aos Defensores de Direitos Humanos, Comunicadores e Ambientalistas], que contribuiu para que a vida de minha av\u00f3 fosse ceifada. Ela morreu acreditando que era protegida e monitorada pela Secretaria de Seguran\u00e7a P\u00fablica.&#8221;<\/p>\n<p>A a\u00e7\u00e3o que cobra R$ 11,8 milh\u00f5es de indeniza\u00e7\u00e3o por danos morais, que cont\u00e9m 940 p\u00e1ginas, destaca que, das sete c\u00e2meras que deveriam captar imagens, apenas quatro estavam funcionando e, segundo Wellington, n\u00e3o eram transmitidas \u00e0s equipes de seguran\u00e7a do estado. Por saber dessa informa\u00e7\u00e3o, os criminosos aproveitaram a brecha para cometer o assassinato de M\u00e3e Bernadete.<\/p>\n<p>&#8220;Ademais, a provid\u00eancia tomada pelo Programa de Prote\u00e7\u00e3o aos Defensores de Direitos Humanos (PPDDH) no tocante \u00e0 \u201cprote\u00e7\u00e3o\u201d\/\u201dseguran\u00e7a\u201d de Maria Bernadete Pac\u00edfico Moreira consistia numa ronda informal e meramente simb\u00f3lica feita pela Pol\u00edcia Militar do Estado da Bahia, que uma ou duas vezes por dia (aleatoriamente) disponibilizava uma viatura\/guarni\u00e7\u00e3o para ir at\u00e9 a sede da associa\u00e7\u00e3o Muzanzu ver como estava Bernadete e perguntar a ela se estava tudo bem. Algo que n\u00e3o chegava a durar sequer 10 minutos &#8211; cada ronda informal ora relatada. Deixando, pois, M\u00e3e Bernadete totalmente desprotegida e \u00e0 merc\u00ea da pr\u00f3pria sorte ap\u00f3s o t\u00e9rmino dessas brev\u00edssimas e meramente simb\u00f3licas visitas, donde os respectivos policiais militares na (grande) maioria das vezes sequer desciam da viatura&#8221;, detalha trecho da a\u00e7\u00e3o.<\/p>\n<p><strong>Cavalo de Troia <\/strong><br \/>\nUm dos pontos mais impactantes da hist\u00f3ria recente do Quilombo Pitanga dos Palmares e que mais ilustra como as autoridades t\u00eam lidado com a comunidade \u00e9 a instala\u00e7\u00e3o de um pres\u00eddio dentro do territ\u00f3rio. A Col\u00f4nia Penal de Sim\u00f5es Filho foi anunciada inicialmente \u00e0 comunidade como uma f\u00e1brica de sapatos, algo que geraria empregos, tendo recebido aceita\u00e7\u00e3o da comunidade. A unidade foi projetada para comportar 250 presos em regime semiaberto e inaugurada em 2007.<\/p>\n<p>Na a\u00e7\u00e3o, menciona-se que os quilombolas esperavam que a regulariza\u00e7\u00e3o fundi\u00e1ria garantisse a inativa\u00e7\u00e3o da unidade prisional. A defesa dos familiares de M\u00e3e Bernadete pontuam no documento que o governo estadual prometeu formalmente, por meio de um Termo de Ajustamento de Conduta (TAC), a cumprir medidas mitigadoras e compensat\u00f3rias no local e no entorno, sendo uma delas a transforma\u00e7\u00e3o da col\u00f4nia penal em uma escola t\u00e9cnica profissionalizante e agr\u00edcola ou uma Unidade de Pronto Atendimento (UPA), o que nunca se concretizou.<\/p>\n<p>&#8220;Eu gosto de uma frase que propago muito em v\u00e1rias reuni\u00f5es: a juventude do Quilombo Pitanga dos Palmares est\u00e1 muito mais perto de uma ficha criminal do que de um certificado de conclus\u00e3o de ensino m\u00e9dio, uma vez que o pres\u00eddio est\u00e1 ali dentro do territ\u00f3rio, mas a escola de ensino m\u00e9dio, n\u00e3o, a faculdade, n\u00e3o&#8221;, diz Wellington.<\/p>\n<p>&#8220;O pres\u00eddio \u00e9 um monumento \u00e0 viol\u00eancia e ao racismo institucionais e veio com esse cavalo de Troia que seria uma f\u00e1brica de sapatos, que empregaria as pessoas, os moradores da comunidade.&#8221;<\/p>\n<p>Procurada, a Advocacia-Geral da Uni\u00e3o (AGU) informou que n\u00e3o foi intimada de que a referida a\u00e7\u00e3o foi ajuizada. O Minist\u00e9rio dos Direitos Humanos e da Cidadania (MDHC) tamb\u00e9m foi procurado. O \u00f3rg\u00e3o afirmou ter recebido na manh\u00e3 dessa sexta-feira (24) a a\u00e7\u00e3o movida por familiares da M\u00e3e Bernadete. Por isso, afirmou que ainda n\u00e3o \u00e9 poss\u00edvel se manifestar. A reportagem entrou em contato com o governo da Bahia e aguarda retorno.<\/p>\n","protected":false},"excerpt":{"rendered":"<p>Desde o assassinato de sua av\u00f3, a l\u00edder quilombola baiana Maria Bernadete Pac\u00edfico, Wellington Gabriel de Jesus dos Santos tem a vida fora dos trilhos. Aos 24 anos, fase em que se come\u00e7a a pavimentar mais solidamente os caminhos que se deseja percorrer, ele anda escoltado 24 horas por dia por policiais militares e permanece [&hellip;]<\/p>\n","protected":false},"author":2,"featured_media":346507,"comment_status":"closed","ping_status":"closed","sticky":false,"template":"","format":"standard","meta":{"_acf_changed":false,"footnotes":""},"categories":[165],"tags":[],"class_list":["post-346506","post","type-post","status-publish","format-standard","has-post-thumbnail","hentry","category-nordeste"],"acf":[],"_links":{"self":[{"href":"https:\/\/www.notibras.com\/site\/wp-json\/wp\/v2\/posts\/346506","targetHints":{"allow":["GET"]}}],"collection":[{"href":"https:\/\/www.notibras.com\/site\/wp-json\/wp\/v2\/posts"}],"about":[{"href":"https:\/\/www.notibras.com\/site\/wp-json\/wp\/v2\/types\/post"}],"author":[{"embeddable":true,"href":"https:\/\/www.notibras.com\/site\/wp-json\/wp\/v2\/users\/2"}],"replies":[{"embeddable":true,"href":"https:\/\/www.notibras.com\/site\/wp-json\/wp\/v2\/comments?post=346506"}],"version-history":[{"count":3,"href":"https:\/\/www.notibras.com\/site\/wp-json\/wp\/v2\/posts\/346506\/revisions"}],"predecessor-version":[{"id":346511,"href":"https:\/\/www.notibras.com\/site\/wp-json\/wp\/v2\/posts\/346506\/revisions\/346511"}],"wp:featuredmedia":[{"embeddable":true,"href":"https:\/\/www.notibras.com\/site\/wp-json\/wp\/v2\/media\/346507"}],"wp:attachment":[{"href":"https:\/\/www.notibras.com\/site\/wp-json\/wp\/v2\/media?parent=346506"}],"wp:term":[{"taxonomy":"category","embeddable":true,"href":"https:\/\/www.notibras.com\/site\/wp-json\/wp\/v2\/categories?post=346506"},{"taxonomy":"post_tag","embeddable":true,"href":"https:\/\/www.notibras.com\/site\/wp-json\/wp\/v2\/tags?post=346506"}],"curies":[{"name":"wp","href":"https:\/\/api.w.org\/{rel}","templated":true}]}}