{"id":346516,"date":"2025-01-26T07:19:27","date_gmt":"2025-01-26T10:19:27","guid":{"rendered":"https:\/\/www.notibras.com\/site\/?p=346516"},"modified":"2025-01-26T07:24:40","modified_gmt":"2025-01-26T10:24:40","slug":"tao-simpatico-tao-fofinho-tao-carismatico-nem-parece-que-mandava-matar-gente","status":"publish","type":"post","link":"https:\/\/www.notibras.com\/site\/tao-simpatico-tao-fofinho-tao-carismatico-nem-parece-que-mandava-matar-gente\/","title":{"rendered":"T\u00e3o simp\u00e1tico, t\u00e3o fofinho, t\u00e3o carism\u00e1tico; nem parece que mandava matar gente"},"content":{"rendered":"<p>Seu An\u00edsio, homem mi\u00fado, solit\u00e1rio, econ\u00f4mico nos movimentos e nas palavras, morador da casa mais ao fundo, faleceu no in\u00edcio de 2018. Parece que foi de alguma doen\u00e7a de velho. Mam\u00e3e me disse que precis\u00e1vamos prestar a \u00faltima homenagem ao sujeito, que, na verdade, creio que nem sequer considerava a minha exist\u00eancia. Mesmo assim, tratei de me vestir adequadamente, pois n\u00e3o queria arrumar pendenga justamente com aquela que sempre me deu guarida quando ia com minhas amigas para as baladas.<\/p>\n<p>A cerim\u00f4nia, para meu espanto, estava lotada, como se o defunto fosse pol\u00edtico ou artista de renome. E eu que sempre o imaginei mais um dos tantos desimportantes deste mundo. Ademais, os presentes pareciam sinceramente comovidos. Isso me deixou encucada, ou melhor, perplexa. Afinal, ser\u00e1 que eu havia perdido alguma coisa naqueles meus quase 18 anos de praticamente nenhuma conviv\u00eancia com o dito cujo, que, nas raras vezes que passamos um pelo outro, jamais trocamos olhares?<\/p>\n<p>Enquanto esperava na fila ao lado de mam\u00e3e para dar o \u00faltimo adeus ao morto, ouvi os mais pr\u00f3ximos exaltando suas qualidades. De tanto ouvi-las, comecei a acreditar em todas e at\u00e9 de outras que nem cheguei a escutar. Era n\u00edtido que meu jeito adolescente de enxergar o mundo havia me cegado de tamanha generosidade depositada em apenas um ser. Nessa altura, passei a crer que seu An\u00edsio era um santo ou algo pr\u00f3ximo a isso.<\/p>\n<p>Assim que chegou a nossa vez de prestar as \u00faltimas homenagens ao, naquele instante, no meu entendimento, Santo An\u00edsio, eis que tive certeza de que aquela face arredondada s\u00f3 poderia ter pertencido a um indiv\u00edduo que apenas havia feito o bem para o pr\u00f3ximo. Emocionada que fiquei, algumas l\u00e1grimas verdadeiras escorreram pelo meu rosto, o que fez minha m\u00e3e me confortar com um abra\u00e7o carinhoso.<\/p>\n<p>\u2014 Mam\u00e3e, por que Deus levou justamente o seu An\u00edsio? Tanta gente m\u00e1 neste mundo, e Ele foi escolher logo o seu An\u00edsio.<\/p>\n<p>\u2014 Mar\u00edlia, minha filha, Deus escolheu o seu An\u00edsio justamente por isso. Muitos ser\u00e3o chamados, mas poucos ser\u00e3o escolhidos.<\/p>\n<p>Quase no final da tarde, todos os devotos de Santo An\u00edsio, em prociss\u00e3o, se dirigiram at\u00e9 o local onde foi depositado o caix\u00e3o. Discursos, \u00faltimos lamentos, salvas de palmas, gente desesperada pela partida t\u00e3o cedo, apesar dos pouco mais de 90 anos do falecido, centenas de flores, a \u00faltima p\u00e1 de cal foi depositada na cova. Abaixam-se as cortinas, a plateia voltou para seus lares.<\/p>\n<p>Fiquei t\u00e3o impressionada com aquela coisa toda, que pedi para minha m\u00e3e emoldurar uma fotografia do nosso querido e amado Santo An\u00edsio, que foi depositada na cabeceira do meu quarto. Todas as noites, antes de dormir, acendia uma vela para ele, que parecia retribuir com um bondoso sorriso, muito mais sincero do que o da Monalisa.<\/p>\n<p>Os anos seguintes voaram. Passei no vestibular para engenharia civil, consegui me destacar entre os alunos e me formei com m\u00e9ritos. Julgava que todas aquelas vit\u00f3rias eram, de certo modo, provenientes de milagres de Santo An\u00edsio. Mas foi a\u00ed que, pouco depois de conseguir um bom emprego numa construtora, uma colega de profiss\u00e3o foi almo\u00e7ar na nossa casa.<\/p>\n<p>Empad\u00e3o de frango, especialidade da minha m\u00e3e, fez sucesso. Tanto \u00e9 que Rosilene, a minha amiga, repetiu com gosto. Depois veio a sobremesa e, ent\u00e3o, fomos para o meu quarto. Assim que entramos, Rosilene notou a fotografia de Santo An\u00edsio sobre a mesinha ao lado da cama.<\/p>\n<p>\u2014 Seu An\u00edsio!<\/p>\n<p>\u2014 Sim. Voc\u00ea o conheceu?<\/p>\n<p>\u2014 E quem n\u00e3o conheceu o seu An\u00edsio? \u00c9 claro que o conheci.<\/p>\n<p>\u2014 Ele morava aqui no final da rua.<\/p>\n<p>\u2014 Sei disso. \u00c0s vezes, meus pais iam visit\u00e1-lo.<\/p>\n<p>\u2014 S\u00e9rio?<\/p>\n<p>\u2014 S\u00e9rio.<\/p>\n<p>\u2014 Hum. N\u00e3o sabia que seus pais eram amigos dele.<\/p>\n<p>\u2014 Na verdade, o seu An\u00edsio era padrinho da minha m\u00e3e.<\/p>\n<p>\u2014 Ah, n\u00e3o acredito! S\u00e9rio mesmo?<\/p>\n<p>\u2014 S\u00e9rio.<\/p>\n<p>\u2014 E como ele era?<\/p>\n<p>\u2014 Ah, o seu An\u00edsio era t\u00e3o simp\u00e1tico, t\u00e3o fofinho, t\u00e3o carism\u00e1tico. Nem parece que mandava matar gente.<\/p>\n<p>&#8230;&#8230;&#8230;&#8230;&#8230;&#8230;&#8230;&#8230;&#8230;&#8230;&#8230;&#8230;&#8230;&#8230;&#8230;&#8230;..<\/p>\n<div class=\"mvp-post-main-in\">\n<div id=\"mvp-post-content\" class=\"left relative\">\n<div id=\"mvp-content-wrap\" class=\"left relative\">\n<div class=\"mvp-post-soc-out right relative\">\n<div class=\"mvp-post-soc-in\">\n<div id=\"mvp-content-body\" class=\"left relative\">\n<div id=\"mvp-content-body-top\" class=\"left relative\">\n<div id=\"mvp-content-main\" class=\"left relative\">\n<div>\n<div><strong>Eduardo Mart\u00ednez \u00e9 autor do livro \u201c57 Contos e Cr\u00f4nicas por um Autor muito Velho\u201d.<\/strong><\/div>\n<div>\n<div class=\"mvp-post-soc-in\">\n<div id=\"mvp-content-body\" class=\"left relative\">\n<div id=\"mvp-content-body-top\" class=\"left relative\">\n<div id=\"mvp-content-main\" class=\"left relative\">\n<p>Compre aqui\u00a0<span class=\"x19la9d6 x1fc57z9 x6ikm8r x10wlt62 x19co3pv x1g5zs5t xfibh0p xiy17q3 x1xsqp64 x1lkfr7t xexx8yu x4uap5 x18d9i69 xkhd6sd\"><span class=\"xrtxmta x1bhl96m\"><img decoding=\"async\" class=\"emoji\" role=\"img\" draggable=\"false\" src=\"https:\/\/s.w.org\/images\/core\/emoji\/14.0.0\/svg\/1f447-1f3ff.svg\" alt=\"&#x1f447;&#x1f3ff;\" \/><\/span><\/span><span class=\"x19la9d6 x1fc57z9 x6ikm8r x10wlt62 x19co3pv x1g5zs5t xfibh0p xiy17q3 x1xsqp64 x1lkfr7t xexx8yu x4uap5 x18d9i69 xkhd6sd\"><span class=\"xrtxmta x1bhl96m\"><img decoding=\"async\" class=\"emoji\" role=\"img\" draggable=\"false\" src=\"https:\/\/s.w.org\/images\/core\/emoji\/14.0.0\/svg\/1f447-1f3ff.svg\" alt=\"&#x1f447;&#x1f3ff;\" \/><\/span><\/span><span class=\"x19la9d6 x1fc57z9 x6ikm8r x10wlt62 x19co3pv x1g5zs5t xfibh0p xiy17q3 x1xsqp64 x1lkfr7t xexx8yu x4uap5 x18d9i69 xkhd6sd\"><span class=\"xrtxmta x1bhl96m\"><img decoding=\"async\" class=\"emoji\" role=\"img\" draggable=\"false\" src=\"https:\/\/s.w.org\/images\/core\/emoji\/14.0.0\/svg\/1f447-1f3ff.svg\" alt=\"&#x1f447;&#x1f3ff;\" \/><\/span><\/span><\/p>\n<p><a href=\"http:\/\/www.joanineditora.com.br\/57-contos-e-cronicas-por-um-autor-muito-velho\">http:\/\/www.joanineditora.com.br\/57-contos-e-cronicas-por-um-autor-muito-velho<\/a><\/p>\n<\/div>\n<\/div>\n<\/div>\n<\/div>\n<\/div>\n<div id=\"wpdevar_comment_4\"><\/div>\n<\/div>\n<div>\n<div class=\"mvp-post-soc-in\">\n<div id=\"mvp-content-body\" class=\"left relative\">\n<div id=\"mvp-content-body-top\" class=\"left relative\">\n<div id=\"mvp-content-main\" class=\"left relative\"><\/div>\n<\/div>\n<\/div>\n<\/div>\n<\/div>\n<\/div>\n<\/div>\n<\/div>\n<\/div>\n<\/div>\n<\/div>\n<\/div>\n<\/div>\n","protected":false},"excerpt":{"rendered":"<p>Seu An\u00edsio, homem mi\u00fado, solit\u00e1rio, econ\u00f4mico nos movimentos e nas palavras, morador da casa mais ao fundo, faleceu no in\u00edcio de 2018. Parece que foi de alguma doen\u00e7a de velho. Mam\u00e3e me disse que precis\u00e1vamos prestar a \u00faltima homenagem ao sujeito, que, na verdade, creio que nem sequer considerava a minha exist\u00eancia. Mesmo assim, tratei [&hellip;]<\/p>\n","protected":false},"author":2,"featured_media":346517,"comment_status":"closed","ping_status":"closed","sticky":false,"template":"","format":"standard","meta":{"_acf_changed":false,"footnotes":""},"categories":[161],"tags":[],"class_list":["post-346516","post","type-post","status-publish","format-standard","has-post-thumbnail","hentry","category-quadradinho-em-foco"],"acf":[],"_links":{"self":[{"href":"https:\/\/www.notibras.com\/site\/wp-json\/wp\/v2\/posts\/346516","targetHints":{"allow":["GET"]}}],"collection":[{"href":"https:\/\/www.notibras.com\/site\/wp-json\/wp\/v2\/posts"}],"about":[{"href":"https:\/\/www.notibras.com\/site\/wp-json\/wp\/v2\/types\/post"}],"author":[{"embeddable":true,"href":"https:\/\/www.notibras.com\/site\/wp-json\/wp\/v2\/users\/2"}],"replies":[{"embeddable":true,"href":"https:\/\/www.notibras.com\/site\/wp-json\/wp\/v2\/comments?post=346516"}],"version-history":[{"count":3,"href":"https:\/\/www.notibras.com\/site\/wp-json\/wp\/v2\/posts\/346516\/revisions"}],"predecessor-version":[{"id":346520,"href":"https:\/\/www.notibras.com\/site\/wp-json\/wp\/v2\/posts\/346516\/revisions\/346520"}],"wp:featuredmedia":[{"embeddable":true,"href":"https:\/\/www.notibras.com\/site\/wp-json\/wp\/v2\/media\/346517"}],"wp:attachment":[{"href":"https:\/\/www.notibras.com\/site\/wp-json\/wp\/v2\/media?parent=346516"}],"wp:term":[{"taxonomy":"category","embeddable":true,"href":"https:\/\/www.notibras.com\/site\/wp-json\/wp\/v2\/categories?post=346516"},{"taxonomy":"post_tag","embeddable":true,"href":"https:\/\/www.notibras.com\/site\/wp-json\/wp\/v2\/tags?post=346516"}],"curies":[{"name":"wp","href":"https:\/\/api.w.org\/{rel}","templated":true}]}}