{"id":346529,"date":"2025-01-27T09:19:17","date_gmt":"2025-01-27T12:19:17","guid":{"rendered":"https:\/\/www.notibras.com\/site\/?p=346529"},"modified":"2025-01-27T09:21:06","modified_gmt":"2025-01-27T12:21:06","slug":"jaboatao-inicia-preparativo-para-marcar-em-abril-a-expulsao-dos-holandeses","status":"publish","type":"post","link":"https:\/\/www.notibras.com\/site\/jaboatao-inicia-preparativo-para-marcar-em-abril-a-expulsao-dos-holandeses\/","title":{"rendered":"Jaboat\u00e3o inicia preparativo para marcar em abril a expuls\u00e3o dos holandeses"},"content":{"rendered":"<p>No cora\u00e7\u00e3o do Nordeste brasileiro, em Pernambuco, pulsa uma celebra\u00e7\u00e3o que transcende o simples ato de festejar. A Festa da Pitomba, tradicionalmente realizada no munic\u00edpio de Jaboat\u00e3o dos Guararapes, \u00e9 muito mais do que uma homenagem a uma fruta t\u00edpica; \u00e9 um encontro profundo entre hist\u00f3ria, f\u00e9 e cultura popular.<\/p>\n<p>A pitomba, fruto pequeno e agridoce que brota em terras quentes, simboliza a resist\u00eancia e a fertilidade da regi\u00e3o. Durante a festa, realizada em abril, o povo pernambucano celebra n\u00e3o apenas a colheita da fruta, mas tamb\u00e9m a tradi\u00e7\u00e3o religiosa associada \u00e0 Igreja de Nossa Senhora dos Prazeres, localizada no Monte dos Guararapes. Este local \u00e9 considerado um marco hist\u00f3rico nacional, palco de batalhas decisivas contra os invasores holandeses no s\u00e9culo XVII.<\/p>\n<p>A programa\u00e7\u00e3o da festa mistura elementos sagrados e profanos, refletindo a rica diversidade cultural do estado. Missas solenes e prociss\u00f5es se entrela\u00e7am com feiras de artesanato, barracas de comidas t\u00edpicas, shows de m\u00fasica regional e, claro, a venda da pitomba, que \u00e9 consumida em abund\u00e2ncia. A atmosfera \u00e9 de alegria e pertencimento, um verdadeiro retrato da alma pernambucana.<\/p>\n<p>Mas o que torna a Festa da Pitomba t\u00e3o especial \u00e9 o seu significado simb\u00f3lico. Para muitos, \u00e9 um momento de renovar a f\u00e9 e agradecer pelas conquistas. Para outros, \u00e9 uma ocasi\u00e3o de reencontrar amigos, compartilhar hist\u00f3rias e celebrar as ra\u00edzes culturais que unem a comunidade.<\/p>\n<p>O evento tamb\u00e9m tem um impacto econ\u00f4mico significativo, movimentando o com\u00e9rcio local e atraindo turistas de diversas regi\u00f5es. Contudo, mais do que isso, \u00e9 uma manifesta\u00e7\u00e3o de identidade e resist\u00eancia cultural. Em um mundo cada vez mais globalizado, preservar tradi\u00e7\u00f5es como a Festa da Pitomba \u00e9 afirmar que a riqueza de um povo est\u00e1 em suas particularidades.<\/p>\n<p>Entra ano, sai ano,\u00a0 a cada abril, o povo de Pernambuco reafirma seu amor \u00e0 terra, \u00e0 hist\u00f3ria e \u00e0 f\u00e9, celebrando uma festa que n\u00e3o \u00e9 apenas um evento, mas um aut\u00eantico ato de exist\u00eancia e resist\u00eancia cultural.<\/p>\n","protected":false},"excerpt":{"rendered":"<p>No cora\u00e7\u00e3o do Nordeste brasileiro, em Pernambuco, pulsa uma celebra\u00e7\u00e3o que transcende o simples ato de festejar. A Festa da Pitomba, tradicionalmente realizada no munic\u00edpio de Jaboat\u00e3o dos Guararapes, \u00e9 muito mais do que uma homenagem a uma fruta t\u00edpica; \u00e9 um encontro profundo entre hist\u00f3ria, f\u00e9 e cultura popular. A pitomba, fruto pequeno e [&hellip;]<\/p>\n","protected":false},"author":2,"featured_media":346530,"comment_status":"closed","ping_status":"closed","sticky":false,"template":"","format":"standard","meta":{"_acf_changed":false,"footnotes":""},"categories":[165],"tags":[],"class_list":["post-346529","post","type-post","status-publish","format-standard","has-post-thumbnail","hentry","category-nordeste"],"acf":[],"_links":{"self":[{"href":"https:\/\/www.notibras.com\/site\/wp-json\/wp\/v2\/posts\/346529","targetHints":{"allow":["GET"]}}],"collection":[{"href":"https:\/\/www.notibras.com\/site\/wp-json\/wp\/v2\/posts"}],"about":[{"href":"https:\/\/www.notibras.com\/site\/wp-json\/wp\/v2\/types\/post"}],"author":[{"embeddable":true,"href":"https:\/\/www.notibras.com\/site\/wp-json\/wp\/v2\/users\/2"}],"replies":[{"embeddable":true,"href":"https:\/\/www.notibras.com\/site\/wp-json\/wp\/v2\/comments?post=346529"}],"version-history":[{"count":2,"href":"https:\/\/www.notibras.com\/site\/wp-json\/wp\/v2\/posts\/346529\/revisions"}],"predecessor-version":[{"id":346532,"href":"https:\/\/www.notibras.com\/site\/wp-json\/wp\/v2\/posts\/346529\/revisions\/346532"}],"wp:featuredmedia":[{"embeddable":true,"href":"https:\/\/www.notibras.com\/site\/wp-json\/wp\/v2\/media\/346530"}],"wp:attachment":[{"href":"https:\/\/www.notibras.com\/site\/wp-json\/wp\/v2\/media?parent=346529"}],"wp:term":[{"taxonomy":"category","embeddable":true,"href":"https:\/\/www.notibras.com\/site\/wp-json\/wp\/v2\/categories?post=346529"},{"taxonomy":"post_tag","embeddable":true,"href":"https:\/\/www.notibras.com\/site\/wp-json\/wp\/v2\/tags?post=346529"}],"curies":[{"name":"wp","href":"https:\/\/api.w.org\/{rel}","templated":true}]}}