{"id":346536,"date":"2025-01-27T01:01:27","date_gmt":"2025-01-27T04:01:27","guid":{"rendered":"https:\/\/www.notibras.com\/site\/?p=346536"},"modified":"2025-01-27T10:03:07","modified_gmt":"2025-01-27T13:03:07","slug":"governo-investe-em-reforma-de-parques-infantis-e-quadras-poliesportivas","status":"publish","type":"post","link":"https:\/\/www.notibras.com\/site\/governo-investe-em-reforma-de-parques-infantis-e-quadras-poliesportivas\/","title":{"rendered":"Governo investe em reforma de parques infantis e quadras poliesportivas"},"content":{"rendered":"<p>O Governo do Distrito Federal (GDF), por meio da Companhia Urbanizadora da Nova Capital (Novacap), deu in\u00edcio a reforma e manuten\u00e7\u00e3o de mobili\u00e1rios urbanos, como s\u00e3o chamados os equipamentos p\u00fablicos de esporte e lazer, a exemplo de parquinhos infantis, quadras poliesportivas e Pontos de Encontro Comunit\u00e1rios (PECs). Os trabalhos come\u00e7aram por Ceil\u00e2ndia e seguir\u00e3o por Samambaia e Taguatinga, at\u00e9 que alcancem as 35 regi\u00f5es administrativas do DF.<\/p>\n<p>Inicialmente, o investimento ser\u00e1 de R$ 58 milh\u00f5es, valor que pode aumentar, conforme haja necessidade de assinatura de novas atas. Os trabalhos seguir\u00e3o uma ordem de prioridade, que ser\u00e1 definida em conjunto com as administra\u00e7\u00f5es regionais.<\/p>\n<p>\u201cA gente demandou que todas as administra\u00e7\u00f5es fa\u00e7am um levantamento com toda a situa\u00e7\u00e3o, com fotos e registros. Ent\u00e3o, t\u00e9cnicos da Novacap v\u00e3o a campo confirmar a necessidade de cada mobili\u00e1rio e n\u00f3s vamos preparar o cronograma\u201d, explica o diretor de Cidades da Novacap, Raimundo Silva. \u201cN\u00f3s temos acompanhado o anseio da popula\u00e7\u00e3o de forma geral. Geralmente, logo que os parques s\u00e3o instalados, h\u00e1 um vandalismo muito grande. Vamos fazer uma for\u00e7a-tarefa para dar uma resposta \u00e0 popula\u00e7\u00e3o\u201d, acrescentou.<\/p>\n<p>O vandalismo, ali\u00e1s, \u00e9 a principal causa de degrada\u00e7\u00e3o desses espa\u00e7os. Mas o mau uso \u2014 como quando um adulto utiliza um brinquedo infantil, por exemplo \u2014 tamb\u00e9m pode prejudicar os equipamentos. Por isso, a Novacap refor\u00e7a que o apoio da popula\u00e7\u00e3o \u00e9 fundamental para manter os locais conservados ap\u00f3s as reformas \u2014 seja fazendo o uso correto, seja coibindo e denunciando atos de vandalismo, que s\u00e3o um crime contra o patrim\u00f4nio p\u00fablico.<\/p>\n<p>\u201cA tend\u00eancia \u00e9 [o trabalho] rodar todas as cidades e atingir o m\u00e1ximo de equipamentos p\u00fablicos. E o que a gente pede \u00e9 que a popula\u00e7\u00e3o use conscientemente. \u00c9 o principal. A gente precisa dela para manter a conserva\u00e7\u00e3o desse mobili\u00e1rio urbano\u201d, arremata Pedro Isaac, chefe do Departamento de Equipamentos P\u00fablicos da Novacap.<\/p>\n","protected":false},"excerpt":{"rendered":"<p>O Governo do Distrito Federal (GDF), por meio da Companhia Urbanizadora da Nova Capital (Novacap), deu in\u00edcio a reforma e manuten\u00e7\u00e3o de mobili\u00e1rios urbanos, como s\u00e3o chamados os equipamentos p\u00fablicos de esporte e lazer, a exemplo de parquinhos infantis, quadras poliesportivas e Pontos de Encontro Comunit\u00e1rios (PECs). Os trabalhos come\u00e7aram por Ceil\u00e2ndia e seguir\u00e3o por [&hellip;]<\/p>\n","protected":false},"author":2,"featured_media":346537,"comment_status":"closed","ping_status":"closed","sticky":false,"template":"","format":"standard","meta":{"_acf_changed":false,"footnotes":""},"categories":[161],"tags":[],"class_list":["post-346536","post","type-post","status-publish","format-standard","has-post-thumbnail","hentry","category-quadradinho-em-foco"],"acf":[],"_links":{"self":[{"href":"https:\/\/www.notibras.com\/site\/wp-json\/wp\/v2\/posts\/346536","targetHints":{"allow":["GET"]}}],"collection":[{"href":"https:\/\/www.notibras.com\/site\/wp-json\/wp\/v2\/posts"}],"about":[{"href":"https:\/\/www.notibras.com\/site\/wp-json\/wp\/v2\/types\/post"}],"author":[{"embeddable":true,"href":"https:\/\/www.notibras.com\/site\/wp-json\/wp\/v2\/users\/2"}],"replies":[{"embeddable":true,"href":"https:\/\/www.notibras.com\/site\/wp-json\/wp\/v2\/comments?post=346536"}],"version-history":[{"count":1,"href":"https:\/\/www.notibras.com\/site\/wp-json\/wp\/v2\/posts\/346536\/revisions"}],"predecessor-version":[{"id":346538,"href":"https:\/\/www.notibras.com\/site\/wp-json\/wp\/v2\/posts\/346536\/revisions\/346538"}],"wp:featuredmedia":[{"embeddable":true,"href":"https:\/\/www.notibras.com\/site\/wp-json\/wp\/v2\/media\/346537"}],"wp:attachment":[{"href":"https:\/\/www.notibras.com\/site\/wp-json\/wp\/v2\/media?parent=346536"}],"wp:term":[{"taxonomy":"category","embeddable":true,"href":"https:\/\/www.notibras.com\/site\/wp-json\/wp\/v2\/categories?post=346536"},{"taxonomy":"post_tag","embeddable":true,"href":"https:\/\/www.notibras.com\/site\/wp-json\/wp\/v2\/tags?post=346536"}],"curies":[{"name":"wp","href":"https:\/\/api.w.org\/{rel}","templated":true}]}}