{"id":346579,"date":"2025-01-28T07:05:37","date_gmt":"2025-01-28T10:05:37","guid":{"rendered":"https:\/\/www.notibras.com\/site\/?p=346579"},"modified":"2025-01-28T07:05:37","modified_gmt":"2025-01-28T10:05:37","slug":"misterio-das-pedras-que-mataram-padre-e-fazendeiro-continua-sem-solucao","status":"publish","type":"post","link":"https:\/\/www.notibras.com\/site\/misterio-das-pedras-que-mataram-padre-e-fazendeiro-continua-sem-solucao\/","title":{"rendered":"Mist\u00e9rio das pedras que mataram padre e fazendeiro continua sem solu\u00e7\u00e3o"},"content":{"rendered":"<p>Pode ser que uma coisa ou outra n\u00e3o tenha acontecido exatamente assim. J\u00e1 passei dos 90 anos e, por isso, \u00e9 compreens\u00edvel que me esque\u00e7a de algo ou, ent\u00e3o, troque fatos por devaneios. Mesmo assim, posso quase garantir que tudo se deu assim ou, talvez, n\u00e3o passou de um pesadelo que uma ent\u00e3o menina de nove anos presenciou nos idos de 1940, bem aqui nesta casa onde ainda me encontro, em Luzi\u00e2nia, regi\u00e3o pr\u00f3xima ao Distrito Federal.<\/p>\n<p>N\u00e3o sei se \u00e9 do seu conhecimento que povo de cidade pequena, geralmente, \u00e9 religioso e teme qualquer coisa que remeta a pensar que \u00e9 algo do <em>Coisa Ruim<\/em>. Repare que fa\u00e7o quest\u00e3o de grafar tal nome com mai\u00fascula, j\u00e1 que, at\u00e9 onde sei, a sua exist\u00eancia nunca foi contestada por gente temente a Deus.<\/p>\n<p>Manoel Barbosa de Oliveira, patriarca da fam\u00edlia mais abastada da cidade, era rigoroso em rela\u00e7\u00e3o \u00e0s tradi\u00e7\u00f5es. Respeitado na regi\u00e3o, rivalizava com padre Alfredo em autoridade. E, apesar de poss\u00edveis pendengas que pudessem existir por conta de vaidades, n\u00e3o havia uma sequer, ainda mais por conta da religiosidade exacerbada do chefe do casar\u00e3o localizado na pra\u00e7a da Matriz. Sem mencionar o respeitoso v\u00ednculo entre os dois homens.<\/p>\n<p>Padre Alfredo residia na igreja, que ficava ao lado da resid\u00eancia do senhor Manoel. Cidade pequena, o vig\u00e1rio conhecia cada fam\u00edlia, mesmo os mi\u00fados. Tamanha proximidade, no entanto, n\u00e3o poderia ser vista como sinal de liberdade para se aproximar do religioso, que, n\u00e3o raro, dava car\u00e3o nos fi\u00e9is, inclusive naqueles que carregavam mais idade.<\/p>\n<p>\u2014 Dona Cremilda, estou sentindo a sua falta na missa. Temo que a senhora tenha abandonado a sua f\u00e9.<\/p>\n<p>\u2014 Desculpe pela aus\u00eancia, padre Alfredo. \u00c9 que meu Ant\u00f4nio anda acamado.<\/p>\n<p>\u2014 J\u00e1 chamou o m\u00e9dico?<\/p>\n<p>\u2014 Ainda n\u00e3o.<\/p>\n<p>\u2014 Pois trate de cham\u00e1-lo.<\/p>\n<p>\u2014 Vou fazer isso agora mesmo, padre Alfredo.<\/p>\n<p>\u2014 Hum! Mas n\u00e3o se esque\u00e7a de levar o seu marido na missa de domingo. Afinal, do que adianta ter o corpo s\u00e3o, quando a alma est\u00e1 perdida?<\/p>\n<p>Seu Manoel tamb\u00e9m sabia se fazer rigoroso com os seus. N\u00e3o admitia atrasos na hora das refei\u00e7\u00f5es. E que todos estivessem devidamente sentados nos respectivos lugares. E nada de distra\u00e7\u00f5es no hor\u00e1rio de comer, pois, segundo o dono da resid\u00eancia, o c\u00e9rebro precisava se concentrar para mandar mensagem para o est\u00f4mago fazer a digest\u00e3o. Ningu\u00e9m ousava duvidar, nem mesmo Joaquim, o primog\u00eanito, que era estudante de medicina no Rio de Janeiro, ent\u00e3o capital do pa\u00eds.<\/p>\n<p>Com o patriarca sentado \u00e0 cabeceira, l\u00e1 estava toda a fam\u00edlia, degustando um delicioso guisado de carne, quando algo inesperado aconteceu. Uma pedra. Pois \u00e9, uma pedra, n\u00e3o se sabe de onde, caiu justamente no prato do seu Manoel, que ficou com a fina camisa de linho suja pelos respingos. O que era aquilo? Uma afronta, certamente!<\/p>\n<p>Joaquim, esperto como ele s\u00f3, correu para a janela e tentou descobrir quem era o autor daquele vitup\u00e9rio. Olhou de um lado, olhou para o outro, fitou o horizonte e nada. Nem sinal do atroz indiv\u00edduo.<\/p>\n<p>Diante daquela situa\u00e7\u00e3o, seu Manoel e dona Eul\u00e1lia, a esposa, perderam a fome. Quanto \u00e0 prole, foi quase obrigada a continuar sentada e terminar o almo\u00e7o. N\u00e3o seria um gesto de um fac\u00ednora que impediria que os filhos do casal se alimentassem dignamente.<\/p>\n<p>Seu Manoel, no decorrer da tarde, foi ter um dedo de prosa com o delegado. Aquele evento, mesmo que fosse fortuito, n\u00e3o poderia ficar impune. Que o respons\u00e1vel fosse arrancado de sua toca e exemplarmente punido. Onde j\u00e1 se viu interromper momento t\u00e3o sagrado como a refei\u00e7\u00e3o em fam\u00edlia?<\/p>\n<p>\u2014 Seu Manoel, o senhor pode ficar tranquilo, que iremos descobrir o sacripanta. E o bandido ter\u00e1 tratamento especial. Deixe comigo, que a pol\u00edcia ser\u00e1 impiedosa com o malfeitor.<\/p>\n<p>\u2014 \u00c9 o que espero, delegado Alvarenga. \u00c9 o que espero!<\/p>\n<p>Os dias seguintes foram calmos e sem qualquer pista do criminoso. Tudo parecia em paz at\u00e9 que, quase uma semana ap\u00f3s, durante o jantar, de repente, outra pedra caiu no prato do seu Manoel. Joaquim correu at\u00e9 a janela, mas n\u00e3o viu sequer uma alma viva.<\/p>\n<p>Seu Manoel, \u00e0quela hora da noite, mandou chamar o delegado. O sujeito ouviu horrores e, mais uma vez, prometeu que a pol\u00edcia iria pegar o delinquente o mais r\u00e1pido poss\u00edvel.<\/p>\n<p>\u2014 Que seja amanh\u00e3 mesmo, delegado Alvarenga!<\/p>\n<p>\u2014 Pode ficar tranquilo, seu Manoel. De amanh\u00e3, n\u00e3o passa.<\/p>\n<p>Como j\u00e1 era esperado, a pol\u00edcia n\u00e3o prendeu o salafr\u00e1rio no dia seguinte. Sem mais ter a quem recorrer, seu Manoel foi ter uma conversa com seu vizinho. Contou-lhe sobre os dois eventos, enquanto o religioso ouviu atentamente.<\/p>\n<p>\u2014 Padre Alfredo, n\u00e3o sei mais a quem recorrer.<\/p>\n<p>\u2014 Seu Manoel, antes das refei\u00e7\u00f5es, reze dez pais-nossos e cinco ave-marias.<\/p>\n<p>Ap\u00f3s escutar o sacerdote, seu Manoel logo colocou em pr\u00e1tica seus conselhos. Entretanto, de nada adiantaram as rezas, pois, novamente, uma pedra caiu no prato do patriarca. Enfurecido, o homem pensou em reclamar com padre Alfredo, mas, antes de colocar o p\u00e9 na igreja, conseguiu controlar seus \u00e2nimos e, usando a raz\u00e3o, convidou o religioso para almo\u00e7ar no dia seguinte.<\/p>\n<p>N\u00e3o era poss\u00edvel que, com o representante da igreja sentado \u00e0 mesa, aqueles eventos voltassem a acontecer. Entretanto, como garantia, padre Alfredo rezou 20 pais-nossos e 20 ave-marias antes que todos \u00e0 mesa dessem a primeira garfada no delicioso pernil assado.<\/p>\n<p>A princ\u00edpio ressabiados, os familiares come\u00e7aram a se sentir confiantes, at\u00e9 que todos come\u00e7aram a levar generosas por\u00e7\u00f5es \u00e0s bocas famintas. Seu Manoel, que n\u00e3o gostava de falat\u00f3rio \u00e0 mesa, enalteceu a presen\u00e7a do ilustre convidado.<\/p>\n<p>\u2014 Padre Alfredo, muito obrigado por livrar minha fam\u00edlia desse ser maligno.<\/p>\n<p>\u2014 Seu Manoel, sou mero instrumento do Nosso Senhor Jesus Cristo.<\/p>\n<p>\u2014 \u00c9 verdade, padre Alfredo. \u00c9 verdade!<\/p>\n<p>\u2014 Ningu\u00e9m pode com Ele. Ningu\u00e9m!<\/p>\n<p>\u2014 Ningu\u00e9m, padre Alfredo. Ningu\u00e9m!<\/p>\n<p>Enquanto padre Alfredo e seu Manoel enalteciam o poder de Jesus Cristo, eis que duas pedras certeiras os atingiram bem na testa. S\u00f3 me lembro das cabe\u00e7as do homem de Deus e do meu pai tombarem sobre seus pratos vazios. Os corpos dos cidad\u00e3os mais ilustres daquele tempo permaneceram inertes, enquanto o sangue escorreu sobre a mesa.<\/p>\n<p>&#8230;&#8230;&#8230;&#8230;&#8230;&#8230;&#8230;&#8230;&#8230;.<\/p>\n<p><strong>Eduardo Mart\u00ednez \u00e9 autor do livro 157 Contos e Cr\u00f4nicas por um Autor Muito Velho\u2019<\/strong><\/p>\n<p>Compre aqui\u00a0<span class=\"x19la9d6 x1fc57z9 x6ikm8r x10wlt62 x19co3pv x1g5zs5t xfibh0p xiy17q3 x1xsqp64 x1lkfr7t xexx8yu x4uap5 x18d9i69 xkhd6sd\"><span class=\"xrtxmta x1bhl96m\"><img decoding=\"async\" class=\"emoji\" role=\"img\" draggable=\"false\" src=\"https:\/\/s.w.org\/images\/core\/emoji\/15.0.3\/svg\/1f447-1f3ff.svg\" alt=\"&#x1f447;&#x1f3ff;\" \/><\/span><\/span><\/p>\n<p><a href=\"https:\/\/www.joanineditora.com.br\/57-contos-e-cronicas-por-um-autor-muito-velho\">https:\/\/www.joanineditora.com.br\/57-contos-e-cronicas-por-um-autor-muito-velho<\/a><\/p>\n","protected":false},"excerpt":{"rendered":"<p>Pode ser que uma coisa ou outra n\u00e3o tenha acontecido exatamente assim. J\u00e1 passei dos 90 anos e, por isso, \u00e9 compreens\u00edvel que me esque\u00e7a de algo ou, ent\u00e3o, troque fatos por devaneios. Mesmo assim, posso quase garantir que tudo se deu assim ou, talvez, n\u00e3o passou de um pesadelo que uma ent\u00e3o menina de [&hellip;]<\/p>\n","protected":false},"author":2,"featured_media":346580,"comment_status":"closed","ping_status":"closed","sticky":false,"template":"","format":"standard","meta":{"_acf_changed":false,"footnotes":""},"categories":[161],"tags":[],"class_list":["post-346579","post","type-post","status-publish","format-standard","has-post-thumbnail","hentry","category-quadradinho-em-foco"],"acf":[],"_links":{"self":[{"href":"https:\/\/www.notibras.com\/site\/wp-json\/wp\/v2\/posts\/346579","targetHints":{"allow":["GET"]}}],"collection":[{"href":"https:\/\/www.notibras.com\/site\/wp-json\/wp\/v2\/posts"}],"about":[{"href":"https:\/\/www.notibras.com\/site\/wp-json\/wp\/v2\/types\/post"}],"author":[{"embeddable":true,"href":"https:\/\/www.notibras.com\/site\/wp-json\/wp\/v2\/users\/2"}],"replies":[{"embeddable":true,"href":"https:\/\/www.notibras.com\/site\/wp-json\/wp\/v2\/comments?post=346579"}],"version-history":[{"count":1,"href":"https:\/\/www.notibras.com\/site\/wp-json\/wp\/v2\/posts\/346579\/revisions"}],"predecessor-version":[{"id":346581,"href":"https:\/\/www.notibras.com\/site\/wp-json\/wp\/v2\/posts\/346579\/revisions\/346581"}],"wp:featuredmedia":[{"embeddable":true,"href":"https:\/\/www.notibras.com\/site\/wp-json\/wp\/v2\/media\/346580"}],"wp:attachment":[{"href":"https:\/\/www.notibras.com\/site\/wp-json\/wp\/v2\/media?parent=346579"}],"wp:term":[{"taxonomy":"category","embeddable":true,"href":"https:\/\/www.notibras.com\/site\/wp-json\/wp\/v2\/categories?post=346579"},{"taxonomy":"post_tag","embeddable":true,"href":"https:\/\/www.notibras.com\/site\/wp-json\/wp\/v2\/tags?post=346579"}],"curies":[{"name":"wp","href":"https:\/\/api.w.org\/{rel}","templated":true}]}}