{"id":346585,"date":"2025-01-28T00:24:14","date_gmt":"2025-01-28T03:24:14","guid":{"rendered":"https:\/\/www.notibras.com\/site\/?p=346585"},"modified":"2025-01-28T07:26:26","modified_gmt":"2025-01-28T10:26:26","slug":"camara-setorial-vai-impulsionar-cadeia-produtiva-da-fruticultura","status":"publish","type":"post","link":"https:\/\/www.notibras.com\/site\/camara-setorial-vai-impulsionar-cadeia-produtiva-da-fruticultura\/","title":{"rendered":"C\u00e2mara Setorial vai impulsionar cadeia produtiva da fruticultura"},"content":{"rendered":"<p>O Governo do Distrito Federal (GDF) publicou portaria de cria\u00e7\u00e3o da C\u00e2mara Setorial de Fruticultura do Distrito Federal (CSF\/DF). Vinculada \u00e0 Secretaria de Agricultura, Abastecimento e Desenvolvimento Rural do DF (Seagri-DF) e \u00e0 Empresa de Assist\u00eancia T\u00e9cnica e Extens\u00e3o Rural (Emater-DF), a c\u00e2mara tem como objetivo debater, acompanhar, propor e executar a\u00e7\u00f5es voltadas ao fortalecimento da cadeia produtiva de frutas na capital.<\/p>\n<p>A cadeia da fruticultura \u00e9 uma atividade essencial na agricultura do DF, que contribui para a gera\u00e7\u00e3o de emprego, renda e seguran\u00e7a alimentar, al\u00e9m de estimular a diversifica\u00e7\u00e3o econ\u00f4mica e a sustentabilidade. No entanto, o setor enfrenta desafios como moderniza\u00e7\u00e3o tecnol\u00f3gica, organiza\u00e7\u00e3o de produtores, comercializa\u00e7\u00e3o e preserva\u00e7\u00e3o ambiental. A cria\u00e7\u00e3o da c\u00e2mara visa promover articula\u00e7\u00e3o e di\u00e1logo entre diferentes segmentos, permitindo o avan\u00e7o em solu\u00e7\u00f5es conjuntas e a cria\u00e7\u00e3o de pol\u00edticas p\u00fablicas estrat\u00e9gicas.<\/p>\n<p>Entre 2019 e 2023, a produ\u00e7\u00e3o de frutas no DF cresceu 16,25%, alcan\u00e7ando 37.615 toneladas em uma \u00e1rea plantada de 2.169 hectares. As principais culturas frut\u00edferas da regi\u00e3o incluem abacate, banana, tangerina, goiaba e maracuj\u00e1, que dominam o cen\u00e1rio agr\u00edcola pela diversidade e qualidade. Al\u00e9m disso, o cultivo de frutas vermelhas, como morango, mirtilo, framboesa e a\u00e7a\u00ed, tem se expandido significativamente, impulsionado por iniciativas como a Rota da Fruticultura. Essas frutas apresentam alto valor agregado e crescente demanda nos mercados gourmet e internacionais.<\/p>\n<p>O secret\u00e1rio de Agricultura, Abastecimento e Desenvolvimento Rural, Rafael Bueno, destacou a relev\u00e2ncia da c\u00e2mara como um espa\u00e7o estrat\u00e9gico para unir diferentes atores e avan\u00e7ar na solu\u00e7\u00e3o de problemas do setor. Segundo ele, a iniciativa fortalece a fruticultura, que tem crescido e se consolidado como um dos principais pilares da agricultura local.<\/p>\n<p>\u201cEsse ser\u00e1 o ambiente adequado em que produtores, assist\u00eancia t\u00e9cnica, setor p\u00fablico, iniciativa privada e representa\u00e7\u00f5es sindicais poder\u00e3o discutir melhorias e avan\u00e7os. \u00c9 um espa\u00e7o para trazer problemas, debat\u00ea-los e apontar solu\u00e7\u00f5es conjuntas, sempre pensando no crescimento e desenvolvimento da cadeia frut\u00edcola do DF. Nosso objetivo \u00e9 gerar mais renda ao produtor rural, mais emprego no campo e oferecer uma maior diversidade de produtos ao consumidor final\u201d, ressaltou o secret\u00e1rio.<\/p>\n<p>\u201cA cria\u00e7\u00e3o da C\u00e2mara Setorial de Fruticultura \u00e9 uma grande conquista para os produtores do Distrito Federal. Ela refor\u00e7a o compromisso de unir esfor\u00e7os para superar desafios, impulsionar a inova\u00e7\u00e3o e fortalecer toda a cadeia produtiva. Com esse espa\u00e7o de di\u00e1logo, ser\u00e1 poss\u00edvel avan\u00e7ar em quest\u00f5es essenciais, desde o aprimoramento no cultivo, no processamento e na comercializa\u00e7\u00e3o at\u00e9 o fortalecimento de associa\u00e7\u00f5es e cooperativas, garantindo mais competitividade e sustentabilidade para o setor\u201d, afirmou o presidente da Emater-DF, Cleison Duval.<\/p>\n<p>O pr\u00f3ximo passo ser\u00e1 a nomea\u00e7\u00e3o de representantes que far\u00e3o parte da composi\u00e7\u00e3o, que al\u00e9m da Emater e da Seagri e outros \u00f3rg\u00e3os p\u00fablicos, ter\u00e1 representantes de associa\u00e7\u00f5es e cooperativas do setor produtivo, garantindo pluralidade e legitimidade \u00e0s discuss\u00f5es.<\/p>\n","protected":false},"excerpt":{"rendered":"<p>O Governo do Distrito Federal (GDF) publicou portaria de cria\u00e7\u00e3o da C\u00e2mara Setorial de Fruticultura do Distrito Federal (CSF\/DF). Vinculada \u00e0 Secretaria de Agricultura, Abastecimento e Desenvolvimento Rural do DF (Seagri-DF) e \u00e0 Empresa de Assist\u00eancia T\u00e9cnica e Extens\u00e3o Rural (Emater-DF), a c\u00e2mara tem como objetivo debater, acompanhar, propor e executar a\u00e7\u00f5es voltadas ao fortalecimento [&hellip;]<\/p>\n","protected":false},"author":2,"featured_media":346586,"comment_status":"closed","ping_status":"closed","sticky":false,"template":"","format":"standard","meta":{"_acf_changed":false,"footnotes":""},"categories":[161],"tags":[],"class_list":["post-346585","post","type-post","status-publish","format-standard","has-post-thumbnail","hentry","category-quadradinho-em-foco"],"acf":[],"_links":{"self":[{"href":"https:\/\/www.notibras.com\/site\/wp-json\/wp\/v2\/posts\/346585","targetHints":{"allow":["GET"]}}],"collection":[{"href":"https:\/\/www.notibras.com\/site\/wp-json\/wp\/v2\/posts"}],"about":[{"href":"https:\/\/www.notibras.com\/site\/wp-json\/wp\/v2\/types\/post"}],"author":[{"embeddable":true,"href":"https:\/\/www.notibras.com\/site\/wp-json\/wp\/v2\/users\/2"}],"replies":[{"embeddable":true,"href":"https:\/\/www.notibras.com\/site\/wp-json\/wp\/v2\/comments?post=346585"}],"version-history":[{"count":1,"href":"https:\/\/www.notibras.com\/site\/wp-json\/wp\/v2\/posts\/346585\/revisions"}],"predecessor-version":[{"id":346587,"href":"https:\/\/www.notibras.com\/site\/wp-json\/wp\/v2\/posts\/346585\/revisions\/346587"}],"wp:featuredmedia":[{"embeddable":true,"href":"https:\/\/www.notibras.com\/site\/wp-json\/wp\/v2\/media\/346586"}],"wp:attachment":[{"href":"https:\/\/www.notibras.com\/site\/wp-json\/wp\/v2\/media?parent=346585"}],"wp:term":[{"taxonomy":"category","embeddable":true,"href":"https:\/\/www.notibras.com\/site\/wp-json\/wp\/v2\/categories?post=346585"},{"taxonomy":"post_tag","embeddable":true,"href":"https:\/\/www.notibras.com\/site\/wp-json\/wp\/v2\/tags?post=346585"}],"curies":[{"name":"wp","href":"https:\/\/api.w.org\/{rel}","templated":true}]}}