{"id":346602,"date":"2025-01-28T13:18:29","date_gmt":"2025-01-28T16:18:29","guid":{"rendered":"https:\/\/www.notibras.com\/site\/?p=346602"},"modified":"2025-01-28T13:19:10","modified_gmt":"2025-01-28T16:19:10","slug":"aquecimento-do-mar-quadruplica-e-nordeste-sofre-com-onda-de-calor","status":"publish","type":"post","link":"https:\/\/www.notibras.com\/site\/aquecimento-do-mar-quadruplica-e-nordeste-sofre-com-onda-de-calor\/","title":{"rendered":"Aquecimento do mar quadruplica e Nordeste sofre com onda de calor"},"content":{"rendered":"<p>Um estudo recente revelou que a taxa de aquecimento dos oceanos aumentou mais de quatro vezes nos \u00faltimos 40 anos, uma caracter\u00edstica alarmante que traz profundas consequ\u00eancias para o planeta e a vida humana. Os oceanos, que absorvem mais de 90% do calor excedente gerado pelo aquecimento global, est\u00e3o sendo dramaticamente impactados pelas atividades humanas, como a queima de combust\u00edveis f\u00f3sseis, o desmatamento e a emiss\u00e3o excessiva de gases de efeito estufa.<\/p>\n<p>O problema j\u00e1 vem sendo sentido com gravidade na regi\u00e3o Nordeste, e n\u00e3o \u00e9 observado apenas na orla mar\u00edtima. O sert\u00e3o fica mais quente e a \u00e1gua \u00e9 cada vez mais escassa.<\/p>\n<p>O aquecimento oce\u00e2nico contribui para a eleva\u00e7\u00e3o do n\u00edvel do mar, \u00e0 medida que as \u00e1guas se expandem e as calotas polares derretem. Esse processo amea\u00e7a comunidades costeiras em todo o mundo. Cidades nordestinas, em particular, buscam meios de conter o avan\u00e7o das mar\u00e9s.<\/p>\n<p>Al\u00e9m disso, o aumento das temperaturas est\u00e1 causando o branqueamento dos corais, comprometendo os ecossistemas marinhos e reduzindo a biodiversidade. Esp\u00e9cies de peixes e outros organismos marinhos est\u00e3o migrando para \u00e1guas mais frias, alterando cadeias alimentares e impactando profundamente a pesca artesanal e comercial.<\/p>\n<p>Outro efeito significativo \u00e9 o aumento da frequ\u00eancia e intensidade de eventos clim\u00e1ticos extremos, como furac\u00f5es e tuf\u00f5es, alimentados pelo calor excessivo das \u00e1guas superficiais. Essas tempestades causam destrui\u00e7\u00e3o em larga escala, colocando em risco a vida humana. Esse, por\u00e9m, \u00e9 um problema que, por ora, n\u00e3o atormenta a regi\u00e3o.<\/p>\n<p>O impacto na seguran\u00e7a alimentar \u00e9 uma das principais preocupa\u00e7\u00f5es. Com a migra\u00e7\u00e3o de esp\u00e9cies marinhas e a redu\u00e7\u00e3o de habitats, comunidades que dependem da pesca enfrentam desafios econ\u00f4micos e nutricionais. A eleva\u00e7\u00e3o do n\u00edvel do mar amea\u00e7a a exist\u00eancia de cidades costeiras e pequenas ilhas, for\u00e7ando deslocamentos populacionais em massa e gerando crises migrat\u00f3rias.<\/p>\n<p>Al\u00e9m disso, o aquecimento contribui para mudan\u00e7as nos padr\u00f5es clim\u00e1ticos globais, afetando a agricultura e a disponibilidade de \u00e1gua pot\u00e1vel. Secas mais graves e inunda\u00e7\u00f5es frequentes est\u00e3o se tornando mais comuns, afetando diretamente a qualidade de vida de milh\u00f5es de pessoas.<\/p>\n<p>Os especialistas destacam a necessidade urgente de reduzir as emiss\u00f5es globais de gases de efeito estufa. Isso inclui a transi\u00e7\u00e3o para fontes de energia renov\u00e1veis, como solar e e\u00f3lica, a conserva\u00e7\u00e3o dos ecossistemas marinhos e a implementa\u00e7\u00e3o de pol\u00edticas p\u00fablicas eficazes.<\/p>\n<p>Os mesmos ambientalistas sugerem que a conscientiza\u00e7\u00e3o e a a\u00e7\u00e3o global s\u00e3o essenciais para mitigar os impactos do aquecimento dos oceanos e proteger tanto o meio ambiente quanto a pr\u00f3pria exist\u00eancia da humanidade.<\/p>\n","protected":false},"excerpt":{"rendered":"<p>Um estudo recente revelou que a taxa de aquecimento dos oceanos aumentou mais de quatro vezes nos \u00faltimos 40 anos, uma caracter\u00edstica alarmante que traz profundas consequ\u00eancias para o planeta e a vida humana. Os oceanos, que absorvem mais de 90% do calor excedente gerado pelo aquecimento global, est\u00e3o sendo dramaticamente impactados pelas atividades humanas, [&hellip;]<\/p>\n","protected":false},"author":2,"featured_media":346603,"comment_status":"closed","ping_status":"closed","sticky":false,"template":"","format":"standard","meta":{"_acf_changed":false,"footnotes":""},"categories":[165],"tags":[95],"class_list":["post-346602","post","type-post","status-publish","format-standard","has-post-thumbnail","hentry","category-nordeste","tag-capa"],"acf":[],"_links":{"self":[{"href":"https:\/\/www.notibras.com\/site\/wp-json\/wp\/v2\/posts\/346602","targetHints":{"allow":["GET"]}}],"collection":[{"href":"https:\/\/www.notibras.com\/site\/wp-json\/wp\/v2\/posts"}],"about":[{"href":"https:\/\/www.notibras.com\/site\/wp-json\/wp\/v2\/types\/post"}],"author":[{"embeddable":true,"href":"https:\/\/www.notibras.com\/site\/wp-json\/wp\/v2\/users\/2"}],"replies":[{"embeddable":true,"href":"https:\/\/www.notibras.com\/site\/wp-json\/wp\/v2\/comments?post=346602"}],"version-history":[{"count":2,"href":"https:\/\/www.notibras.com\/site\/wp-json\/wp\/v2\/posts\/346602\/revisions"}],"predecessor-version":[{"id":346605,"href":"https:\/\/www.notibras.com\/site\/wp-json\/wp\/v2\/posts\/346602\/revisions\/346605"}],"wp:featuredmedia":[{"embeddable":true,"href":"https:\/\/www.notibras.com\/site\/wp-json\/wp\/v2\/media\/346603"}],"wp:attachment":[{"href":"https:\/\/www.notibras.com\/site\/wp-json\/wp\/v2\/media?parent=346602"}],"wp:term":[{"taxonomy":"category","embeddable":true,"href":"https:\/\/www.notibras.com\/site\/wp-json\/wp\/v2\/categories?post=346602"},{"taxonomy":"post_tag","embeddable":true,"href":"https:\/\/www.notibras.com\/site\/wp-json\/wp\/v2\/tags?post=346602"}],"curies":[{"name":"wp","href":"https:\/\/api.w.org\/{rel}","templated":true}]}}