{"id":346648,"date":"2025-01-29T08:36:57","date_gmt":"2025-01-29T11:36:57","guid":{"rendered":"https:\/\/www.notibras.com\/site\/?p=346648"},"modified":"2025-01-29T08:38:35","modified_gmt":"2025-01-29T11:38:35","slug":"clima-de-carnaval-comeca-e-folioes-invadem-as-ruas-de-olinda-recife-e-salvador","status":"publish","type":"post","link":"https:\/\/www.notibras.com\/site\/clima-de-carnaval-comeca-e-folioes-invadem-as-ruas-de-olinda-recife-e-salvador\/","title":{"rendered":"Clima de Carnaval come\u00e7a e foli\u00f5es invadem as ruas de Olinda, Recife e Salvador"},"content":{"rendered":"<p>O cheiro de Carnaval j\u00e1 est\u00e1 no ar. Ele vem misturado ao suor dos ensaios de frevo nas ladeiras de Olinda, \u00e0s batidas do maracatu que ressoam pelos becos do Recife Antigo e ao ecoar dos tambores do Olodum, que transformam as ruas de Salvador em palcos de um espet\u00e1culo sem igual. O foli\u00e3o sente antes mesmo de ver: \u00e9 o bafo quente da multid\u00e3o, o estalo do confete esmagado sob os p\u00e9s, o tilintar das latinhas de cerveja batendo umas nas outras num brinde apressado.<\/p>\n<p>Os primeiros blocos j\u00e1 anunciam sua chegada. Em Olinda, os bonecos gigantes come\u00e7am a despertar de seu torpor anual, esperando ansiosos o momento de espiar, do alto, a festa que se avizinha. No Recife, os clarins do Galo da Madrugada ensaiam suas notas, preparando-se para arrastar multid\u00f5es em um desfile que n\u00e3o \u00e9 apenas um evento, mas uma entidade pr\u00f3pria, um ritual que se repete e se renova a cada fevereiro. J\u00e1 em Salvador, os trios el\u00e9tricos testam seus equipamentos, enquanto pipocas e camarotes especulam quem ser\u00e3o os puxadores deste ano, quem vai reger a multid\u00e3o em \u00eaxtase.<\/p>\n<p>Os foli\u00f5es, esses, j\u00e1 vivem a festa antes mesmo do apito inicial. H\u00e1 quem passe o ano inteiro economizando para garantir aquele abad\u00e1 disputado, quem dedique horas para aprender os passos do frevo sem desmoronar sob o calor do asfalto, quem trate a agenda do Carnaval como um roteiro de peregrina\u00e7\u00e3o: sexta em Olinda, s\u00e1bado no Recife, domingo em Salvador, e seja o que Deus quiser na quarta-feira de cinzas.<\/p>\n<p>N\u00e3o h\u00e1 freio, n\u00e3o h\u00e1 cansa\u00e7o. H\u00e1 apenas essa energia bruta que contagia, esse ritmo que entra na pele e faz o corpo se mover mesmo quando a raz\u00e3o pede pausa. O Carnaval, afinal, n\u00e3o \u00e9 um evento, mas um estado de esp\u00edrito. E ele j\u00e1 come\u00e7ou a tomar conta de Olinda, Recife e Salvador.<\/p>\n","protected":false},"excerpt":{"rendered":"<p>O cheiro de Carnaval j\u00e1 est\u00e1 no ar. Ele vem misturado ao suor dos ensaios de frevo nas ladeiras de Olinda, \u00e0s batidas do maracatu que ressoam pelos becos do Recife Antigo e ao ecoar dos tambores do Olodum, que transformam as ruas de Salvador em palcos de um espet\u00e1culo sem igual. O foli\u00e3o sente [&hellip;]<\/p>\n","protected":false},"author":2,"featured_media":346649,"comment_status":"closed","ping_status":"closed","sticky":false,"template":"","format":"standard","meta":{"_acf_changed":false,"footnotes":""},"categories":[165],"tags":[],"class_list":["post-346648","post","type-post","status-publish","format-standard","has-post-thumbnail","hentry","category-nordeste"],"acf":[],"_links":{"self":[{"href":"https:\/\/www.notibras.com\/site\/wp-json\/wp\/v2\/posts\/346648","targetHints":{"allow":["GET"]}}],"collection":[{"href":"https:\/\/www.notibras.com\/site\/wp-json\/wp\/v2\/posts"}],"about":[{"href":"https:\/\/www.notibras.com\/site\/wp-json\/wp\/v2\/types\/post"}],"author":[{"embeddable":true,"href":"https:\/\/www.notibras.com\/site\/wp-json\/wp\/v2\/users\/2"}],"replies":[{"embeddable":true,"href":"https:\/\/www.notibras.com\/site\/wp-json\/wp\/v2\/comments?post=346648"}],"version-history":[{"count":2,"href":"https:\/\/www.notibras.com\/site\/wp-json\/wp\/v2\/posts\/346648\/revisions"}],"predecessor-version":[{"id":346651,"href":"https:\/\/www.notibras.com\/site\/wp-json\/wp\/v2\/posts\/346648\/revisions\/346651"}],"wp:featuredmedia":[{"embeddable":true,"href":"https:\/\/www.notibras.com\/site\/wp-json\/wp\/v2\/media\/346649"}],"wp:attachment":[{"href":"https:\/\/www.notibras.com\/site\/wp-json\/wp\/v2\/media?parent=346648"}],"wp:term":[{"taxonomy":"category","embeddable":true,"href":"https:\/\/www.notibras.com\/site\/wp-json\/wp\/v2\/categories?post=346648"},{"taxonomy":"post_tag","embeddable":true,"href":"https:\/\/www.notibras.com\/site\/wp-json\/wp\/v2\/tags?post=346648"}],"curies":[{"name":"wp","href":"https:\/\/api.w.org\/{rel}","templated":true}]}}