{"id":346652,"date":"2025-01-29T00:49:36","date_gmt":"2025-01-29T03:49:36","guid":{"rendered":"https:\/\/www.notibras.com\/site\/?p=346652"},"modified":"2025-01-29T08:52:50","modified_gmt":"2025-01-29T11:52:50","slug":"policia-prende-dentista-de-74-anos-que-matou-a-propria-funcionaria","status":"publish","type":"post","link":"https:\/\/www.notibras.com\/site\/policia-prende-dentista-de-74-anos-que-matou-a-propria-funcionaria\/","title":{"rendered":"Pol\u00edcia prende dentista de 74 anos que matou a pr\u00f3pria funcion\u00e1ria"},"content":{"rendered":"<p>A Pol\u00edcia segue atenta para cumprir as ordens da Justi\u00e7a. A mais recente prova disso foi a pris\u00e3o do dentista Rivail Chiarini, de 74 anos, em Sobral, no interior do Cear\u00e1.<\/p>\n<p>Ele foi detido na ter\u00e7a, 28, em cumprimento de uma senten\u00e7a condenat\u00f3ria pelo assassinato de Relaine Argona Ferreira, sua ex-funcion\u00e1ria, ocorrido em julho de 2002 na cidade de Americana, S\u00e3o Paulo<\/p>\n<p>Relaine, que tinha 23 anos na \u00e9poca do crime, estava gr\u00e1vida quando foi morta.<\/p>\n<p>A pris\u00e3o de Chiarini demonstra o compromisso das autoridades em garantir que crimes graves n\u00e3o fiquem impunes, independentemente do tempo que tenha acontecido. Nesses casos, prescri\u00e7\u00e3o n\u00e3o conta.<\/p>\n","protected":false},"excerpt":{"rendered":"<p>A Pol\u00edcia segue atenta para cumprir as ordens da Justi\u00e7a. A mais recente prova disso foi a pris\u00e3o do dentista Rivail Chiarini, de 74 anos, em Sobral, no interior do Cear\u00e1. Ele foi detido na ter\u00e7a, 28, em cumprimento de uma senten\u00e7a condenat\u00f3ria pelo assassinato de Relaine Argona Ferreira, sua ex-funcion\u00e1ria, ocorrido em julho de [&hellip;]<\/p>\n","protected":false},"author":2,"featured_media":346653,"comment_status":"closed","ping_status":"closed","sticky":false,"template":"","format":"standard","meta":{"_acf_changed":false,"footnotes":""},"categories":[165],"tags":[],"class_list":["post-346652","post","type-post","status-publish","format-standard","has-post-thumbnail","hentry","category-nordeste"],"acf":[],"_links":{"self":[{"href":"https:\/\/www.notibras.com\/site\/wp-json\/wp\/v2\/posts\/346652","targetHints":{"allow":["GET"]}}],"collection":[{"href":"https:\/\/www.notibras.com\/site\/wp-json\/wp\/v2\/posts"}],"about":[{"href":"https:\/\/www.notibras.com\/site\/wp-json\/wp\/v2\/types\/post"}],"author":[{"embeddable":true,"href":"https:\/\/www.notibras.com\/site\/wp-json\/wp\/v2\/users\/2"}],"replies":[{"embeddable":true,"href":"https:\/\/www.notibras.com\/site\/wp-json\/wp\/v2\/comments?post=346652"}],"version-history":[{"count":3,"href":"https:\/\/www.notibras.com\/site\/wp-json\/wp\/v2\/posts\/346652\/revisions"}],"predecessor-version":[{"id":346656,"href":"https:\/\/www.notibras.com\/site\/wp-json\/wp\/v2\/posts\/346652\/revisions\/346656"}],"wp:featuredmedia":[{"embeddable":true,"href":"https:\/\/www.notibras.com\/site\/wp-json\/wp\/v2\/media\/346653"}],"wp:attachment":[{"href":"https:\/\/www.notibras.com\/site\/wp-json\/wp\/v2\/media?parent=346652"}],"wp:term":[{"taxonomy":"category","embeddable":true,"href":"https:\/\/www.notibras.com\/site\/wp-json\/wp\/v2\/categories?post=346652"},{"taxonomy":"post_tag","embeddable":true,"href":"https:\/\/www.notibras.com\/site\/wp-json\/wp\/v2\/tags?post=346652"}],"curies":[{"name":"wp","href":"https:\/\/api.w.org\/{rel}","templated":true}]}}