{"id":346663,"date":"2025-01-29T08:30:30","date_gmt":"2025-01-29T11:30:30","guid":{"rendered":"https:\/\/www.notibras.com\/site\/?p=346663"},"modified":"2025-01-29T09:53:45","modified_gmt":"2025-01-29T12:53:45","slug":"fogo-em-caixa-dagua-deixa-regiao-metropolitana-do-recife-com-torneiras-vazias","status":"publish","type":"post","link":"https:\/\/www.notibras.com\/site\/fogo-em-caixa-dagua-deixa-regiao-metropolitana-do-recife-com-torneiras-vazias\/","title":{"rendered":"Fogo em caixa d&#8217;agua deixa Regi\u00e3o Metropolitana do Recife com torneiras vazias"},"content":{"rendered":"<p>At\u00e9 parece brincadeira, mas todos os 14 munic\u00edpios que formam a Regi\u00e3o Metropolitana do Recife est\u00e3o sem \u00e1gua nas torneiras desde a ter\u00e7a-feira, 28, quando um inc\u00eandio atingiu a Esta\u00e7\u00e3o Elevat\u00f3ria de \u00c1gua Bruta (bombeamento), uma das unidades do Sistema Pirapama, que funciona como uma esp\u00e9cie de caixa d&#8217;agua para a regi\u00e3o e outros munic\u00edpios do interior.<\/p>\n<p>Localizada no Cabo de Santo Agostinho, a meia hora do Recife, essa esta\u00e7\u00e3o elevat\u00f3ria da Compesa (Companhia Pernambucana de Saneamento) foi atingida pelo fogo de madrugada O inc\u00eandio danificou equipamentos eletromec\u00e2nicos e quadros de comando.<\/p>\n<p>O Corpo de Bombeiros foi acionado para debelar as chamas e n\u00e3o houve v\u00edtimas, apenas danos materiais.<\/p>\n<p>A Compesa informou que a causa do inc\u00eandio ainda n\u00e3o foi identificada, mas h\u00e1 grande possibilidade de ter sido consequ\u00eancia das fortes chuvas registradas na regi\u00e3o na noite e madrugada de segunda (27). Especula-se que a unidade pode ter sido atingida por um raio.<\/p>\n<p>Conclu\u00eddos os trabalhos, a partir da tarde desta quarta-feira ser\u00e3o iniciados os procedimentos para a retomada da opera\u00e7\u00e3o e distribui\u00e7\u00e3o de \u00e1gua, de forma gradual, em localidades do Recife, Cabo de Santo Agostinho e Jaboat\u00e3o dos Guararapes.<\/p>\n<p>A Compesa esclareceu que o processo envolve, tamb\u00e9m, um per\u00edodo de 12 horas, necess\u00e1rio para o enchimento das adutoras e reservat\u00f3rios. A expectativa \u00e9 que a distribui\u00e7\u00e3o de \u00e1gua seja iniciada a partir do meio-dia, para as \u00e1reas afetadas, de acordo com o calend\u00e1rio que disp\u00f5e sobre o racionamento d&#8217;agua na Regi\u00e3o Metropolitana, durante o ver\u00e3o.<\/p>\n<p>Como o Sistema Pirapama opera de forma integrada ao Sistema Tapacur\u00e1, tamb\u00e9m houve impacto em bairros do Recife, atendidos por estes dois sistemas produtores de \u00e1gua com redu\u00e7\u00e3o de tempo de abastecimento e queda de press\u00e3o.<\/p>\n<p>Com todos os munic\u00edpios da regi\u00e3o est\u00e3o debaixo d&#8217;agua, com ruas alagadas e casas invadidas, a popula\u00e7\u00e3o vive a ins\u00f3lita situa\u00e7\u00e3o de assistirem a \u00e1gua entrando at\u00e9 por portas e janelas de suas resid\u00eancias, mas sem nenhuma gota saindo pelas torneiras.<\/p>\n","protected":false},"excerpt":{"rendered":"<p>At\u00e9 parece brincadeira, mas todos os 14 munic\u00edpios que formam a Regi\u00e3o Metropolitana do Recife est\u00e3o sem \u00e1gua nas torneiras desde a ter\u00e7a-feira, 28, quando um inc\u00eandio atingiu a Esta\u00e7\u00e3o Elevat\u00f3ria de \u00c1gua Bruta (bombeamento), uma das unidades do Sistema Pirapama, que funciona como uma esp\u00e9cie de caixa d&#8217;agua para a regi\u00e3o e outros munic\u00edpios [&hellip;]<\/p>\n","protected":false},"author":2,"featured_media":346664,"comment_status":"closed","ping_status":"closed","sticky":false,"template":"","format":"standard","meta":{"_acf_changed":false,"footnotes":""},"categories":[165],"tags":[],"class_list":["post-346663","post","type-post","status-publish","format-standard","has-post-thumbnail","hentry","category-nordeste"],"acf":[],"_links":{"self":[{"href":"https:\/\/www.notibras.com\/site\/wp-json\/wp\/v2\/posts\/346663","targetHints":{"allow":["GET"]}}],"collection":[{"href":"https:\/\/www.notibras.com\/site\/wp-json\/wp\/v2\/posts"}],"about":[{"href":"https:\/\/www.notibras.com\/site\/wp-json\/wp\/v2\/types\/post"}],"author":[{"embeddable":true,"href":"https:\/\/www.notibras.com\/site\/wp-json\/wp\/v2\/users\/2"}],"replies":[{"embeddable":true,"href":"https:\/\/www.notibras.com\/site\/wp-json\/wp\/v2\/comments?post=346663"}],"version-history":[{"count":1,"href":"https:\/\/www.notibras.com\/site\/wp-json\/wp\/v2\/posts\/346663\/revisions"}],"predecessor-version":[{"id":346665,"href":"https:\/\/www.notibras.com\/site\/wp-json\/wp\/v2\/posts\/346663\/revisions\/346665"}],"wp:featuredmedia":[{"embeddable":true,"href":"https:\/\/www.notibras.com\/site\/wp-json\/wp\/v2\/media\/346664"}],"wp:attachment":[{"href":"https:\/\/www.notibras.com\/site\/wp-json\/wp\/v2\/media?parent=346663"}],"wp:term":[{"taxonomy":"category","embeddable":true,"href":"https:\/\/www.notibras.com\/site\/wp-json\/wp\/v2\/categories?post=346663"},{"taxonomy":"post_tag","embeddable":true,"href":"https:\/\/www.notibras.com\/site\/wp-json\/wp\/v2\/tags?post=346663"}],"curies":[{"name":"wp","href":"https:\/\/api.w.org\/{rel}","templated":true}]}}