{"id":346666,"date":"2025-01-29T00:01:19","date_gmt":"2025-01-29T03:01:19","guid":{"rendered":"https:\/\/www.notibras.com\/site\/?p=346666"},"modified":"2025-01-29T10:03:24","modified_gmt":"2025-01-29T13:03:24","slug":"tribunal-cobra-esclarecimentos-sobre-falta-de-profissionais-em-ala-de-gesso","status":"publish","type":"post","link":"https:\/\/www.notibras.com\/site\/tribunal-cobra-esclarecimentos-sobre-falta-de-profissionais-em-ala-de-gesso\/","title":{"rendered":"Tribunal cobra esclarecimentos sobre falta de profissionais em ala de gesso"},"content":{"rendered":"<p>O Tribunal de Contas do Distrito Federal deu um prazo de 30 dias para que a Secretaria de Estado de Sa\u00fade preste esclarecimentos sobre poss\u00edvel d\u00e9ficit de profissionais na escala da ala gesso no Hospital Regional de Ceil\u00e2ndia (HRC).<\/p>\n<p>A decis\u00e3o foi tomada ap\u00f3s o TCDF analisar uma representa\u00e7\u00e3o, no \u00e2mbito do processo 00600-00015833\/2024-82-e, que denunciou a falta de profissionais como auxiliares de sa\u00fade em \u00e1reas como Ortopedia e Gesso do HRC.<\/p>\n<p>Segundo informa\u00e7\u00f5es do Minist\u00e9rio P\u00fablico de Contas do DF, em alguns per\u00edodos, a ala de gesso do HRC contava com apenas um profissional escalado. Demandas para o setor vindas de \u00e1reas como Pronto Socorro, enfermarias e ambulat\u00f3rio tamb\u00e9m ficavam, muitas vezes, sem atendimento. Ainda segundo a representa\u00e7\u00e3o, tal situa\u00e7\u00e3o, al\u00e9m de comprometer o atendimento da popula\u00e7\u00e3o, tamb\u00e9m pode corroborar com o adoecimento e sobrecarga dos profissionais de sa\u00fade.<\/p>\n<p>Em of\u00edcio, o Hospital Regional de Ceil\u00e2ndia informou que &#8220;devido a exonera\u00e7\u00f5es e aposentadorias, o d\u00e9ficit atualmente na sala de gesso do HRC chega a 285 horas semanais&#8221;, insuficiente para a demanda de atendimento aos pacientes. &#8220;(&#8230;) o d\u00e9ficit de horas atual na sala de gesso \u00e9 mais do que o total que disp\u00f5e atualmente (280 horas semanais), o que demonstra a necessidade de pelo menos o dobro de pessoal e aponta para o risco de comprometimento na presta\u00e7\u00e3o do servi\u00e7o \u00e0 popula\u00e7\u00e3o e \u00e0 sa\u00fade dos profissionais.&#8221;, aponta documento do MPC\/DF.<\/p>\n","protected":false},"excerpt":{"rendered":"<p>O Tribunal de Contas do Distrito Federal deu um prazo de 30 dias para que a Secretaria de Estado de Sa\u00fade preste esclarecimentos sobre poss\u00edvel d\u00e9ficit de profissionais na escala da ala gesso no Hospital Regional de Ceil\u00e2ndia (HRC). A decis\u00e3o foi tomada ap\u00f3s o TCDF analisar uma representa\u00e7\u00e3o, no \u00e2mbito do processo 00600-00015833\/2024-82-e, que [&hellip;]<\/p>\n","protected":false},"author":2,"featured_media":346667,"comment_status":"closed","ping_status":"closed","sticky":false,"template":"","format":"standard","meta":{"_acf_changed":false,"footnotes":""},"categories":[161],"tags":[],"class_list":["post-346666","post","type-post","status-publish","format-standard","has-post-thumbnail","hentry","category-quadradinho-em-foco"],"acf":[],"_links":{"self":[{"href":"https:\/\/www.notibras.com\/site\/wp-json\/wp\/v2\/posts\/346666","targetHints":{"allow":["GET"]}}],"collection":[{"href":"https:\/\/www.notibras.com\/site\/wp-json\/wp\/v2\/posts"}],"about":[{"href":"https:\/\/www.notibras.com\/site\/wp-json\/wp\/v2\/types\/post"}],"author":[{"embeddable":true,"href":"https:\/\/www.notibras.com\/site\/wp-json\/wp\/v2\/users\/2"}],"replies":[{"embeddable":true,"href":"https:\/\/www.notibras.com\/site\/wp-json\/wp\/v2\/comments?post=346666"}],"version-history":[{"count":1,"href":"https:\/\/www.notibras.com\/site\/wp-json\/wp\/v2\/posts\/346666\/revisions"}],"predecessor-version":[{"id":346668,"href":"https:\/\/www.notibras.com\/site\/wp-json\/wp\/v2\/posts\/346666\/revisions\/346668"}],"wp:featuredmedia":[{"embeddable":true,"href":"https:\/\/www.notibras.com\/site\/wp-json\/wp\/v2\/media\/346667"}],"wp:attachment":[{"href":"https:\/\/www.notibras.com\/site\/wp-json\/wp\/v2\/media?parent=346666"}],"wp:term":[{"taxonomy":"category","embeddable":true,"href":"https:\/\/www.notibras.com\/site\/wp-json\/wp\/v2\/categories?post=346666"},{"taxonomy":"post_tag","embeddable":true,"href":"https:\/\/www.notibras.com\/site\/wp-json\/wp\/v2\/tags?post=346666"}],"curies":[{"name":"wp","href":"https:\/\/api.w.org\/{rel}","templated":true}]}}