{"id":346720,"date":"2025-01-30T08:03:14","date_gmt":"2025-01-30T11:03:14","guid":{"rendered":"https:\/\/www.notibras.com\/site\/?p=346720"},"modified":"2025-01-30T08:07:05","modified_gmt":"2025-01-30T11:07:05","slug":"nordestino-prepara-sua-festa-de-fe-para-iemanja-da-bahia-ao-maranhao","status":"publish","type":"post","link":"https:\/\/www.notibras.com\/site\/nordestino-prepara-sua-festa-de-fe-para-iemanja-da-bahia-ao-maranhao\/","title":{"rendered":"Nordestino prepara sua festa de f\u00e9 para Iemanj\u00e1 da Bahia ao Maranh\u00e3o"},"content":{"rendered":"<p>No domingo, 2 de fevereiro, as praias do Nordeste se transformar\u00e3o em um imenso altar de areia e mar. De Salvador a S\u00e3o Lu\u00eds, o povo se reunira\u0301 de branco, as ma\u0303os cheias de flores, perfumes e esperanc\u0327as. A cada onda que rebenta na beira, um pedido, um segredo, um agradecimento. O azul prateado do oceano refletira\u0301 as velas acesas, que tremulam ao vento como pequenos faro\u0301is de fe\u0301.<\/p>\n<p>Nos barcos improvisados, as oferendas seguir\u00e3o o caminho das correntes, levando promessas e de\u0301bitos espirituais para as ma\u0303os da Rainha do Mar. Haver\u00e1 quem cante pontos de umbanda, quem murmure ora\u00e7o\u0303es baixinho, e quem apenas contemple, em sile\u0302ncio, o infinito liquefeito diante dos olhos.<\/p>\n<p>O pescador, que conhece o humor das a\u0301guas, tamb\u00e9m far\u00e1 sua rever\u00eancia discreta. Mandar\u00e1 um pedido simples: que o mar seja generoso, que devolva mais peixes que sustos, mais fartura que tormentas. As ma\u0303es levar\u00e3o seus filhos, ensinando a tradic\u0327a\u0303o que mistura fe\u0301, cultura e resiste ao tempo.<\/p>\n<p>No final da tarde, o horizonte engolir\u00e1 o sol e o ce\u0301u se vestir\u00e1 de um azul mais profundo. As ondas recolher\u00e3o os vest\u00edgios da festa e o mar, com seu mist\u00e9rio de eternidade, decidir\u00e1 o destino das oferendas. Em terra, fica a certeza: Iemanj\u00e1 ouviu pedidos. E atender\u00e1.<\/p>\n","protected":false},"excerpt":{"rendered":"<p>No domingo, 2 de fevereiro, as praias do Nordeste se transformar\u00e3o em um imenso altar de areia e mar. De Salvador a S\u00e3o Lu\u00eds, o povo se reunira\u0301 de branco, as ma\u0303os cheias de flores, perfumes e esperanc\u0327as. A cada onda que rebenta na beira, um pedido, um segredo, um agradecimento. O azul prateado do [&hellip;]<\/p>\n","protected":false},"author":2,"featured_media":346721,"comment_status":"closed","ping_status":"closed","sticky":false,"template":"","format":"standard","meta":{"_acf_changed":false,"footnotes":""},"categories":[165],"tags":[],"class_list":["post-346720","post","type-post","status-publish","format-standard","has-post-thumbnail","hentry","category-nordeste"],"acf":[],"_links":{"self":[{"href":"https:\/\/www.notibras.com\/site\/wp-json\/wp\/v2\/posts\/346720","targetHints":{"allow":["GET"]}}],"collection":[{"href":"https:\/\/www.notibras.com\/site\/wp-json\/wp\/v2\/posts"}],"about":[{"href":"https:\/\/www.notibras.com\/site\/wp-json\/wp\/v2\/types\/post"}],"author":[{"embeddable":true,"href":"https:\/\/www.notibras.com\/site\/wp-json\/wp\/v2\/users\/2"}],"replies":[{"embeddable":true,"href":"https:\/\/www.notibras.com\/site\/wp-json\/wp\/v2\/comments?post=346720"}],"version-history":[{"count":4,"href":"https:\/\/www.notibras.com\/site\/wp-json\/wp\/v2\/posts\/346720\/revisions"}],"predecessor-version":[{"id":346725,"href":"https:\/\/www.notibras.com\/site\/wp-json\/wp\/v2\/posts\/346720\/revisions\/346725"}],"wp:featuredmedia":[{"embeddable":true,"href":"https:\/\/www.notibras.com\/site\/wp-json\/wp\/v2\/media\/346721"}],"wp:attachment":[{"href":"https:\/\/www.notibras.com\/site\/wp-json\/wp\/v2\/media?parent=346720"}],"wp:term":[{"taxonomy":"category","embeddable":true,"href":"https:\/\/www.notibras.com\/site\/wp-json\/wp\/v2\/categories?post=346720"},{"taxonomy":"post_tag","embeddable":true,"href":"https:\/\/www.notibras.com\/site\/wp-json\/wp\/v2\/tags?post=346720"}],"curies":[{"name":"wp","href":"https:\/\/api.w.org\/{rel}","templated":true}]}}