{"id":346726,"date":"2025-01-30T00:32:34","date_gmt":"2025-01-30T03:32:34","guid":{"rendered":"https:\/\/www.notibras.com\/site\/?p=346726"},"modified":"2025-01-30T08:36:26","modified_gmt":"2025-01-30T11:36:26","slug":"jovem-e-presa-com-3-kg-de-cocaina-no-aeroporto-de-joao-pessoa","status":"publish","type":"post","link":"https:\/\/www.notibras.com\/site\/jovem-e-presa-com-3-kg-de-cocaina-no-aeroporto-de-joao-pessoa\/","title":{"rendered":"Jovem \u00e9 presa com 3 kg de coca\u00edna no Aeroporto de Jo\u00e3o Pessoa"},"content":{"rendered":"<p>Uma jovem de 23 anos foi presa em flagrante na tarde de quarta-feira (29) ao tentar transportar pacotes de pasta base de coca\u00edna presos ao corpo, sob as roupas. A pris\u00e3o ocorreu no Aeroporto Internacional Presidente Castro Pinto, em Jo\u00e3o Pessoa, capital da Para\u00edba.<\/p>\n<p>Segundo informa\u00e7\u00f5es da Pol\u00edcia Federal, a mulher carregava aproximadamente 3 kg da droga, distribu\u00eddos em pacotes ajustados ao seu corpo. A suspeita foi abordada por agentes durante uma opera\u00e7\u00e3o de rotina de combate ao tr\u00e1fico de drogas. Durante a revista, os policiais notaram um volume irregular sob suas vestimentas e procederam com a abordagem detalhada, confirmando a presen\u00e7a da subst\u00e2ncia il\u00edcita.<\/p>\n<p>De acordo com as autoridades, a mulher vinha de outro estado e pretendia embarcar em um voo com destino a uma cidade do sudeste do pa\u00eds, onde possivelmente entregaria a droga para uma organiza\u00e7\u00e3o criminosa. A suspeita foi conduzida \u00e0 Superintend\u00eancia da Pol\u00edcia Federal na Para\u00edba, onde foi autuada por tr\u00e1fico de drogas. Caso condenada, ela pode pegar uma pena que varia de 5 a 15 anos de reclus\u00e3o.<\/p>\n<p>A Pol\u00edcia Federal segue investigando o caso para identificar outros envolvidos na opera\u00e7\u00e3o de tr\u00e1fico. &#8220;Essa pris\u00e3o demonstra a import\u00e2ncia das fiscaliza\u00e7\u00f5es nos aeroportos, um dos principais pontos de escoamento de drogas no pa\u00eds&#8221;, afirmou um dos delegados respons\u00e1veis pela a\u00e7\u00e3o.<\/p>\n<p>A jovem permanece \u00e0 disposi\u00e7\u00e3o da Justi\u00e7a e dever\u00e1 passar por audi\u00eancia de cust\u00f3dia para definir sua situa\u00e7\u00e3o legal nos pr\u00f3ximos dias.<\/p>\n","protected":false},"excerpt":{"rendered":"<p>Uma jovem de 23 anos foi presa em flagrante na tarde de quarta-feira (29) ao tentar transportar pacotes de pasta base de coca\u00edna presos ao corpo, sob as roupas. A pris\u00e3o ocorreu no Aeroporto Internacional Presidente Castro Pinto, em Jo\u00e3o Pessoa, capital da Para\u00edba. Segundo informa\u00e7\u00f5es da Pol\u00edcia Federal, a mulher carregava aproximadamente 3 kg [&hellip;]<\/p>\n","protected":false},"author":2,"featured_media":346727,"comment_status":"closed","ping_status":"closed","sticky":false,"template":"","format":"standard","meta":{"_acf_changed":false,"footnotes":""},"categories":[165],"tags":[],"class_list":["post-346726","post","type-post","status-publish","format-standard","has-post-thumbnail","hentry","category-nordeste"],"acf":[],"_links":{"self":[{"href":"https:\/\/www.notibras.com\/site\/wp-json\/wp\/v2\/posts\/346726","targetHints":{"allow":["GET"]}}],"collection":[{"href":"https:\/\/www.notibras.com\/site\/wp-json\/wp\/v2\/posts"}],"about":[{"href":"https:\/\/www.notibras.com\/site\/wp-json\/wp\/v2\/types\/post"}],"author":[{"embeddable":true,"href":"https:\/\/www.notibras.com\/site\/wp-json\/wp\/v2\/users\/2"}],"replies":[{"embeddable":true,"href":"https:\/\/www.notibras.com\/site\/wp-json\/wp\/v2\/comments?post=346726"}],"version-history":[{"count":1,"href":"https:\/\/www.notibras.com\/site\/wp-json\/wp\/v2\/posts\/346726\/revisions"}],"predecessor-version":[{"id":346728,"href":"https:\/\/www.notibras.com\/site\/wp-json\/wp\/v2\/posts\/346726\/revisions\/346728"}],"wp:featuredmedia":[{"embeddable":true,"href":"https:\/\/www.notibras.com\/site\/wp-json\/wp\/v2\/media\/346727"}],"wp:attachment":[{"href":"https:\/\/www.notibras.com\/site\/wp-json\/wp\/v2\/media?parent=346726"}],"wp:term":[{"taxonomy":"category","embeddable":true,"href":"https:\/\/www.notibras.com\/site\/wp-json\/wp\/v2\/categories?post=346726"},{"taxonomy":"post_tag","embeddable":true,"href":"https:\/\/www.notibras.com\/site\/wp-json\/wp\/v2\/tags?post=346726"}],"curies":[{"name":"wp","href":"https:\/\/api.w.org\/{rel}","templated":true}]}}