{"id":346738,"date":"2025-01-30T00:00:28","date_gmt":"2025-01-30T03:00:28","guid":{"rendered":"https:\/\/www.notibras.com\/site\/?p=346738"},"modified":"2025-01-30T09:01:12","modified_gmt":"2025-01-30T12:01:12","slug":"auditor-do-trabalho-diz-que-crime-envolveu-racismo","status":"publish","type":"post","link":"https:\/\/www.notibras.com\/site\/auditor-do-trabalho-diz-que-crime-envolveu-racismo\/","title":{"rendered":"Auditor do trabalho diz que crime envolveu racismo"},"content":{"rendered":"<p>H\u00e1 exatos 21 anos, os auditores fiscais do trabalho Erat\u00f3stenes de Almeida Gonsalves, Jo\u00e3o Batista Soares Lage e Nelson Jos\u00e9 da Silva, e o motorista A\u00edlton Pereira de Oliveira foram assassinados ap\u00f3s uma emboscada na zona rural de Una\u00ed, no noroeste de Minas Gerais, a 168 quil\u00f4metros de Bras\u00edlia.<\/p>\n<p>A chacina de Una\u00ed foi executada a mando do fazendeiro Norberto M\u00e2nica, conhecido como &#8220;Rei do Feij\u00e3o&#8221;, dono da empresa Agropecu\u00e1ria Ivae e irm\u00e3o do prefeito da cidade, Ant\u00e9rio M\u00e2nica.<\/p>\n<p>Sentenciado em 2023 a 64 anos de pris\u00e3o pelos crimes de homic\u00eddio qualificado e forma\u00e7\u00e3o de quadrilha, Noberto M\u00e2nica foi preso no \u00faltimo dia 15 no interior do Rio Grande do Sul. Estava foragido. O irm\u00e3o do ex-prefeito tamb\u00e9m foi condenado e preso no ano da senten\u00e7a.<\/p>\n<p>Para Marcelo Campos, auditor fiscal do trabalho desde 1995, a encomenda do homic\u00eddio visava de in\u00edcio matar exclusivamente Nelson Jos\u00e9 da Silva, que atuava na regi\u00e3o. De acordo com Campos, a ordem do assassinato tinha raz\u00f5es al\u00e9m da fiscaliza\u00e7\u00e3o contra trabalho an\u00e1logo \u00e0 escravid\u00e3o.<\/p>\n<p>\u201cO Nelson era o auditor lotado em Paracatu [que abrangia] a regi\u00e3o de Una\u00ed. Ele cuidava da fiscaliza\u00e7\u00e3o, organizava as fiscaliza\u00e7\u00f5es e comandava equipes que iam l\u00e1. Equipes muitas vezes compostas e refor\u00e7adas por colegas de Belo Horizonte. O Nelson era um auditor negro. Era um auditor negro que notificava, cobrava e dava ordens para fazendeiros brancos. Fazendeiros com poder econ\u00f4mico e pol\u00edtico que nunca aturaram receber ordens de um auditor negro.\u201d<\/p>\n<p>\u201cEste foi o principal motivo do assassinato\u201d, afirma Campos ao descartar a fiscaliza\u00e7\u00e3o como causa. \u201cAs multas aplicadas pelo Minist\u00e9rio do Trabalho, naquela \u00e9poca e ainda hoje, n\u00e3o significam possibilidade de qualquer inc\u00f4modo econ\u00f4mico para esses empregadores. Ent\u00e3o n\u00e3o \u00e9 isso que incomodava os mandantes do assassinato.\u201d<\/p>\n<p><strong>Ordem para matar<\/strong><br \/>\n\u201cQuando chegou no dia do assassinato, l\u00e1 em Una\u00ed, os pistoleiros, que tinham sido contratados para matar apenas o Nelson, ligaram para os mandantes e disseram, \u2018olha, mas est\u00e1 dif\u00edcil porque ele est\u00e1 acompanhado. Tem mais umas tr\u00eas pessoas com ele.\u2019 Qual foi a ordem que veio? \u2018Passa o cerol. Mata todo mundo\u2019\u201d, relembra Marcelo Campos.<\/p>\n<p>Segundo o fiscal, \u201cos M\u00e2nicas nem sabiam quem era Erat\u00f3stenes, quem era Jo\u00e3o Batista ou quem era o motorista [A\u00edlton]. Eles sabiam quem era Nelson. Era esse o motivo para o assassinato.\u201d<\/p>\n<p>As afirma\u00e7\u00f5es de Marcelo Campos foram feitas publicamente na tarde desta ter\u00e7a-feira (28), em mesa-redonda organizada pelo Minist\u00e9rio do Trabalho e Emprego (MTE) em Bras\u00edlia, com a participa\u00e7\u00e3o do Minist\u00e9rio dos Direitos Humanos e da Cidadania e do Minist\u00e9rio P\u00fablico do Trabalho, al\u00e9m de representantes da sociedade civil.<\/p>\n<p>Campos, que come\u00e7ou sua carreira no ano em que o MTE iniciou o combate \u00e0 explora\u00e7\u00e3o do trabalho em condi\u00e7\u00f5es an\u00e1logas \u00e0 escravid\u00e3o (1995), durante o governo de Fernando Henrique Cardoso, descreve que depois da chacina de Una\u00ed a fiscaliza\u00e7\u00e3o do trabalho mudou o protocolo para atuar.<\/p>\n<p>\u201cN\u00f3s mudamos todos os nossos protocolos a partir dali, n\u00e3o s\u00f3 para fiscaliza\u00e7\u00f5es de combate ao trabalho escravo, mas tamb\u00e9m para fiscaliza\u00e7\u00f5es rurais e at\u00e9 urbanas que demonstram algum perigo. Nesse caso, a gente atua com a Pol\u00edcia Federal, com a Pol\u00edcia Rodovi\u00e1ria Federal.\u201d<\/p>\n","protected":false},"excerpt":{"rendered":"<p>H\u00e1 exatos 21 anos, os auditores fiscais do trabalho Erat\u00f3stenes de Almeida Gonsalves, Jo\u00e3o Batista Soares Lage e Nelson Jos\u00e9 da Silva, e o motorista A\u00edlton Pereira de Oliveira foram assassinados ap\u00f3s uma emboscada na zona rural de Una\u00ed, no noroeste de Minas Gerais, a 168 quil\u00f4metros de Bras\u00edlia. A chacina de Una\u00ed foi executada [&hellip;]<\/p>\n","protected":false},"author":2,"featured_media":346739,"comment_status":"closed","ping_status":"closed","sticky":false,"template":"","format":"standard","meta":{"_acf_changed":false,"footnotes":""},"categories":[161],"tags":[],"class_list":["post-346738","post","type-post","status-publish","format-standard","has-post-thumbnail","hentry","category-quadradinho-em-foco"],"acf":[],"_links":{"self":[{"href":"https:\/\/www.notibras.com\/site\/wp-json\/wp\/v2\/posts\/346738","targetHints":{"allow":["GET"]}}],"collection":[{"href":"https:\/\/www.notibras.com\/site\/wp-json\/wp\/v2\/posts"}],"about":[{"href":"https:\/\/www.notibras.com\/site\/wp-json\/wp\/v2\/types\/post"}],"author":[{"embeddable":true,"href":"https:\/\/www.notibras.com\/site\/wp-json\/wp\/v2\/users\/2"}],"replies":[{"embeddable":true,"href":"https:\/\/www.notibras.com\/site\/wp-json\/wp\/v2\/comments?post=346738"}],"version-history":[{"count":1,"href":"https:\/\/www.notibras.com\/site\/wp-json\/wp\/v2\/posts\/346738\/revisions"}],"predecessor-version":[{"id":346740,"href":"https:\/\/www.notibras.com\/site\/wp-json\/wp\/v2\/posts\/346738\/revisions\/346740"}],"wp:featuredmedia":[{"embeddable":true,"href":"https:\/\/www.notibras.com\/site\/wp-json\/wp\/v2\/media\/346739"}],"wp:attachment":[{"href":"https:\/\/www.notibras.com\/site\/wp-json\/wp\/v2\/media?parent=346738"}],"wp:term":[{"taxonomy":"category","embeddable":true,"href":"https:\/\/www.notibras.com\/site\/wp-json\/wp\/v2\/categories?post=346738"},{"taxonomy":"post_tag","embeddable":true,"href":"https:\/\/www.notibras.com\/site\/wp-json\/wp\/v2\/tags?post=346738"}],"curies":[{"name":"wp","href":"https:\/\/api.w.org\/{rel}","templated":true}]}}