{"id":346802,"date":"2025-01-31T02:03:11","date_gmt":"2025-01-31T05:03:11","guid":{"rendered":"https:\/\/www.notibras.com\/site\/?p=346802"},"modified":"2025-01-30T21:05:16","modified_gmt":"2025-01-31T00:05:16","slug":"recife-tera-debate-de-politica-cultura-e-educacao-ate-domingo","status":"publish","type":"post","link":"https:\/\/www.notibras.com\/site\/recife-tera-debate-de-politica-cultura-e-educacao-ate-domingo\/","title":{"rendered":"Recife ter\u00e1 debate de pol\u00edtica, cultura e educa\u00e7\u00e3o at\u00e9 domingo"},"content":{"rendered":"<p>Estudantes de todos os cantos do pa\u00eds est\u00e3o reunidos na cidade de Recife para participar da 14\u00aa Bienal da Uni\u00e3o Nacional dos Estudantes (UNE). O evento vai at\u00e9 o pr\u00f3ximo domingo (2), incluindo shows, debates, mostras de artes visuais, artes do corpo, fotografia, audiovisual, literatura, performances art\u00edsticas e tamb\u00e9m uma mostra cient\u00edfica.<\/p>\n<p>A organiza\u00e7\u00e3o do evento, estima que mais de 10 mil participantes estar\u00e3o na capital pernambucana debatendo sobre os rumos da arte no pa\u00eds.<\/p>\n<p>Este ano, o tema da bienal \u00e9 A rua \u00e9 o nosso palco principal e presta homenagem ao fot\u00f3grafo Evandro Teixeira, morto em novembro do ano passado. Teixeira tornou-se reconhecido por retratar a ditadura militar e mobiliza\u00e7\u00f5es populares.<\/p>\n<p>&#8220;Vamos celebrar e venha para a rua, caia na maior festividade de uma grande encontro da juventude brasileira. A Bienal re\u00fane arte, cultura, educa\u00e7\u00e3o, ativismo, pol\u00edtica, ci\u00eancia e tecnologia com milhares de estudantes, do ensino m\u00e9dio \u00e0 p\u00f3s-gradua\u00e7\u00e3o, de todas as regi\u00f5es do pa\u00eds&#8221;, diz o site da bienal.<\/p>\n<p>As atividades est\u00e3o sendo realizadas no Centro de Conven\u00e7\u00f5es de Pernambuco, em Olinda. Na tarde desta quinta-feira (30), a ministra dos Direitos Humanos, Maca\u00e9 Evaristo, participou de um debate sobre anistia pol\u00edtica. Ao lado da ministra estavam familiares dos estudantes Honestino Guimar\u00e3es e Elenira Rezende, assassinados pela ditadura militar.<\/p>\n<p>Nesta sexta (31), o debate ser\u00e1 sobre reforma universit\u00e1ria e ter\u00e1 participa\u00e7\u00e3o dos ministros da Educa\u00e7\u00e3o, Camilo Santana, e da Ci\u00eancia, Tecnologia e Inova\u00e7\u00e3o, Luciana Santos, e o prefeito do Recife, Jo\u00e3o Campos.<\/p>\n<p>\u00c0 noite, tamb\u00e9m no Cais da Alf\u00e2ndega, haver\u00e1 shows da banda Academia da Berlinda, que se apresenta a partir das 21h, e da cantora Duda Beat, que fecha a programa\u00e7\u00e3o.<\/p>\n<p>Al\u00e9m dos debates sobre educa\u00e7\u00e3o, meio ambiente e pol\u00edtica, existe uma Mostra Musical realizada no Cais da Alf\u00e2ndega, no Bairro do Recife, e na Pra\u00e7a do Carmo, em Olinda.<\/p>\n<p>No s\u00e1bado (1\u00ba), as atra\u00e7\u00f5es musicais ser\u00e3o na Pra\u00e7a do Carmo, em Olinda, come\u00e7ando com a Na\u00e7\u00e3o Zumbi, a partir das 21h. No domingo (2), fechando a Bienal, um cortejo celebra os 93 anos do Homem da Meia Noite, no Marco Zero do Recife.<\/p>\n<p>Al\u00e9m dos debates sobre educa\u00e7\u00e3o, meio ambiente e pol\u00edtica, existe uma mostra musical est\u00e1 sendo realizada no Cais da Alf\u00e2ndega, no bairro do Recife, e na Pra\u00e7a do Carmo, em Olinda.<\/p>\n","protected":false},"excerpt":{"rendered":"<p>Estudantes de todos os cantos do pa\u00eds est\u00e3o reunidos na cidade de Recife para participar da 14\u00aa Bienal da Uni\u00e3o Nacional dos Estudantes (UNE). O evento vai at\u00e9 o pr\u00f3ximo domingo (2), incluindo shows, debates, mostras de artes visuais, artes do corpo, fotografia, audiovisual, literatura, performances art\u00edsticas e tamb\u00e9m uma mostra cient\u00edfica. A organiza\u00e7\u00e3o do [&hellip;]<\/p>\n","protected":false},"author":2,"featured_media":346803,"comment_status":"closed","ping_status":"closed","sticky":false,"template":"","format":"standard","meta":{"_acf_changed":false,"footnotes":""},"categories":[165],"tags":[],"class_list":["post-346802","post","type-post","status-publish","format-standard","has-post-thumbnail","hentry","category-nordeste"],"acf":[],"_links":{"self":[{"href":"https:\/\/www.notibras.com\/site\/wp-json\/wp\/v2\/posts\/346802","targetHints":{"allow":["GET"]}}],"collection":[{"href":"https:\/\/www.notibras.com\/site\/wp-json\/wp\/v2\/posts"}],"about":[{"href":"https:\/\/www.notibras.com\/site\/wp-json\/wp\/v2\/types\/post"}],"author":[{"embeddable":true,"href":"https:\/\/www.notibras.com\/site\/wp-json\/wp\/v2\/users\/2"}],"replies":[{"embeddable":true,"href":"https:\/\/www.notibras.com\/site\/wp-json\/wp\/v2\/comments?post=346802"}],"version-history":[{"count":2,"href":"https:\/\/www.notibras.com\/site\/wp-json\/wp\/v2\/posts\/346802\/revisions"}],"predecessor-version":[{"id":346805,"href":"https:\/\/www.notibras.com\/site\/wp-json\/wp\/v2\/posts\/346802\/revisions\/346805"}],"wp:featuredmedia":[{"embeddable":true,"href":"https:\/\/www.notibras.com\/site\/wp-json\/wp\/v2\/media\/346803"}],"wp:attachment":[{"href":"https:\/\/www.notibras.com\/site\/wp-json\/wp\/v2\/media?parent=346802"}],"wp:term":[{"taxonomy":"category","embeddable":true,"href":"https:\/\/www.notibras.com\/site\/wp-json\/wp\/v2\/categories?post=346802"},{"taxonomy":"post_tag","embeddable":true,"href":"https:\/\/www.notibras.com\/site\/wp-json\/wp\/v2\/tags?post=346802"}],"curies":[{"name":"wp","href":"https:\/\/api.w.org\/{rel}","templated":true}]}}