{"id":346812,"date":"2025-01-31T01:47:38","date_gmt":"2025-01-31T04:47:38","guid":{"rendered":"https:\/\/www.notibras.com\/site\/?p=346812"},"modified":"2025-01-31T01:47:38","modified_gmt":"2025-01-31T04:47:38","slug":"violencia-sutil-ajuda-com-uma-mao-para-depois-roubar-com-a-outra","status":"publish","type":"post","link":"https:\/\/www.notibras.com\/site\/violencia-sutil-ajuda-com-uma-mao-para-depois-roubar-com-a-outra\/","title":{"rendered":"Viol\u00eancia sutil ajuda com uma m\u00e3o para depois roubar com a outra"},"content":{"rendered":"<p>Monique, mal entrou na quitanda, voltou o rosto para tr\u00e1s. Nada! Nem sinal do rapaz. Aliviada, foi em dire\u00e7\u00e3o \u00e0 prateleira de laranja e selecionou meia d\u00fazia. Tamanho nervosismo parece que n\u00e3o foi notado pelos outros fregueses, muito menos pelo dono do estabelecimento e o empregado, que estava atendendo uma senhora.<\/p>\n<p>\u2014 S\u00e3o s\u00f3 as laranjas?<\/p>\n<p>\u2014 Ah, sim!<\/p>\n<p>\u2014 Quatro e setenta.<\/p>\n<p>\u2014 D\u00e9bito.<\/p>\n<p>A mulher, antes de sair da loja, olhou para os dois lados, olhou adiante. O jovem havia mesmo desaparecido. Se contasse, ningu\u00e9m acreditaria. Mesmo assim, foi o que fez assim que chegou ao pequeno apartamento que dividia com Clarice na Asa Norte.<\/p>\n<p>\u2014 Voc\u00ea n\u00e3o vai acreditar.<\/p>\n<p>\u2014 No qu\u00ea?<\/p>\n<p>\u2014 Lembra que te falei de um cara que me ajudou na semana passada?<\/p>\n<p>\u2014 Hum&#8230; N\u00e3o.<\/p>\n<p>\u2014 Clarice, voc\u00ea \u00e9 mesmo uma cabe\u00e7a-de-vento.<\/p>\n<p>\u2014 S\u00e3o os meus alunos que me tiram do s\u00e9rio.<\/p>\n<p>As duas riram.<\/p>\n<p>\u2014 Quer caf\u00e9?<\/p>\n<p>\u2014 Quero te contar o que aconteceu.<\/p>\n<p>\u2014 T\u00e1. T\u00f4 ouvindo. Mas quer caf\u00e9?<\/p>\n<p>\u2014 Quero. Colocou a\u00e7\u00facar?<\/p>\n<p>\u2014 N\u00e3o, n\u00e9!<\/p>\n<p>\u2014 Ah, bom!<\/p>\n<p>\u2014 T\u00e1, mas e a hist\u00f3ria?<\/p>\n<p>\u2014 Clarice, eu te falei, sim, do cara que me ajudou a trocar o pneu.<\/p>\n<p>\u2014 Ah, t\u00e1!<\/p>\n<p>\u2014 Pois \u00e9, menina! Esse mesmo!<\/p>\n<p>\u2014 E o que tem ele?<\/p>\n<p>\u2014 Voc\u00ea acredita que ele me assaltou hoje?<\/p>\n<p>\u2014 S\u00e9rio?<\/p>\n<p>\u2014 S\u00e9rio!<\/p>\n<p>\u2014 Que coisa!<\/p>\n<p>\u2014 Pois \u00e9, Clarice! Assim que eu o encontrei, quis agradec\u00ea-lo, mas ele foi mais ligeiro. Levou minha carteira e parte da minha gratid\u00e3o.<\/p>\n<p>&#8230;&#8230;&#8230;&#8230;&#8230;&#8230;&#8230;&#8230;&#8230;&#8230;&#8230;&#8230;&#8230;&#8230;&#8230;.<\/p>\n<p><strong>Eduardo Mart\u00ednez \u00e9 autor do livro 157 Contos e Cr\u00f4nicas por um Autor Muito Velho\u2019<\/strong><\/p>\n<p>Compre aqui\u00a0<span class=\"x19la9d6 x1fc57z9 x6ikm8r x10wlt62 x19co3pv x1g5zs5t xfibh0p xiy17q3 x1xsqp64 x1lkfr7t xexx8yu x4uap5 x18d9i69 xkhd6sd\"><span class=\"xrtxmta x1bhl96m\"><img decoding=\"async\" class=\"emoji\" role=\"img\" draggable=\"false\" src=\"https:\/\/s.w.org\/images\/core\/emoji\/15.0.3\/svg\/1f447-1f3ff.svg\" alt=\"&#x1f447;&#x1f3ff;\" \/><\/span><\/span><\/p>\n<p><a href=\"https:\/\/www.joanineditora.com.br\/57-contos-e-cronicas-por-um-autor-muito-velho\">https:\/\/www.joanineditora.com.br\/57-contos-e-cronicas-por-um-autor-muito-velho<\/a><\/p>\n","protected":false},"excerpt":{"rendered":"<p>Monique, mal entrou na quitanda, voltou o rosto para tr\u00e1s. Nada! Nem sinal do rapaz. Aliviada, foi em dire\u00e7\u00e3o \u00e0 prateleira de laranja e selecionou meia d\u00fazia. Tamanho nervosismo parece que n\u00e3o foi notado pelos outros fregueses, muito menos pelo dono do estabelecimento e o empregado, que estava atendendo uma senhora. \u2014 S\u00e3o s\u00f3 as [&hellip;]<\/p>\n","protected":false},"author":2,"featured_media":346813,"comment_status":"closed","ping_status":"closed","sticky":false,"template":"","format":"standard","meta":{"_acf_changed":false,"footnotes":""},"categories":[161],"tags":[],"class_list":["post-346812","post","type-post","status-publish","format-standard","has-post-thumbnail","hentry","category-quadradinho-em-foco"],"acf":[],"_links":{"self":[{"href":"https:\/\/www.notibras.com\/site\/wp-json\/wp\/v2\/posts\/346812","targetHints":{"allow":["GET"]}}],"collection":[{"href":"https:\/\/www.notibras.com\/site\/wp-json\/wp\/v2\/posts"}],"about":[{"href":"https:\/\/www.notibras.com\/site\/wp-json\/wp\/v2\/types\/post"}],"author":[{"embeddable":true,"href":"https:\/\/www.notibras.com\/site\/wp-json\/wp\/v2\/users\/2"}],"replies":[{"embeddable":true,"href":"https:\/\/www.notibras.com\/site\/wp-json\/wp\/v2\/comments?post=346812"}],"version-history":[{"count":1,"href":"https:\/\/www.notibras.com\/site\/wp-json\/wp\/v2\/posts\/346812\/revisions"}],"predecessor-version":[{"id":346814,"href":"https:\/\/www.notibras.com\/site\/wp-json\/wp\/v2\/posts\/346812\/revisions\/346814"}],"wp:featuredmedia":[{"embeddable":true,"href":"https:\/\/www.notibras.com\/site\/wp-json\/wp\/v2\/media\/346813"}],"wp:attachment":[{"href":"https:\/\/www.notibras.com\/site\/wp-json\/wp\/v2\/media?parent=346812"}],"wp:term":[{"taxonomy":"category","embeddable":true,"href":"https:\/\/www.notibras.com\/site\/wp-json\/wp\/v2\/categories?post=346812"},{"taxonomy":"post_tag","embeddable":true,"href":"https:\/\/www.notibras.com\/site\/wp-json\/wp\/v2\/tags?post=346812"}],"curies":[{"name":"wp","href":"https:\/\/api.w.org\/{rel}","templated":true}]}}