{"id":346815,"date":"2025-01-31T00:51:31","date_gmt":"2025-01-31T03:51:31","guid":{"rendered":"https:\/\/www.notibras.com\/site\/?p=346815"},"modified":"2025-01-31T01:53:05","modified_gmt":"2025-01-31T04:53:05","slug":"politicas-de-prevencao-a-violencia-incentivam-cultura-de-paz","status":"publish","type":"post","link":"https:\/\/www.notibras.com\/site\/politicas-de-prevencao-a-violencia-incentivam-cultura-de-paz\/","title":{"rendered":"Pol\u00edticas de preven\u00e7\u00e3o \u00e0 viol\u00eancia incentivam cultura de paz"},"content":{"rendered":"<p>As a\u00e7\u00f5es de preven\u00e7\u00e3o ao racismo e a viol\u00eancias contra crian\u00e7as, adolescentes, mulheres, idosos e estrangeiros no Distrito Federal est\u00e3o no escopo das pol\u00edticas da Secretaria de Justi\u00e7a de Cidadania (Sejus-DF). Essas iniciativas v\u00e3o ao encontro do que prop\u00f5e o Dia Mundial da N\u00e3o-Viol\u00eancia e Cultura de Paz, celebrado nesta quinta-feira (30). A data foi estabelecida pela Organiza\u00e7\u00e3o das Na\u00e7\u00f5es Unidas (ONU) e escolhida em homenagem ao pacifista Mahatma Gandhi, assassinado nesse dia em 1948.<\/p>\n<p>Os programas da pasta come\u00e7am desde a forma\u00e7\u00e3o das crian\u00e7as e adolescentes, com atividades dentro das salas de aula, por meio do programa Cidadania nas Escolas, que leva debates e campanhas de temas sobre preven\u00e7\u00e3o ao bullying, \u00e0s drogas, \u00e0 viol\u00eancia dom\u00e9stica, explora\u00e7\u00e3o sexual e ao uso indevido da internet. Fabiana Souza, m\u00e3e de Gabriel, 9 anos, e B\u00e1rbara, 10, alunos da rede p\u00fablica do DF, afirma que o programa \u00e9 fundamental para seus filhos terem contato com a cidadania. \u201cDesde pequenos, eles est\u00e3o aprendendo sobre disciplina, respeito aos colegas e aos pais\u201d, disse.<\/p>\n<p>Os filhos de Fabiana tamb\u00e9m s\u00e3o frequentadores das aulas de karat\u00ea da Pra\u00e7a dos Direitos do Itapo\u00e3, um dos equipamentos p\u00fablicos da Sejus-DF, que incentiva jovens, moradores de regi\u00f5es vulner\u00e1veis, a buscarem alternativas de desenvolvimento social por meio de atividades esportivas, culturais e educativas. \u201cSe n\u00e3o fosse essa oportunidade, eles estariam na rua, correndo risco de tomarem um caminho errado\u201d, completou.<\/p>\n<p>Em outra frente, a Sejus-DF trabalha com a\u00e7\u00f5es voltadas ao combate \u00e0 xenofobia, desenvolvendo atividades educativas em \u00f3rg\u00e3os p\u00fablicos, eventos e campanhas com finalidade de como acolher e reconhecer a import\u00e2ncia dos migrantes e imigrantes que desembarcam no DF. Uma das beneficiadas das a\u00e7\u00f5es de acolhimento, a venezuelana Katiusca Alcar, que chegou ao DF h\u00e1 tr\u00eas anos ap\u00f3s fugir da crise econ\u00f4mica enfrentada no seu pa\u00eds, exalta a import\u00e2ncia destas pol\u00edticas destinadas para a popula\u00e7\u00e3o estrangeira.<\/p>\n<p>\u201cNo DF, encontrei apoio, n\u00e3o apenas de pessoas solid\u00e1rias, mas tamb\u00e9m de pol\u00edticas p\u00fablicas que garantem nossos direitos\u201d, disse. Ela ressaltou ainda que, desde o primeiro momento, se sentiu amparada pelos cursos de capacita\u00e7\u00e3o e suporte psicol\u00f3gico ofertados pela Sejus. Inclusive, esse trabalho de orienta\u00e7\u00e3o aos estrangeiros sobre o acesso a direitos sociais e servi\u00e7os p\u00fablicos consagrou o DF com o selo MigraCidades, da Organiza\u00e7\u00e3o das Na\u00e7\u00f5es Unidas (ONU).<\/p>\n<p>Outro relevante programa para cultura de paz \u00e9 o Direito Delas, que ajuda v\u00edtimas de viol\u00eancia dom\u00e9stica e de g\u00eanero a identificarem essas situa\u00e7\u00f5es e romperem o ciclo de viol\u00eancia. \u201cO Direito Delas \u00e9 um marco essencial na preven\u00e7\u00e3o \u00e0 viol\u00eancia contra a mulher, pois oferece suporte integral para que elas rompam o ciclo de agress\u00f5es e reconstruam suas vidas com autonomia e dignidade. Garantir esse acolhimento significa dar voz, prote\u00e7\u00e3o e oportunidades reais para que nenhuma mulher precise enfrentar sozinha essa dura realidade\u201d, destacou a secret\u00e1ria de Justi\u00e7a e Cidadania, Marcela Passamani.<\/p>\n<p>Destacam-se, ainda, outras pol\u00edticas p\u00fablicas de combate \u00e0 viol\u00eancia contra a mulher, como o Conversa Com Eles, programa que tem o objetivo de dialogar com homens trabalhadores da constru\u00e7\u00e3o civil sobre a necessidade de eliminar a agressividade contra elas. Ao longo do \u00faltimo ano, 994 homens participaram das palestras. Em 2025, a pasta vai intensificar essas a\u00e7\u00f5es e levar esta iniciativa para outros setores.<\/p>\n<p>Nesta mesma linha, a pasta trabalha ainda com medidas para reduzir as desigualdades raciais e a\u00e7\u00f5es de combate \u00e0 viol\u00eancia contra pessoas idosas. Com o projeto Viver 60+, por exemplo, esse p\u00fablico aprende, por meio de palestras com especialistas, a prevenir golpes e explora\u00e7\u00e3o econ\u00f4mica, recebendo instru\u00e7\u00f5es de como denunciar as viola\u00e7\u00f5es de direitos, entre outras atividades.<\/p>\n","protected":false},"excerpt":{"rendered":"<p>As a\u00e7\u00f5es de preven\u00e7\u00e3o ao racismo e a viol\u00eancias contra crian\u00e7as, adolescentes, mulheres, idosos e estrangeiros no Distrito Federal est\u00e3o no escopo das pol\u00edticas da Secretaria de Justi\u00e7a de Cidadania (Sejus-DF). Essas iniciativas v\u00e3o ao encontro do que prop\u00f5e o Dia Mundial da N\u00e3o-Viol\u00eancia e Cultura de Paz, celebrado nesta quinta-feira (30). A data foi [&hellip;]<\/p>\n","protected":false},"author":2,"featured_media":346816,"comment_status":"closed","ping_status":"closed","sticky":false,"template":"","format":"standard","meta":{"_acf_changed":false,"footnotes":""},"categories":[161],"tags":[],"class_list":["post-346815","post","type-post","status-publish","format-standard","has-post-thumbnail","hentry","category-quadradinho-em-foco"],"acf":[],"_links":{"self":[{"href":"https:\/\/www.notibras.com\/site\/wp-json\/wp\/v2\/posts\/346815","targetHints":{"allow":["GET"]}}],"collection":[{"href":"https:\/\/www.notibras.com\/site\/wp-json\/wp\/v2\/posts"}],"about":[{"href":"https:\/\/www.notibras.com\/site\/wp-json\/wp\/v2\/types\/post"}],"author":[{"embeddable":true,"href":"https:\/\/www.notibras.com\/site\/wp-json\/wp\/v2\/users\/2"}],"replies":[{"embeddable":true,"href":"https:\/\/www.notibras.com\/site\/wp-json\/wp\/v2\/comments?post=346815"}],"version-history":[{"count":1,"href":"https:\/\/www.notibras.com\/site\/wp-json\/wp\/v2\/posts\/346815\/revisions"}],"predecessor-version":[{"id":346817,"href":"https:\/\/www.notibras.com\/site\/wp-json\/wp\/v2\/posts\/346815\/revisions\/346817"}],"wp:featuredmedia":[{"embeddable":true,"href":"https:\/\/www.notibras.com\/site\/wp-json\/wp\/v2\/media\/346816"}],"wp:attachment":[{"href":"https:\/\/www.notibras.com\/site\/wp-json\/wp\/v2\/media?parent=346815"}],"wp:term":[{"taxonomy":"category","embeddable":true,"href":"https:\/\/www.notibras.com\/site\/wp-json\/wp\/v2\/categories?post=346815"},{"taxonomy":"post_tag","embeddable":true,"href":"https:\/\/www.notibras.com\/site\/wp-json\/wp\/v2\/tags?post=346815"}],"curies":[{"name":"wp","href":"https:\/\/api.w.org\/{rel}","templated":true}]}}