{"id":346824,"date":"2025-02-01T04:56:33","date_gmt":"2025-02-01T07:56:33","guid":{"rendered":"https:\/\/www.notibras.com\/site\/?p=346824"},"modified":"2025-02-01T04:58:06","modified_gmt":"2025-02-01T07:58:06","slug":"com-luz-mais-cara-do-pais-nordestino-escapa-de-choque-em-fevereiro","status":"publish","type":"post","link":"https:\/\/www.notibras.com\/site\/com-luz-mais-cara-do-pais-nordestino-escapa-de-choque-em-fevereiro\/","title":{"rendered":"Com luz mais cara do Pa\u00eds, nordestino escapa de choque em fevereiro"},"content":{"rendered":"<p>A Ag\u00eancia Nacional de Energia El\u00e9trica (Aneel) decidiu manter em fevereiro a bandeira verde, a menos onerosa, para a cobran\u00e7a pelo fornecimento de energia el\u00e9trica pelo Sistema Interligado Nacional (SIN).<\/p>\n<p>Ser\u00e1 a terceira vez consecutiva em que a tarifa mensal n\u00e3o sofrer\u00e1 nenhum acr\u00e9scimo. O consumidor nordestino, em especial, sente aliviado no bolso. \u00c9 que a luz el\u00e9trica cobrada no Nordeste \u00e9 a mais cara do pa\u00eds.<\/p>\n<p>A cor da bandeira decidida m\u00eas a m\u00eas reflete a varia\u00e7\u00e3o dos custos de gera\u00e7\u00e3o de energia aferida pelo Operador Nacional do Sistema El\u00e9trico (ONS), que define a melhor estrat\u00e9gia de gera\u00e7\u00e3o de energia para atendimento da demanda.<\/p>\n<p>Nos meses chuvosos no Brasil, como novembro, dezembro e janeiro, os reservat\u00f3rios das usinas hidrel\u00e9tricas alcan\u00e7am maior volume, o que dispensa gera\u00e7\u00e3o de energia pelas termoel\u00e9tricas, mais caras \u2013 al\u00e9m de poluentes por causa do uso de combust\u00edvel f\u00f3ssil.<\/p>\n<p>O sistema de bandeiras, criado em 2015, funciona como um sinal de tr\u00e2nsito e informa ao consumidor a necessidade de economia de luz em raz\u00e3o da varia\u00e7\u00e3o do pre\u00e7o para a produ\u00e7\u00e3o de energia el\u00e9trica.<\/p>\n","protected":false},"excerpt":{"rendered":"<p>A Ag\u00eancia Nacional de Energia El\u00e9trica (Aneel) decidiu manter em fevereiro a bandeira verde, a menos onerosa, para a cobran\u00e7a pelo fornecimento de energia el\u00e9trica pelo Sistema Interligado Nacional (SIN). Ser\u00e1 a terceira vez consecutiva em que a tarifa mensal n\u00e3o sofrer\u00e1 nenhum acr\u00e9scimo. O consumidor nordestino, em especial, sente aliviado no bolso. \u00c9 que [&hellip;]<\/p>\n","protected":false},"author":2,"featured_media":346825,"comment_status":"closed","ping_status":"closed","sticky":false,"template":"","format":"standard","meta":{"_acf_changed":false,"footnotes":""},"categories":[165],"tags":[95],"class_list":["post-346824","post","type-post","status-publish","format-standard","has-post-thumbnail","hentry","category-nordeste","tag-capa"],"acf":[],"_links":{"self":[{"href":"https:\/\/www.notibras.com\/site\/wp-json\/wp\/v2\/posts\/346824","targetHints":{"allow":["GET"]}}],"collection":[{"href":"https:\/\/www.notibras.com\/site\/wp-json\/wp\/v2\/posts"}],"about":[{"href":"https:\/\/www.notibras.com\/site\/wp-json\/wp\/v2\/types\/post"}],"author":[{"embeddable":true,"href":"https:\/\/www.notibras.com\/site\/wp-json\/wp\/v2\/users\/2"}],"replies":[{"embeddable":true,"href":"https:\/\/www.notibras.com\/site\/wp-json\/wp\/v2\/comments?post=346824"}],"version-history":[{"count":3,"href":"https:\/\/www.notibras.com\/site\/wp-json\/wp\/v2\/posts\/346824\/revisions"}],"predecessor-version":[{"id":346828,"href":"https:\/\/www.notibras.com\/site\/wp-json\/wp\/v2\/posts\/346824\/revisions\/346828"}],"wp:featuredmedia":[{"embeddable":true,"href":"https:\/\/www.notibras.com\/site\/wp-json\/wp\/v2\/media\/346825"}],"wp:attachment":[{"href":"https:\/\/www.notibras.com\/site\/wp-json\/wp\/v2\/media?parent=346824"}],"wp:term":[{"taxonomy":"category","embeddable":true,"href":"https:\/\/www.notibras.com\/site\/wp-json\/wp\/v2\/categories?post=346824"},{"taxonomy":"post_tag","embeddable":true,"href":"https:\/\/www.notibras.com\/site\/wp-json\/wp\/v2\/tags?post=346824"}],"curies":[{"name":"wp","href":"https:\/\/api.w.org\/{rel}","templated":true}]}}