{"id":346835,"date":"2025-02-01T00:15:14","date_gmt":"2025-02-01T03:15:14","guid":{"rendered":"https:\/\/www.notibras.com\/site\/?p=346835"},"modified":"2025-02-01T05:17:01","modified_gmt":"2025-02-01T08:17:01","slug":"nordeste-e-norte-se-unem-e-disparam-novos-casos","status":"publish","type":"post","link":"https:\/\/www.notibras.com\/site\/nordeste-e-norte-se-unem-e-disparam-novos-casos\/","title":{"rendered":"Nordeste e Norte se unem e disparam novos casos"},"content":{"rendered":"<p>Pelo menos 287 pessoas morreram por s\u00edndrome respirat\u00f3ria aguda grave (SRAG) causada por algum v\u00edrus respirat\u00f3rio este ano, no Brasil. Desse total, 78,7% (225) dos \u00f3bitos est\u00e3o relacionados ao SARS-CoV-2, v\u00edrus que provoca a covid-19.<\/p>\n<p>Os dados s\u00e3o do Boletim Infogripe, da Funda\u00e7\u00e3o Oswaldo Cruz (Fiocruz), e se referem \u00e0s notifica\u00e7\u00f5es feitas ao Minist\u00e9rio da Sa\u00fade at\u00e9 o dia 25 de janeiro.<\/p>\n<p>O total de casos graves com diagn\u00f3stico confirmado de covid-19 j\u00e1 se aproxima de 900.<\/p>\n<p>O termo s\u00edndrome respirat\u00f3ria aguda grave se refere ao agravamento de sintomas gripais com o comprometimento da fun\u00e7\u00e3o pulmonar. A maioria dos casos acontece ap\u00f3s uma infec\u00e7\u00e3o viral. Por enquanto, quase 52% dos casos registrados este ano, com resultado positivo para algum v\u00edrus, foram provocados por covid-19.<\/p>\n<p>Os dados dessa \u00faltima atualiza\u00e7\u00e3o refor\u00e7am um alerta que j\u00e1 t\u00eam sido feito h\u00e1 algumas semanas sobre o aumento das infec\u00e7\u00f5es pelo coronav\u00edrus. O boletim, inclusive, considera a possibilidade de que uma nova variante mais transmiss\u00edvel possa estar se espalhando.<\/p>\n<p>A atualiza\u00e7\u00e3o destaca que h\u00e1 tend\u00eancia de aumento dos casos de SRAG por covid-19 em nove estados, todos nas regi\u00f5es Norte ou Nordeste: Acre, Amazonas, Par\u00e1, Amap\u00e1, Rond\u00f4nia, Tocantins, Para\u00edba, Rio Grande do Norte e Sergipe. A incid\u00eancia de casos graves \u00e9 maior entre as crian\u00e7as pequenas e os idosos, e a mortalidade ocorre majoritariamente em idosos. Mas o levantamento alerta que no Amazonas e em Rond\u00f4nia tem sido observado um aumento de SRAG tamb\u00e9m entre jovens e adultos.<\/p>\n<p>De acordo com a pesquisadora Tatiana Portela, as recomenda\u00e7\u00f5es de praxe permanecem: &#8220;Em caso de sintomas gripais, o ideal \u00e9 ficar em casa em isolamento, evitando transmitir esse v\u00edrus para outras pessoas, mas, se n\u00e3o for poss\u00edvel fazer esse isolamento, o recomendado \u00e9 sair de casa utilizando uma boa m\u00e1scara. E claro, \u00e9 muito importante que todas as pessoas estejam em dia com a vacina\u00e7\u00e3o contra a covid-19.&#8221;<\/p>\n<p>O esquema atual de vacina\u00e7\u00e3o no Sistema \u00danico de Sa\u00fade (SUS) preconiza duas ou tr\u00eas doses (a depender do imunizante) para todas as crian\u00e7as de 6 meses a menos de 5 anos. Al\u00e9m disso, idosos e pessoas imunocomprometidas devem receber uma nova dose a cada seis meses. J\u00e1 as gr\u00e1vidas devem receber uma dose durante a gesta\u00e7\u00e3o, e as pessoas que fazem parte de algum grupo vulner\u00e1vel, como ind\u00edgenas e quilombolas e pessoas com defici\u00eancia ou comorbidade, devem tomar um refor\u00e7o anual.<\/p>\n","protected":false},"excerpt":{"rendered":"<p>Pelo menos 287 pessoas morreram por s\u00edndrome respirat\u00f3ria aguda grave (SRAG) causada por algum v\u00edrus respirat\u00f3rio este ano, no Brasil. Desse total, 78,7% (225) dos \u00f3bitos est\u00e3o relacionados ao SARS-CoV-2, v\u00edrus que provoca a covid-19. Os dados s\u00e3o do Boletim Infogripe, da Funda\u00e7\u00e3o Oswaldo Cruz (Fiocruz), e se referem \u00e0s notifica\u00e7\u00f5es feitas ao Minist\u00e9rio da [&hellip;]<\/p>\n","protected":false},"author":2,"featured_media":346836,"comment_status":"closed","ping_status":"closed","sticky":false,"template":"","format":"standard","meta":{"_acf_changed":false,"footnotes":""},"categories":[165],"tags":[],"class_list":["post-346835","post","type-post","status-publish","format-standard","has-post-thumbnail","hentry","category-nordeste"],"acf":[],"_links":{"self":[{"href":"https:\/\/www.notibras.com\/site\/wp-json\/wp\/v2\/posts\/346835","targetHints":{"allow":["GET"]}}],"collection":[{"href":"https:\/\/www.notibras.com\/site\/wp-json\/wp\/v2\/posts"}],"about":[{"href":"https:\/\/www.notibras.com\/site\/wp-json\/wp\/v2\/types\/post"}],"author":[{"embeddable":true,"href":"https:\/\/www.notibras.com\/site\/wp-json\/wp\/v2\/users\/2"}],"replies":[{"embeddable":true,"href":"https:\/\/www.notibras.com\/site\/wp-json\/wp\/v2\/comments?post=346835"}],"version-history":[{"count":1,"href":"https:\/\/www.notibras.com\/site\/wp-json\/wp\/v2\/posts\/346835\/revisions"}],"predecessor-version":[{"id":346837,"href":"https:\/\/www.notibras.com\/site\/wp-json\/wp\/v2\/posts\/346835\/revisions\/346837"}],"wp:featuredmedia":[{"embeddable":true,"href":"https:\/\/www.notibras.com\/site\/wp-json\/wp\/v2\/media\/346836"}],"wp:attachment":[{"href":"https:\/\/www.notibras.com\/site\/wp-json\/wp\/v2\/media?parent=346835"}],"wp:term":[{"taxonomy":"category","embeddable":true,"href":"https:\/\/www.notibras.com\/site\/wp-json\/wp\/v2\/categories?post=346835"},{"taxonomy":"post_tag","embeddable":true,"href":"https:\/\/www.notibras.com\/site\/wp-json\/wp\/v2\/tags?post=346835"}],"curies":[{"name":"wp","href":"https:\/\/api.w.org\/{rel}","templated":true}]}}