{"id":346841,"date":"2025-02-01T05:33:34","date_gmt":"2025-02-01T08:33:34","guid":{"rendered":"https:\/\/www.notibras.com\/site\/?p=346841"},"modified":"2025-02-01T05:33:34","modified_gmt":"2025-02-01T08:33:34","slug":"a-jovem-misteriosa-e-o-enterro-do-policial","status":"publish","type":"post","link":"https:\/\/www.notibras.com\/site\/a-jovem-misteriosa-e-o-enterro-do-policial\/","title":{"rendered":"A jovem misteriosa e o enterro do policial"},"content":{"rendered":"<p>A mulher, tipo incomum, passou pelos parentes e amigos do defunto e, sem qualquer cerim\u00f4nia, depositou um buqu\u00ea do flores sobre o caix\u00e3o. Ningu\u00e9m a conhecia, nem mesmo Laura, a vi\u00fava. Seria amante de Alberto, cujo corpo permanecia inerte dentro do ata\u00fade?<\/p>\n<p>\u2014 N\u00e3o creio que seja, mam\u00e3e. Papai, apesar de nunca ter sido santo, n\u00e3o teria cacife para bancar essa gata.<\/p>\n<p>\u2014 Carlos Augusto, por favor! Respeite a mem\u00f3ria do seu pai.<\/p>\n<p>\u2014 T\u00e1 bom, m\u00e3e! N\u00e3o t\u00e1 mais aqui quem falou.<\/p>\n<p>\u2014 Pois desconfio de outra coisa.<\/p>\n<p>\u2014 Do qu\u00ea, M\u00e1rcia?<\/p>\n<p>\u2014 Pode ser que ela seja nossa irm\u00e3.<\/p>\n<p>\u2014 Branca daquele jeito? Nem se papai tivesse feito aquele lance que o Michael Jackson fez.<\/p>\n<p>\u2014 Por favor! Calem a boca! N\u00e3o podem fazer um minuto de sil\u00eancio?<\/p>\n<p>A despeito dos protestos de Laura, ela continuava com a pulga atr\u00e1s da orelha. Afinal, quem era aquela mo\u00e7a? Curiosa, aproximou-se.<\/p>\n<p>\u2014 Bom dia.<\/p>\n<p>\u2014 Bom dia.<\/p>\n<p>\u2014 Laura.<\/p>\n<p>\u2014 Sei quem \u00e9 a senhora.<\/p>\n<p>\u2014 E de onde me conhece? Posso saber?<\/p>\n<p>\u2014 Claro que pode, agora que o seu Alberto se foi.<\/p>\n<p>\u2014 Seu Alberto? Pelo visto, meu filho estava errado em rela\u00e7\u00e3o a voc\u00ea.<\/p>\n<p>\u2014 Carlos Augusto?<\/p>\n<p>\u2014 Sim. Voc\u00ea o conhece tamb\u00e9m?<\/p>\n<p>\u2014 N\u00e3o exatamente como a senhora poderia supor.<\/p>\n<p>\u2014 E como seria?<\/p>\n<p>\u2014 Como eu o conhe\u00e7o?<\/p>\n<p>\u2014 Sim.<\/p>\n<p>\u2014 Da mesma forma que a conhe\u00e7o, bem como tamb\u00e9m a M\u00e1rcia, filha da senhora e do seu Alberto.<\/p>\n<p>\u2014 Estou curiosa. Pode me esclarecer isso tudo, por favor?<\/p>\n<p>\u2014 Ser\u00e1 um prazer.<\/p>\n<p>Laura apontou um banco sob uma \u00e1rvore. As duas foram at\u00e9 l\u00e1 e se sentaram.<\/p>\n<p>\u2014 Dona Laura, seu marido matou meu pai.<\/p>\n<p>\u2014 O qu\u00ea?<\/p>\n<p>\u2014 Isso foi h\u00e1 quase 20 anos, quando eu ainda era rec\u00e9m-nascida. Papai n\u00e3o era flor que se cheire, metido com a bandidagem. Os caminhos do meu pai e do seu marido se cruzaram de maneira tr\u00e1gica. Seu Augusto, como a senhora sabe, era policial. Em uma troca de tiros, seu marido foi ferido por meu pai, que tamb\u00e9m foi atingido.<\/p>\n<p>\u2014 Eu me lembro desse dia. Alberto quase morreu. Tomou um tiro na coxa, perdeu muito sangue.<\/p>\n<p>\u2014 Sim. Meu pai foi atingido no cora\u00e7\u00e3o e morreu no local.<\/p>\n<p>\u2014 T\u00e1, mas e da\u00ed?<\/p>\n<p>\u2014 E da\u00ed o qu\u00ea?<\/p>\n<p>\u2014 Como voc\u00ea veio parar aqui? Como voc\u00ea me conhece? Como voc\u00ea sabe quem s\u00e3o meus filhos? Afinal, como voc\u00ea mesma disse, voc\u00ea n\u00e3o passava de um beb\u00ea.<\/p>\n<p>\u2014 Seu Augusto, ap\u00f3s se recuperar, foi atr\u00e1s da minha m\u00e3e. Ele estava cheio de culpa por ter tirado a vida do marido dela. Ele passou a ajudar financeiramente minha m\u00e3e at\u00e9 que fiquei adulta. Seu Alberto foi um homem muito bom.<\/p>\n<p>\u2014 Ele nunca me contou sobre isso.<\/p>\n<p>\u2014 Sei disso, pois ele fez mam\u00e3e prometer que essa hist\u00f3ria jamais chegasse aos ouvidos da senhora e dos seus filhos.<\/p>\n<p>\u2014 E por que voc\u00ea est\u00e1 me contando isso tudo agora? Por qu\u00ea?<\/p>\n<p>\u2014 Seu Alberto me procurou h\u00e1 cinco meses. Disse que estava com c\u00e2ncer, que os m\u00e9dicos o haviam desenganado. Ele me pediu para contar tudo para a senhora, pois n\u00e3o queria que a sua fam\u00edlia viesse a saber pela boca de outra pessoa.<\/p>\n<p>Laura fitou a jovem por alguns instantes at\u00e9 que a emo\u00e7\u00e3o a empurrou para um abra\u00e7o. A vi\u00fava chorou e, depois de recomposta, viu a mo\u00e7a partir. Elas nunca mais se viram.<\/p>\n<p>Ap\u00f3s o enterro, Laura e os filhos retornaram para casa. A mulher contou a hist\u00f3ria da jovem. Os filhos, misto de perplexidade e admira\u00e7\u00e3o, entenderam que o pai havia tomado a decis\u00e3o certa.<\/p>\n<p>\u2014 Mam\u00e3e, e qual era o nome da mo\u00e7a?<\/p>\n<p>\u2014 M\u00e1rcia, minha filha, n\u00e3o tive tempo de perguntar.<\/p>\n<p>&#8230;&#8230;&#8230;&#8230;&#8230;&#8230;&#8230;&#8230;&#8230;&#8230;&#8230;&#8230;&#8230;&#8230;.<\/p>\n<p><strong>Eduardo Mart\u00ednez \u00e9 autor do livro 157 Contos e Cr\u00f4nicas por um Autor Muito Velho\u2019<\/strong><\/p>\n<p>Compre aqui\u00a0<span class=\"x19la9d6 x1fc57z9 x6ikm8r x10wlt62 x19co3pv x1g5zs5t xfibh0p xiy17q3 x1xsqp64 x1lkfr7t xexx8yu x4uap5 x18d9i69 xkhd6sd\"><span class=\"xrtxmta x1bhl96m\"><img decoding=\"async\" class=\"emoji\" role=\"img\" draggable=\"false\" src=\"https:\/\/s.w.org\/images\/core\/emoji\/15.0.3\/svg\/1f447-1f3ff.svg\" alt=\"&#x1f447;&#x1f3ff;\" \/><\/span><\/span><\/p>\n<p><a href=\"https:\/\/www.joanineditora.com.br\/57-contos-e-cronicas-por-um-autor-muito-velho\">https:\/\/www.joanineditora.com.br\/57-contos-e-cronicas-por-um-autor-muito-velho<\/a><\/p>\n","protected":false},"excerpt":{"rendered":"<p>A mulher, tipo incomum, passou pelos parentes e amigos do defunto e, sem qualquer cerim\u00f4nia, depositou um buqu\u00ea do flores sobre o caix\u00e3o. Ningu\u00e9m a conhecia, nem mesmo Laura, a vi\u00fava. Seria amante de Alberto, cujo corpo permanecia inerte dentro do ata\u00fade? \u2014 N\u00e3o creio que seja, mam\u00e3e. Papai, apesar de nunca ter sido santo, [&hellip;]<\/p>\n","protected":false},"author":2,"featured_media":346842,"comment_status":"closed","ping_status":"closed","sticky":false,"template":"","format":"standard","meta":{"_acf_changed":false,"footnotes":""},"categories":[161],"tags":[],"class_list":["post-346841","post","type-post","status-publish","format-standard","has-post-thumbnail","hentry","category-quadradinho-em-foco"],"acf":[],"_links":{"self":[{"href":"https:\/\/www.notibras.com\/site\/wp-json\/wp\/v2\/posts\/346841","targetHints":{"allow":["GET"]}}],"collection":[{"href":"https:\/\/www.notibras.com\/site\/wp-json\/wp\/v2\/posts"}],"about":[{"href":"https:\/\/www.notibras.com\/site\/wp-json\/wp\/v2\/types\/post"}],"author":[{"embeddable":true,"href":"https:\/\/www.notibras.com\/site\/wp-json\/wp\/v2\/users\/2"}],"replies":[{"embeddable":true,"href":"https:\/\/www.notibras.com\/site\/wp-json\/wp\/v2\/comments?post=346841"}],"version-history":[{"count":1,"href":"https:\/\/www.notibras.com\/site\/wp-json\/wp\/v2\/posts\/346841\/revisions"}],"predecessor-version":[{"id":346843,"href":"https:\/\/www.notibras.com\/site\/wp-json\/wp\/v2\/posts\/346841\/revisions\/346843"}],"wp:featuredmedia":[{"embeddable":true,"href":"https:\/\/www.notibras.com\/site\/wp-json\/wp\/v2\/media\/346842"}],"wp:attachment":[{"href":"https:\/\/www.notibras.com\/site\/wp-json\/wp\/v2\/media?parent=346841"}],"wp:term":[{"taxonomy":"category","embeddable":true,"href":"https:\/\/www.notibras.com\/site\/wp-json\/wp\/v2\/categories?post=346841"},{"taxonomy":"post_tag","embeddable":true,"href":"https:\/\/www.notibras.com\/site\/wp-json\/wp\/v2\/tags?post=346841"}],"curies":[{"name":"wp","href":"https:\/\/api.w.org\/{rel}","templated":true}]}}