{"id":346844,"date":"2025-02-01T00:40:14","date_gmt":"2025-02-01T03:40:14","guid":{"rendered":"https:\/\/www.notibras.com\/site\/?p=346844"},"modified":"2025-02-01T05:41:58","modified_gmt":"2025-02-01T08:41:58","slug":"menos-de-20-do-publico-alvo-foi-imunizado-contra-a-dengue","status":"publish","type":"post","link":"https:\/\/www.notibras.com\/site\/menos-de-20-do-publico-alvo-foi-imunizado-contra-a-dengue\/","title":{"rendered":"Menos de 20% do p\u00fablico-alvo foi imunizado contra a dengue"},"content":{"rendered":"<p>Apenas 18,9% das crian\u00e7as e dos adolescentes de 10 a 14 anos no Distrito Federal receberam as duas doses da vacina contra a dengue, que garante a imuniza\u00e7\u00e3o contra a doen\u00e7a. Os dados s\u00e3o da Secretaria de Sa\u00fade.<\/p>\n<p>Segundo a pasta, nem a metade das crian\u00e7as e dos adolescentes na faixa et\u00e1ria definida como p\u00fablico-alvo recebeu a primeira dose contra a dengue no Distrito Federal \u2013 a cobertura, neste caso, \u00e9 de 46%.<\/p>\n<p>A Qdenga, produzida pelo laborat\u00f3rio japon\u00eas Takeda Pharma e aprovada pela Ag\u00eancia Nacional de Vigil\u00e2ncia Sanit\u00e1ria (Anvisa), come\u00e7ou a ser distribu\u00edda no Sistema \u00danico de Sa\u00fade (SUS) em fevereiro de 2024, em duas doses, com intervalo de 90 dias.<\/p>\n<p>Por causa da capacidade limitada do fabricante, a distribui\u00e7\u00e3o das doses adquiridas pelo governo brasileiro precisou ser restrita ao grupo com idade entre 10 e 14 anos, que concentra o maior n\u00famero de hospitaliza\u00e7\u00f5es por dengue, depois dos idosos.<\/p>\n<p><strong>Alerta<\/strong><br \/>\nA Sociedade Brasileira de Imuniza\u00e7\u00f5es (SBIm) emitiu um alerta sobre a baixa procura pela vacina contra a dengue. O imunizante est\u00e1 dispon\u00edvel para 1,9 mil cidades onde a doen\u00e7a \u00e9 mais frequente. Entretanto, apenas metade das doses distribu\u00eddas aos estados e munic\u00edpios foi aplicada.<\/p>\n<p>De acordo com a Minist\u00e9rio da Sa\u00fade, de janeiro de 2024 a 20 de janeiro de 2025, foram distribu\u00eddas 6.370.966 doses. A Rede Nacional de Dados em Sa\u00fade (RNDS) indica que somente 3.205.625 foram aplicadas at\u00e9 o momento.<\/p>\n","protected":false},"excerpt":{"rendered":"<p>Apenas 18,9% das crian\u00e7as e dos adolescentes de 10 a 14 anos no Distrito Federal receberam as duas doses da vacina contra a dengue, que garante a imuniza\u00e7\u00e3o contra a doen\u00e7a. Os dados s\u00e3o da Secretaria de Sa\u00fade. Segundo a pasta, nem a metade das crian\u00e7as e dos adolescentes na faixa et\u00e1ria definida como p\u00fablico-alvo [&hellip;]<\/p>\n","protected":false},"author":2,"featured_media":346845,"comment_status":"closed","ping_status":"closed","sticky":false,"template":"","format":"standard","meta":{"_acf_changed":false,"footnotes":""},"categories":[161],"tags":[],"class_list":["post-346844","post","type-post","status-publish","format-standard","has-post-thumbnail","hentry","category-quadradinho-em-foco"],"acf":[],"_links":{"self":[{"href":"https:\/\/www.notibras.com\/site\/wp-json\/wp\/v2\/posts\/346844","targetHints":{"allow":["GET"]}}],"collection":[{"href":"https:\/\/www.notibras.com\/site\/wp-json\/wp\/v2\/posts"}],"about":[{"href":"https:\/\/www.notibras.com\/site\/wp-json\/wp\/v2\/types\/post"}],"author":[{"embeddable":true,"href":"https:\/\/www.notibras.com\/site\/wp-json\/wp\/v2\/users\/2"}],"replies":[{"embeddable":true,"href":"https:\/\/www.notibras.com\/site\/wp-json\/wp\/v2\/comments?post=346844"}],"version-history":[{"count":1,"href":"https:\/\/www.notibras.com\/site\/wp-json\/wp\/v2\/posts\/346844\/revisions"}],"predecessor-version":[{"id":346846,"href":"https:\/\/www.notibras.com\/site\/wp-json\/wp\/v2\/posts\/346844\/revisions\/346846"}],"wp:featuredmedia":[{"embeddable":true,"href":"https:\/\/www.notibras.com\/site\/wp-json\/wp\/v2\/media\/346845"}],"wp:attachment":[{"href":"https:\/\/www.notibras.com\/site\/wp-json\/wp\/v2\/media?parent=346844"}],"wp:term":[{"taxonomy":"category","embeddable":true,"href":"https:\/\/www.notibras.com\/site\/wp-json\/wp\/v2\/categories?post=346844"},{"taxonomy":"post_tag","embeddable":true,"href":"https:\/\/www.notibras.com\/site\/wp-json\/wp\/v2\/tags?post=346844"}],"curies":[{"name":"wp","href":"https:\/\/api.w.org\/{rel}","templated":true}]}}