{"id":346883,"date":"2025-02-02T00:02:26","date_gmt":"2025-02-02T03:02:26","guid":{"rendered":"https:\/\/www.notibras.com\/site\/?p=346883"},"modified":"2025-02-02T08:53:21","modified_gmt":"2025-02-02T11:53:21","slug":"sport-e-santa-cruz-repudiam-violencia-antes-de-classico","status":"publish","type":"post","link":"https:\/\/www.notibras.com\/site\/sport-e-santa-cruz-repudiam-violencia-antes-de-classico\/","title":{"rendered":"Sport e Santa Cruz repudiam viol\u00eancia antes de cl\u00e1ssico"},"content":{"rendered":"<p>Horas ap\u00f3s membros de torcidas organizadas do Sport e do Santa Cruz protagonizarem, neste s\u00e1bado (1), violentos confrontos nas ruas do Recife, as dire\u00e7\u00f5es das duas equipes pernambucanas enviaram mensagens de rep\u00fadio e expressaram o compromisso de atuarem pela promo\u00e7\u00e3o da paz no futebol.<\/p>\n<p>\u201c\u00c9 inaceit\u00e1vel que o futebol, esporte que deve unir e promover a paz, seja utilizado como pretexto para a\u00e7\u00f5es criminosas. Esperamos uma atitude en\u00e9rgica e imediata das autoridades para responsabilizar os culpados, independentemente da torcida a que perten\u00e7am. O Sport Club do Recife reafirma seu compromisso com a paz, a seguran\u00e7a e o respeito m\u00fatuo entre as torcidas. Por fim, reiteramos que seguimos \u00e0 disposi\u00e7\u00e3o das autoridades competentes para auxiliar tanto na busca e responsabiliza\u00e7\u00e3o dos indiv\u00edduos envolvidos nos epis\u00f3dios deste s\u00e1bado, quanto para construir um plano de seguran\u00e7a de efetivo para p\u00f4r fim \u00e0 essa chaga que assola o futebol n\u00e3o s\u00f3 pernambucano, mas brasileiro tamb\u00e9m\u201d, afirmou a dire\u00e7\u00e3o do Sport.<\/p>\n<p>Em entrevista coletiva ap\u00f3s a vit\u00f3ria de 1 a 0 de sua equipe no est\u00e1dio do Arruda, o presidente do Santa Cruz, o empres\u00e1rio Bruno Rodrigues, tamb\u00e9m defendeu a implementa\u00e7\u00e3o de medidas mais duras de combate \u00e0 viol\u00eancia no futebol. \u201cO fato \u00e9 que esta \u00e9 uma quest\u00e3o muito maior do que aconteceu hoje. E \u00e9 uma quest\u00e3o que vem acontecendo no dia a dia do futebol pernambucano. \u00c9 lament\u00e1vel. O Santa Cruz n\u00e3o corrobora com este tipo de atitude. Vamos nos reunir esta semana, porque o Santa cruz vai combater este tipo de atitude. Por exemplo, vamos colocar nos pr\u00f3ximos eventos a quest\u00e3o do reconhecimento facial\u201d.<\/p>\n<p><strong>Brigas generalizadas<\/strong><br \/>\nAp\u00f3s os confrontos entre membros de torcidas organizadas do Santa Cruz e do Sport, 12 pessoas foram levadas para o Hospital da Restaura\u00e7\u00e3o, em Recife. Segundo a unidade de sa\u00fade, nove v\u00edtimas de agress\u00e3o f\u00edsica j\u00e1 foram liberadas ap\u00f3s atendimento e tr\u00eas seguem internadas.<\/p>\n<p>As brigas generalizadas aconteceram antes do cl\u00e1ssico entre Santa Cruz e Sport, pelo Campeonato Pernambucano, que foi mantido apesar da confus\u00e3o. Diversos v\u00eddeos publicados nas redes sociais mostram cenas de extrema viol\u00eancia.<\/p>\n<p>Em nota, a Secretaria de Defesa Social de Pernambuco informou que 14 pessoas est\u00e3o detidas. Antes do jogo, cerca de 650 foram conduzidas at\u00e9 o Batalh\u00e3o de Pol\u00edcia de Choque (BPChoque) e passaram por revista, sendo acompanhadas at\u00e9 o local da partida.<\/p>\n<p>&nbsp;<\/p>\n","protected":false},"excerpt":{"rendered":"<p>Horas ap\u00f3s membros de torcidas organizadas do Sport e do Santa Cruz protagonizarem, neste s\u00e1bado (1), violentos confrontos nas ruas do Recife, as dire\u00e7\u00f5es das duas equipes pernambucanas enviaram mensagens de rep\u00fadio e expressaram o compromisso de atuarem pela promo\u00e7\u00e3o da paz no futebol. \u201c\u00c9 inaceit\u00e1vel que o futebol, esporte que deve unir e promover [&hellip;]<\/p>\n","protected":false},"author":2,"featured_media":346884,"comment_status":"closed","ping_status":"closed","sticky":false,"template":"","format":"standard","meta":{"_acf_changed":false,"footnotes":""},"categories":[165],"tags":[],"class_list":["post-346883","post","type-post","status-publish","format-standard","has-post-thumbnail","hentry","category-nordeste"],"acf":[],"_links":{"self":[{"href":"https:\/\/www.notibras.com\/site\/wp-json\/wp\/v2\/posts\/346883","targetHints":{"allow":["GET"]}}],"collection":[{"href":"https:\/\/www.notibras.com\/site\/wp-json\/wp\/v2\/posts"}],"about":[{"href":"https:\/\/www.notibras.com\/site\/wp-json\/wp\/v2\/types\/post"}],"author":[{"embeddable":true,"href":"https:\/\/www.notibras.com\/site\/wp-json\/wp\/v2\/users\/2"}],"replies":[{"embeddable":true,"href":"https:\/\/www.notibras.com\/site\/wp-json\/wp\/v2\/comments?post=346883"}],"version-history":[{"count":2,"href":"https:\/\/www.notibras.com\/site\/wp-json\/wp\/v2\/posts\/346883\/revisions"}],"predecessor-version":[{"id":346886,"href":"https:\/\/www.notibras.com\/site\/wp-json\/wp\/v2\/posts\/346883\/revisions\/346886"}],"wp:featuredmedia":[{"embeddable":true,"href":"https:\/\/www.notibras.com\/site\/wp-json\/wp\/v2\/media\/346884"}],"wp:attachment":[{"href":"https:\/\/www.notibras.com\/site\/wp-json\/wp\/v2\/media?parent=346883"}],"wp:term":[{"taxonomy":"category","embeddable":true,"href":"https:\/\/www.notibras.com\/site\/wp-json\/wp\/v2\/categories?post=346883"},{"taxonomy":"post_tag","embeddable":true,"href":"https:\/\/www.notibras.com\/site\/wp-json\/wp\/v2\/tags?post=346883"}],"curies":[{"name":"wp","href":"https:\/\/api.w.org\/{rel}","templated":true}]}}