{"id":346890,"date":"2025-02-02T09:09:02","date_gmt":"2025-02-02T12:09:02","guid":{"rendered":"https:\/\/www.notibras.com\/site\/?p=346890"},"modified":"2025-02-02T09:09:02","modified_gmt":"2025-02-02T12:09:02","slug":"desejo-de-comer-algo-diferente-faz-marido-de-adelaide-pensar-em-gravidez","status":"publish","type":"post","link":"https:\/\/www.notibras.com\/site\/desejo-de-comer-algo-diferente-faz-marido-de-adelaide-pensar-em-gravidez\/","title":{"rendered":"Desejo de comer algo diferente faz marido de Adelaide pensar em gravidez"},"content":{"rendered":"<p>Minha m\u00e3e sempre tinha uma frase pronta. A melhor de todas nem era a que me lembrei hoje. Seja como for, \u00e9 a \u00fanica que me veio \u00e0 mente.<\/p>\n<p>\u2014 Adelaide, minha filha, tem dia que \u00e9 melhor nem sair de casa.<\/p>\n<p>Por que estou dizendo isso? Bem, acordei com uma daquelas vontades que, vez ou outra, me invade de uma forma, que meu marido at\u00e9 desconfia.<\/p>\n<p>\u2014 N\u00e3o \u00e9 poss\u00edvel, Adelaide!<\/p>\n<p>\u2014 O que n\u00e3o \u00e9 poss\u00edvel, J\u00falio Augusto?<\/p>\n<p>\u2014 Que voc\u00ea esteja gr\u00e1vida novamente.<\/p>\n<p>\u2014 N\u00e3o diga bobagem, homem! J\u00e1 se esqueceu que fiz laqueadura?<\/p>\n<p>\u2014 Mas v\u00e1 que&#8230;<\/p>\n<p>\u2014 Imposs\u00edvel! S\u00f3 se eu fosse parir o novo Jesus Cristo, pois nem me lembro da \u00faltima vez que voc\u00ea compareceu.<\/p>\n<p>Para n\u00e3o deixar meu esposo ainda mais constrangido, fui providenciar o almo\u00e7o de domingo. N\u00e3o era o que eu queria, mas, como mam\u00e3e dizia, tem dia que \u00e9 melhor nem sair de casa.<\/p>\n<p>Pois bem, l\u00e1 fui eu, logo cedo, ao mercado. S\u00f3 queria fazer m\u00fasculo ensopado com ab\u00f3bora e quiabo. N\u00e3o tinha ab\u00f3bora, o a\u00e7ougueiro n\u00e3o estava, ia demorar 15 minutos. Para piorar, uma maluca pulou na minha frente na fila. Pra qu\u00ea? O \u00fanico peda\u00e7o de m\u00fasculo foi vendido justamente para ela.<\/p>\n<p>Gente, que \u00f3dio! Acabei comprando fil\u00e9 mignon, que pedi para cortar em cubos. E aqui estou, diante do fog\u00e3o, preparando estrogonofe. Que droga! S\u00f3 queria um simples ensopado com ab\u00f3bora e quiabo.<\/p>\n<p>&#8230;&#8230;&#8230;&#8230;&#8230;&#8230;&#8230;&#8230;&#8230;&#8230;&#8230;&#8230;&#8230;&#8230;..<\/p>\n<p><strong>Eduardo Mart\u00ednez \u00e9 autor do livro 157 Contos e Cr\u00f4nicas por um Autor Muito Velho\u2019<\/strong><\/p>\n<p>Compre aqui\u00a0<span class=\"x19la9d6 x1fc57z9 x6ikm8r x10wlt62 x19co3pv x1g5zs5t xfibh0p xiy17q3 x1xsqp64 x1lkfr7t xexx8yu x4uap5 x18d9i69 xkhd6sd\"><span class=\"xrtxmta x1bhl96m\"><img decoding=\"async\" class=\"emoji\" role=\"img\" draggable=\"false\" src=\"https:\/\/s.w.org\/images\/core\/emoji\/15.0.3\/svg\/1f447-1f3ff.svg\" alt=\"&#x1f447;&#x1f3ff;\" \/><\/span><\/span><\/p>\n<p><a href=\"https:\/\/www.joanineditora.com.br\/57-contos-e-cronicas-por-um-autor-muito-velho\">https:\/\/www.joanineditora.com.br\/57-contos-e-cronicas-por-um-autor-muito-velho<\/a><\/p>\n<div id=\"wpdevar_comment_4\"><\/div>\n","protected":false},"excerpt":{"rendered":"<p>Minha m\u00e3e sempre tinha uma frase pronta. A melhor de todas nem era a que me lembrei hoje. Seja como for, \u00e9 a \u00fanica que me veio \u00e0 mente. \u2014 Adelaide, minha filha, tem dia que \u00e9 melhor nem sair de casa. Por que estou dizendo isso? Bem, acordei com uma daquelas vontades que, vez [&hellip;]<\/p>\n","protected":false},"author":2,"featured_media":346891,"comment_status":"closed","ping_status":"closed","sticky":false,"template":"","format":"standard","meta":{"_acf_changed":false,"footnotes":""},"categories":[161],"tags":[],"class_list":["post-346890","post","type-post","status-publish","format-standard","has-post-thumbnail","hentry","category-quadradinho-em-foco"],"acf":[],"_links":{"self":[{"href":"https:\/\/www.notibras.com\/site\/wp-json\/wp\/v2\/posts\/346890","targetHints":{"allow":["GET"]}}],"collection":[{"href":"https:\/\/www.notibras.com\/site\/wp-json\/wp\/v2\/posts"}],"about":[{"href":"https:\/\/www.notibras.com\/site\/wp-json\/wp\/v2\/types\/post"}],"author":[{"embeddable":true,"href":"https:\/\/www.notibras.com\/site\/wp-json\/wp\/v2\/users\/2"}],"replies":[{"embeddable":true,"href":"https:\/\/www.notibras.com\/site\/wp-json\/wp\/v2\/comments?post=346890"}],"version-history":[{"count":1,"href":"https:\/\/www.notibras.com\/site\/wp-json\/wp\/v2\/posts\/346890\/revisions"}],"predecessor-version":[{"id":346892,"href":"https:\/\/www.notibras.com\/site\/wp-json\/wp\/v2\/posts\/346890\/revisions\/346892"}],"wp:featuredmedia":[{"embeddable":true,"href":"https:\/\/www.notibras.com\/site\/wp-json\/wp\/v2\/media\/346891"}],"wp:attachment":[{"href":"https:\/\/www.notibras.com\/site\/wp-json\/wp\/v2\/media?parent=346890"}],"wp:term":[{"taxonomy":"category","embeddable":true,"href":"https:\/\/www.notibras.com\/site\/wp-json\/wp\/v2\/categories?post=346890"},{"taxonomy":"post_tag","embeddable":true,"href":"https:\/\/www.notibras.com\/site\/wp-json\/wp\/v2\/tags?post=346890"}],"curies":[{"name":"wp","href":"https:\/\/api.w.org\/{rel}","templated":true}]}}