{"id":346893,"date":"2025-02-02T09:17:25","date_gmt":"2025-02-02T12:17:25","guid":{"rendered":"https:\/\/www.notibras.com\/site\/?p=346893"},"modified":"2025-02-03T06:24:05","modified_gmt":"2025-02-03T09:24:05","slug":"neoenergia-deixa-consumidor-no-escuro-e-sem-luz-no-fim-do-tunel","status":"publish","type":"post","link":"https:\/\/www.notibras.com\/site\/neoenergia-deixa-consumidor-no-escuro-e-sem-luz-no-fim-do-tunel\/","title":{"rendered":"Neoenergia deixa consumidor no escuro&#8230; e sem luz no fim do t\u00fanel"},"content":{"rendered":"<p>Neste 1\u2070 de fevereiro a Neoenergia, empresa que assumiu a responsabilidade pelo fornecimento de energia no Distrito Federal, mostrou, mais uma vez, a que veio. Ou melhor, a que n\u00e3o veio. Desde \u00e0s 13:30 horas faltou energia em parte da \u00e1rea rural de Sobradinho e, mais especificamente, no N\u00facleo Rural C\u00f3rrego Arrozal. Um chacareiro que reside na regi\u00e3o h\u00e1 pouco mais de 30 anos, teve, mais uma vez, seu fornecimento de energia el\u00e9trica em queda.<\/p>\n<p>Foram realizadas tr\u00eas liga\u00e7\u00f5es solicitando reparo e o retorno do fornecimento da energia el\u00e9trica. Na primeira, informaram que no prazo m\u00e1ximo de tr\u00eas a quatro horas seria resolvido o problema. Passado esse tempo, e como n\u00e3o resolveram, uma nova tentativa. Desta feita, informaram que j\u00e1 havia uma equipe em campo resolvendo o problema. Pura mentira, afirma o propriet\u00e1rio da \u00e1rea.<\/p>\n<p>J\u00e1 noite, nova tentativa e, para surpresa do consumidor, informaram que &#8220;n\u00e3o consta&#8221; registro de ocorr\u00eancia. Um absurdo, um descalabro dessa pseudoempresa. Novamente uma promessa de que seria resolvido e que uma equipe estaria se deslocando para a resid\u00eancia, o stio do reclamante. Outra mentira. Faltando apenas dois minutos para \u00e0s 20 horas, ou seja, passadas mais de seis horas e meia sem energia, continuava a falta de eletricidade. E sem uma solu\u00e7\u00e3o \u00e0 vista. O domingo amanheceu com luz. Mas do sol.<\/p>\n<p>E n\u00e3o se pode, sequer, culpar as tempestades meteorol\u00f3gicas, pois na hora em que houve a suspens\u00e3o do fornecimento, o mesmo sol, na v\u00e9spera, brilhava em c\u00e9u totalmente aberto.<\/p>\n<p>Na \u00faltima vez em que houve suspens\u00e3o do fornecimento de energia el\u00e9trica, a regi\u00e3o onde mora o queixo, engenheiro florestal, ficou nada menos de 14 horas seguidas sem energia el\u00e9trica. O servi\u00e7o foi interrompido por volta de 19 horas e somente retornou \u00e0s 11:30 horas do dia seguinte. E sem qualquer explica\u00e7\u00e3o.<\/p>\n<p>A quem recorrer? S\u00e3o os males da privatiza\u00e7\u00e3o de servi\u00e7os essenciais, onde a empresa, no caso a Neoenergia, maximiza seu lucro em detrimento do atendimento de um servi\u00e7o constante e de qualidade. E o consumidor que se exploda.<\/p>\n<p>&nbsp;<\/p>\n","protected":false},"excerpt":{"rendered":"<p>Neste 1\u2070 de fevereiro a Neoenergia, empresa que assumiu a responsabilidade pelo fornecimento de energia no Distrito Federal, mostrou, mais uma vez, a que veio. Ou melhor, a que n\u00e3o veio. Desde \u00e0s 13:30 horas faltou energia em parte da \u00e1rea rural de Sobradinho e, mais especificamente, no N\u00facleo Rural C\u00f3rrego Arrozal. Um chacareiro que [&hellip;]<\/p>\n","protected":false},"author":2,"featured_media":346894,"comment_status":"closed","ping_status":"closed","sticky":false,"template":"","format":"standard","meta":{"_acf_changed":false,"footnotes":""},"categories":[161],"tags":[],"class_list":["post-346893","post","type-post","status-publish","format-standard","has-post-thumbnail","hentry","category-quadradinho-em-foco"],"acf":[],"_links":{"self":[{"href":"https:\/\/www.notibras.com\/site\/wp-json\/wp\/v2\/posts\/346893","targetHints":{"allow":["GET"]}}],"collection":[{"href":"https:\/\/www.notibras.com\/site\/wp-json\/wp\/v2\/posts"}],"about":[{"href":"https:\/\/www.notibras.com\/site\/wp-json\/wp\/v2\/types\/post"}],"author":[{"embeddable":true,"href":"https:\/\/www.notibras.com\/site\/wp-json\/wp\/v2\/users\/2"}],"replies":[{"embeddable":true,"href":"https:\/\/www.notibras.com\/site\/wp-json\/wp\/v2\/comments?post=346893"}],"version-history":[{"count":1,"href":"https:\/\/www.notibras.com\/site\/wp-json\/wp\/v2\/posts\/346893\/revisions"}],"predecessor-version":[{"id":346895,"href":"https:\/\/www.notibras.com\/site\/wp-json\/wp\/v2\/posts\/346893\/revisions\/346895"}],"wp:featuredmedia":[{"embeddable":true,"href":"https:\/\/www.notibras.com\/site\/wp-json\/wp\/v2\/media\/346894"}],"wp:attachment":[{"href":"https:\/\/www.notibras.com\/site\/wp-json\/wp\/v2\/media?parent=346893"}],"wp:term":[{"taxonomy":"category","embeddable":true,"href":"https:\/\/www.notibras.com\/site\/wp-json\/wp\/v2\/categories?post=346893"},{"taxonomy":"post_tag","embeddable":true,"href":"https:\/\/www.notibras.com\/site\/wp-json\/wp\/v2\/tags?post=346893"}],"curies":[{"name":"wp","href":"https:\/\/api.w.org\/{rel}","templated":true}]}}