{"id":34691,"date":"2015-01-22T10:51:56","date_gmt":"2015-01-22T13:51:56","guid":{"rendered":"http:\/\/www.notibras.com\/site\/?p=34691"},"modified":"2015-01-22T13:35:09","modified_gmt":"2015-01-22T16:35:09","slug":"paralisacao-dos-aeroviarios-provoca-atrasos-e-cancelamento-de-voos","status":"publish","type":"post","link":"https:\/\/www.notibras.com\/site\/paralisacao-dos-aeroviarios-provoca-atrasos-e-cancelamento-de-voos\/","title":{"rendered":"Greve dos aerovi\u00e1rios provoca atraso e cancelamento de voo"},"content":{"rendered":"<div class=\"content\">\n<p>Em dia de paralisa\u00e7\u00e3o de aeronautas e aerovi\u00e1rios nesta quinta-feira 22, a Empresa Brasileira de Infraestrutura Aeroportu\u00e1ria (Infraero) registrou, at\u00e9 as 10h, 148 voos dom\u00e9sticos atrasados (19,5% do total) e 66 cancelados (8,7% do total), dos 760 voos programados.<\/p>\n<p>Os aerovi\u00e1rios e aeronautas pedem aumento de 8,5% nos sal\u00e1rios e benef\u00edcios, melhores condi\u00e7\u00f5es de trabalho e estabelecimento de piso salarial para os agentes que fazem o <em>check-in<\/em>, entre outras reivindica\u00e7\u00f5es. A proposta do Sindicato Nacional das Empresas Aerovi\u00e1rias (Snea) e da Associa\u00e7\u00e3o Brasileira das Empresas A\u00e9reas (Abear) oferece reajuste de 6,5% para os sal\u00e1rios e aumento de 8% para alguns benef\u00edcios.<\/p>\n<blockquote><p>No Aeroporto Internacional Salgado Filho, em Porto Alegre, dos 36 voos dom\u00e9sticos programados, 20 estavam atrasados. Em Curitiba, o Aeroporto Internacional Afonso Pena registrou 11 voos atrasados dos 35 previstos. No Aeroporto Internacional de Florian\u00f3polis &#8211; Herc\u00edlio Luz, dos 15 voos dom\u00e9sticos previstos, seis estavam em atraso. J\u00e1 no Aeroporto Internacional de Salvador &#8211; Deputado Luis Eduardo Magalh\u00e3es, sete voos estavam atrasados dos 46 programados.<\/p><\/blockquote>\n<p>Em nota, a Abear informou que a paralisa\u00e7\u00e3o dos trabalhadores teve, \u201cem consequ\u00eancia das a\u00e7\u00f5es gerenciais adotadas pelo setor, um impacto m\u00ednimo junto aos passageiros\u201d. E acrescentou: \u201cNo entanto, ainda assim o movimento impactou mais de 20% da opera\u00e7\u00e3o prevista, n\u00e3o garantindo um efetivo m\u00ednimo de 80% dos colaboradores, estabelecido pelo Judici\u00e1rio. Honrando seu compromisso de transportar os brasileiros com seguran\u00e7a e qualidade, as companhias a\u00e9reas est\u00e3o normalizando as opera\u00e7\u00f5es e adotando as medidas judiciais cab\u00edveis\u201d.<\/p>\n<\/div>\n","protected":false},"excerpt":{"rendered":"<p>Em dia de paralisa\u00e7\u00e3o de aeronautas e aerovi\u00e1rios nesta quinta-feira 22, a Empresa Brasileira de Infraestrutura Aeroportu\u00e1ria (Infraero) registrou, at\u00e9 as 10h, 148 voos dom\u00e9sticos atrasados (19,5% do total) e 66 cancelados (8,7% do total), dos 760 voos programados. Os aerovi\u00e1rios e aeronautas pedem aumento de 8,5% nos sal\u00e1rios e benef\u00edcios, melhores condi\u00e7\u00f5es de trabalho [&hellip;]<\/p>\n","protected":false},"author":2,"featured_media":34693,"comment_status":"open","ping_status":"closed","sticky":false,"template":"","format":"standard","meta":{"_acf_changed":false,"footnotes":""},"categories":[16],"tags":[],"class_list":["post-34691","post","type-post","status-publish","format-standard","has-post-thumbnail","hentry","category-brasil"],"acf":[],"yoast_head":"<!-- This site is optimized with the Yoast SEO plugin v27.2 - https:\/\/yoast.com\/product\/yoast-seo-wordpress\/ -->\n<title>Greve dos aerovi\u00e1rios provoca atraso e cancelamento de voo - Notibras<\/title>\n<meta name=\"robots\" content=\"index, follow, max-snippet:-1, max-image-preview:large, max-video-preview:-1\" \/>\n<link rel=\"canonical\" href=\"https:\/\/www.notibras.com\/site\/paralisacao-dos-aeroviarios-provoca-atrasos-e-cancelamento-de-voos\/\" \/>\n<meta property=\"og:locale\" content=\"pt_BR\" \/>\n<meta property=\"og:type\" content=\"article\" \/>\n<meta property=\"og:title\" content=\"Greve dos aerovi\u00e1rios provoca atraso e cancelamento de voo - Notibras\" \/>\n<meta property=\"og:description\" content=\"Em dia de paralisa\u00e7\u00e3o de aeronautas e aerovi\u00e1rios nesta quinta-feira 22, a Empresa Brasileira de Infraestrutura Aeroportu\u00e1ria (Infraero) registrou, at\u00e9 as 10h, 148 voos dom\u00e9sticos atrasados (19,5% do total) e 66 cancelados (8,7% do total), dos 760 voos programados. Os aerovi\u00e1rios e aeronautas pedem aumento de 8,5% nos sal\u00e1rios e benef\u00edcios, melhores condi\u00e7\u00f5es de trabalho [&hellip;]\" \/>\n<meta property=\"og:url\" content=\"https:\/\/www.notibras.com\/site\/paralisacao-dos-aeroviarios-provoca-atrasos-e-cancelamento-de-voos\/\" \/>\n<meta property=\"og:site_name\" content=\"Notibras\" \/>\n<meta property=\"article:publisher\" content=\"https:\/\/www.facebook.com\/notibras\/\" \/>\n<meta property=\"article:published_time\" content=\"2015-01-22T13:51:56+00:00\" \/>\n<meta property=\"article:modified_time\" content=\"2015-01-22T16:35:09+00:00\" \/>\n<meta property=\"og:image\" content=\"https:\/\/www.notibras.com\/site\/wp-content\/uploads\/2015\/01\/944463-aero_jk-3.jpg\" \/>\n\t<meta property=\"og:image:width\" content=\"1125\" \/>\n\t<meta property=\"og:image:height\" content=\"720\" \/>\n\t<meta property=\"og:image:type\" content=\"image\/jpeg\" \/>\n<meta name=\"author\" content=\"Reda\u00e7\u00e3o\" \/>\n<meta name=\"twitter:card\" content=\"summary_large_image\" \/>\n<meta name=\"twitter:creator\" content=\"@Notibras\" \/>\n<meta name=\"twitter:site\" content=\"@Notibras\" \/>\n<meta name=\"twitter:label1\" content=\"Escrito por\" \/>\n\t<meta name=\"twitter:data1\" content=\"Reda\u00e7\u00e3o\" \/>\n\t<meta name=\"twitter:label2\" content=\"Est. tempo de leitura\" \/>\n\t<meta name=\"twitter:data2\" content=\"1 minuto\" \/>\n<script type=\"application\/ld+json\" class=\"yoast-schema-graph\">{\"@context\":\"https:\/\/schema.org\",\"@graph\":[{\"@type\":\"Article\",\"@id\":\"https:\/\/www.notibras.com\/site\/paralisacao-dos-aeroviarios-provoca-atrasos-e-cancelamento-de-voos\/#article\",\"isPartOf\":{\"@id\":\"https:\/\/www.notibras.com\/site\/paralisacao-dos-aeroviarios-provoca-atrasos-e-cancelamento-de-voos\/\"},\"author\":{\"name\":\"Reda\u00e7\u00e3o\",\"@id\":\"https:\/\/www.notibras.com\/site\/#\/schema\/person\/36ab0979449956132d3e5b517ea76ac8\"},\"headline\":\"Greve dos aerovi\u00e1rios provoca atraso e cancelamento de voo\",\"datePublished\":\"2015-01-22T13:51:56+00:00\",\"dateModified\":\"2015-01-22T16:35:09+00:00\",\"mainEntityOfPage\":{\"@id\":\"https:\/\/www.notibras.com\/site\/paralisacao-dos-aeroviarios-provoca-atrasos-e-cancelamento-de-voos\/\"},\"wordCount\":267,\"commentCount\":0,\"publisher\":{\"@id\":\"https:\/\/www.notibras.com\/site\/#organization\"},\"image\":{\"@id\":\"https:\/\/www.notibras.com\/site\/paralisacao-dos-aeroviarios-provoca-atrasos-e-cancelamento-de-voos\/#primaryimage\"},\"thumbnailUrl\":\"https:\/\/www.notibras.com\/site\/wp-content\/uploads\/2015\/01\/944463-aero_jk-3.jpg\",\"articleSection\":[\"Brasil\"],\"inLanguage\":\"pt-BR\",\"potentialAction\":[{\"@type\":\"CommentAction\",\"name\":\"Comment\",\"target\":[\"https:\/\/www.notibras.com\/site\/paralisacao-dos-aeroviarios-provoca-atrasos-e-cancelamento-de-voos\/#respond\"]}]},{\"@type\":\"WebPage\",\"@id\":\"https:\/\/www.notibras.com\/site\/paralisacao-dos-aeroviarios-provoca-atrasos-e-cancelamento-de-voos\/\",\"url\":\"https:\/\/www.notibras.com\/site\/paralisacao-dos-aeroviarios-provoca-atrasos-e-cancelamento-de-voos\/\",\"name\":\"Greve dos aerovi\u00e1rios provoca atraso e cancelamento de voo - Notibras\",\"isPartOf\":{\"@id\":\"https:\/\/www.notibras.com\/site\/#website\"},\"primaryImageOfPage\":{\"@id\":\"https:\/\/www.notibras.com\/site\/paralisacao-dos-aeroviarios-provoca-atrasos-e-cancelamento-de-voos\/#primaryimage\"},\"image\":{\"@id\":\"https:\/\/www.notibras.com\/site\/paralisacao-dos-aeroviarios-provoca-atrasos-e-cancelamento-de-voos\/#primaryimage\"},\"thumbnailUrl\":\"https:\/\/www.notibras.com\/site\/wp-content\/uploads\/2015\/01\/944463-aero_jk-3.jpg\",\"datePublished\":\"2015-01-22T13:51:56+00:00\",\"dateModified\":\"2015-01-22T16:35:09+00:00\",\"breadcrumb\":{\"@id\":\"https:\/\/www.notibras.com\/site\/paralisacao-dos-aeroviarios-provoca-atrasos-e-cancelamento-de-voos\/#breadcrumb\"},\"inLanguage\":\"pt-BR\",\"potentialAction\":[{\"@type\":\"ReadAction\",\"target\":[\"https:\/\/www.notibras.com\/site\/paralisacao-dos-aeroviarios-provoca-atrasos-e-cancelamento-de-voos\/\"]}]},{\"@type\":\"ImageObject\",\"inLanguage\":\"pt-BR\",\"@id\":\"https:\/\/www.notibras.com\/site\/paralisacao-dos-aeroviarios-provoca-atrasos-e-cancelamento-de-voos\/#primaryimage\",\"url\":\"https:\/\/www.notibras.com\/site\/wp-content\/uploads\/2015\/01\/944463-aero_jk-3.jpg\",\"contentUrl\":\"https:\/\/www.notibras.com\/site\/wp-content\/uploads\/2015\/01\/944463-aero_jk-3.jpg\",\"width\":1125,\"height\":720},{\"@type\":\"BreadcrumbList\",\"@id\":\"https:\/\/www.notibras.com\/site\/paralisacao-dos-aeroviarios-provoca-atrasos-e-cancelamento-de-voos\/#breadcrumb\",\"itemListElement\":[{\"@type\":\"ListItem\",\"position\":1,\"name\":\"In\u00edcio\",\"item\":\"https:\/\/www.notibras.com\/site\/\"},{\"@type\":\"ListItem\",\"position\":2,\"name\":\"Greve dos aerovi\u00e1rios provoca atraso e cancelamento de voo\"}]},{\"@type\":\"WebSite\",\"@id\":\"https:\/\/www.notibras.com\/site\/#website\",\"url\":\"https:\/\/www.notibras.com\/site\/\",\"name\":\"Notibras\",\"description\":\"Not\u00edcias de Bras\u00edlia, do Brasil e do Mundo\",\"publisher\":{\"@id\":\"https:\/\/www.notibras.com\/site\/#organization\"},\"potentialAction\":[{\"@type\":\"SearchAction\",\"target\":{\"@type\":\"EntryPoint\",\"urlTemplate\":\"https:\/\/www.notibras.com\/site\/?s={search_term_string}\"},\"query-input\":{\"@type\":\"PropertyValueSpecification\",\"valueRequired\":true,\"valueName\":\"search_term_string\"}}],\"inLanguage\":\"pt-BR\"},{\"@type\":\"Organization\",\"@id\":\"https:\/\/www.notibras.com\/site\/#organization\",\"name\":\"Grupo Notibras de Comunica\u00e7\u00e3o\",\"url\":\"https:\/\/www.notibras.com\/site\/\",\"logo\":{\"@type\":\"ImageObject\",\"inLanguage\":\"pt-BR\",\"@id\":\"https:\/\/www.notibras.com\/site\/#\/schema\/logo\/image\/\",\"url\":\"https:\/\/www.notibras.com\/site\/wp-content\/uploads\/2023\/01\/notibras23.png\",\"contentUrl\":\"https:\/\/www.notibras.com\/site\/wp-content\/uploads\/2023\/01\/notibras23.png\",\"width\":350,\"height\":87,\"caption\":\"Grupo Notibras de Comunica\u00e7\u00e3o\"},\"image\":{\"@id\":\"https:\/\/www.notibras.com\/site\/#\/schema\/logo\/image\/\"},\"sameAs\":[\"https:\/\/www.facebook.com\/notibras\/\",\"https:\/\/x.com\/Notibras\",\"https:\/\/www.instagram.com\/notibras\/\"]},{\"@type\":\"Person\",\"@id\":\"https:\/\/www.notibras.com\/site\/#\/schema\/person\/36ab0979449956132d3e5b517ea76ac8\",\"name\":\"Reda\u00e7\u00e3o\",\"image\":{\"@type\":\"ImageObject\",\"inLanguage\":\"pt-BR\",\"@id\":\"https:\/\/secure.gravatar.com\/avatar\/e0a867bdedb85fd243eadf09663511f96fc81e0720a4a42581f334ad4303aa6b?s=96&d=mm&r=g\",\"url\":\"https:\/\/secure.gravatar.com\/avatar\/e0a867bdedb85fd243eadf09663511f96fc81e0720a4a42581f334ad4303aa6b?s=96&d=mm&r=g\",\"contentUrl\":\"https:\/\/secure.gravatar.com\/avatar\/e0a867bdedb85fd243eadf09663511f96fc81e0720a4a42581f334ad4303aa6b?s=96&d=mm&r=g\",\"caption\":\"Reda\u00e7\u00e3o\"}}]}<\/script>\n<!-- \/ Yoast SEO plugin. -->","yoast_head_json":{"title":"Greve dos aerovi\u00e1rios provoca atraso e cancelamento de voo - Notibras","robots":{"index":"index","follow":"follow","max-snippet":"max-snippet:-1","max-image-preview":"max-image-preview:large","max-video-preview":"max-video-preview:-1"},"canonical":"https:\/\/www.notibras.com\/site\/paralisacao-dos-aeroviarios-provoca-atrasos-e-cancelamento-de-voos\/","og_locale":"pt_BR","og_type":"article","og_title":"Greve dos aerovi\u00e1rios provoca atraso e cancelamento de voo - Notibras","og_description":"Em dia de paralisa\u00e7\u00e3o de aeronautas e aerovi\u00e1rios nesta quinta-feira 22, a Empresa Brasileira de Infraestrutura Aeroportu\u00e1ria (Infraero) registrou, at\u00e9 as 10h, 148 voos dom\u00e9sticos atrasados (19,5% do total) e 66 cancelados (8,7% do total), dos 760 voos programados. Os aerovi\u00e1rios e aeronautas pedem aumento de 8,5% nos sal\u00e1rios e benef\u00edcios, melhores condi\u00e7\u00f5es de trabalho [&hellip;]","og_url":"https:\/\/www.notibras.com\/site\/paralisacao-dos-aeroviarios-provoca-atrasos-e-cancelamento-de-voos\/","og_site_name":"Notibras","article_publisher":"https:\/\/www.facebook.com\/notibras\/","article_published_time":"2015-01-22T13:51:56+00:00","article_modified_time":"2015-01-22T16:35:09+00:00","og_image":[{"width":1125,"height":720,"url":"https:\/\/www.notibras.com\/site\/wp-content\/uploads\/2015\/01\/944463-aero_jk-3.jpg","type":"image\/jpeg"}],"author":"Reda\u00e7\u00e3o","twitter_card":"summary_large_image","twitter_creator":"@Notibras","twitter_site":"@Notibras","twitter_misc":{"Escrito por":"Reda\u00e7\u00e3o","Est. tempo de leitura":"1 minuto"},"schema":{"@context":"https:\/\/schema.org","@graph":[{"@type":"Article","@id":"https:\/\/www.notibras.com\/site\/paralisacao-dos-aeroviarios-provoca-atrasos-e-cancelamento-de-voos\/#article","isPartOf":{"@id":"https:\/\/www.notibras.com\/site\/paralisacao-dos-aeroviarios-provoca-atrasos-e-cancelamento-de-voos\/"},"author":{"name":"Reda\u00e7\u00e3o","@id":"https:\/\/www.notibras.com\/site\/#\/schema\/person\/36ab0979449956132d3e5b517ea76ac8"},"headline":"Greve dos aerovi\u00e1rios provoca atraso e cancelamento de voo","datePublished":"2015-01-22T13:51:56+00:00","dateModified":"2015-01-22T16:35:09+00:00","mainEntityOfPage":{"@id":"https:\/\/www.notibras.com\/site\/paralisacao-dos-aeroviarios-provoca-atrasos-e-cancelamento-de-voos\/"},"wordCount":267,"commentCount":0,"publisher":{"@id":"https:\/\/www.notibras.com\/site\/#organization"},"image":{"@id":"https:\/\/www.notibras.com\/site\/paralisacao-dos-aeroviarios-provoca-atrasos-e-cancelamento-de-voos\/#primaryimage"},"thumbnailUrl":"https:\/\/www.notibras.com\/site\/wp-content\/uploads\/2015\/01\/944463-aero_jk-3.jpg","articleSection":["Brasil"],"inLanguage":"pt-BR","potentialAction":[{"@type":"CommentAction","name":"Comment","target":["https:\/\/www.notibras.com\/site\/paralisacao-dos-aeroviarios-provoca-atrasos-e-cancelamento-de-voos\/#respond"]}]},{"@type":"WebPage","@id":"https:\/\/www.notibras.com\/site\/paralisacao-dos-aeroviarios-provoca-atrasos-e-cancelamento-de-voos\/","url":"https:\/\/www.notibras.com\/site\/paralisacao-dos-aeroviarios-provoca-atrasos-e-cancelamento-de-voos\/","name":"Greve dos aerovi\u00e1rios provoca atraso e cancelamento de voo - Notibras","isPartOf":{"@id":"https:\/\/www.notibras.com\/site\/#website"},"primaryImageOfPage":{"@id":"https:\/\/www.notibras.com\/site\/paralisacao-dos-aeroviarios-provoca-atrasos-e-cancelamento-de-voos\/#primaryimage"},"image":{"@id":"https:\/\/www.notibras.com\/site\/paralisacao-dos-aeroviarios-provoca-atrasos-e-cancelamento-de-voos\/#primaryimage"},"thumbnailUrl":"https:\/\/www.notibras.com\/site\/wp-content\/uploads\/2015\/01\/944463-aero_jk-3.jpg","datePublished":"2015-01-22T13:51:56+00:00","dateModified":"2015-01-22T16:35:09+00:00","breadcrumb":{"@id":"https:\/\/www.notibras.com\/site\/paralisacao-dos-aeroviarios-provoca-atrasos-e-cancelamento-de-voos\/#breadcrumb"},"inLanguage":"pt-BR","potentialAction":[{"@type":"ReadAction","target":["https:\/\/www.notibras.com\/site\/paralisacao-dos-aeroviarios-provoca-atrasos-e-cancelamento-de-voos\/"]}]},{"@type":"ImageObject","inLanguage":"pt-BR","@id":"https:\/\/www.notibras.com\/site\/paralisacao-dos-aeroviarios-provoca-atrasos-e-cancelamento-de-voos\/#primaryimage","url":"https:\/\/www.notibras.com\/site\/wp-content\/uploads\/2015\/01\/944463-aero_jk-3.jpg","contentUrl":"https:\/\/www.notibras.com\/site\/wp-content\/uploads\/2015\/01\/944463-aero_jk-3.jpg","width":1125,"height":720},{"@type":"BreadcrumbList","@id":"https:\/\/www.notibras.com\/site\/paralisacao-dos-aeroviarios-provoca-atrasos-e-cancelamento-de-voos\/#breadcrumb","itemListElement":[{"@type":"ListItem","position":1,"name":"In\u00edcio","item":"https:\/\/www.notibras.com\/site\/"},{"@type":"ListItem","position":2,"name":"Greve dos aerovi\u00e1rios provoca atraso e cancelamento de voo"}]},{"@type":"WebSite","@id":"https:\/\/www.notibras.com\/site\/#website","url":"https:\/\/www.notibras.com\/site\/","name":"Notibras","description":"Not\u00edcias de Bras\u00edlia, do Brasil e do Mundo","publisher":{"@id":"https:\/\/www.notibras.com\/site\/#organization"},"potentialAction":[{"@type":"SearchAction","target":{"@type":"EntryPoint","urlTemplate":"https:\/\/www.notibras.com\/site\/?s={search_term_string}"},"query-input":{"@type":"PropertyValueSpecification","valueRequired":true,"valueName":"search_term_string"}}],"inLanguage":"pt-BR"},{"@type":"Organization","@id":"https:\/\/www.notibras.com\/site\/#organization","name":"Grupo Notibras de Comunica\u00e7\u00e3o","url":"https:\/\/www.notibras.com\/site\/","logo":{"@type":"ImageObject","inLanguage":"pt-BR","@id":"https:\/\/www.notibras.com\/site\/#\/schema\/logo\/image\/","url":"https:\/\/www.notibras.com\/site\/wp-content\/uploads\/2023\/01\/notibras23.png","contentUrl":"https:\/\/www.notibras.com\/site\/wp-content\/uploads\/2023\/01\/notibras23.png","width":350,"height":87,"caption":"Grupo Notibras de Comunica\u00e7\u00e3o"},"image":{"@id":"https:\/\/www.notibras.com\/site\/#\/schema\/logo\/image\/"},"sameAs":["https:\/\/www.facebook.com\/notibras\/","https:\/\/x.com\/Notibras","https:\/\/www.instagram.com\/notibras\/"]},{"@type":"Person","@id":"https:\/\/www.notibras.com\/site\/#\/schema\/person\/36ab0979449956132d3e5b517ea76ac8","name":"Reda\u00e7\u00e3o","image":{"@type":"ImageObject","inLanguage":"pt-BR","@id":"https:\/\/secure.gravatar.com\/avatar\/e0a867bdedb85fd243eadf09663511f96fc81e0720a4a42581f334ad4303aa6b?s=96&d=mm&r=g","url":"https:\/\/secure.gravatar.com\/avatar\/e0a867bdedb85fd243eadf09663511f96fc81e0720a4a42581f334ad4303aa6b?s=96&d=mm&r=g","contentUrl":"https:\/\/secure.gravatar.com\/avatar\/e0a867bdedb85fd243eadf09663511f96fc81e0720a4a42581f334ad4303aa6b?s=96&d=mm&r=g","caption":"Reda\u00e7\u00e3o"}}]}},"amp_enabled":true,"_links":{"self":[{"href":"https:\/\/www.notibras.com\/site\/wp-json\/wp\/v2\/posts\/34691","targetHints":{"allow":["GET"]}}],"collection":[{"href":"https:\/\/www.notibras.com\/site\/wp-json\/wp\/v2\/posts"}],"about":[{"href":"https:\/\/www.notibras.com\/site\/wp-json\/wp\/v2\/types\/post"}],"author":[{"embeddable":true,"href":"https:\/\/www.notibras.com\/site\/wp-json\/wp\/v2\/users\/2"}],"replies":[{"embeddable":true,"href":"https:\/\/www.notibras.com\/site\/wp-json\/wp\/v2\/comments?post=34691"}],"version-history":[{"count":0,"href":"https:\/\/www.notibras.com\/site\/wp-json\/wp\/v2\/posts\/34691\/revisions"}],"wp:featuredmedia":[{"embeddable":true,"href":"https:\/\/www.notibras.com\/site\/wp-json\/wp\/v2\/media\/34693"}],"wp:attachment":[{"href":"https:\/\/www.notibras.com\/site\/wp-json\/wp\/v2\/media?parent=34691"}],"wp:term":[{"taxonomy":"category","embeddable":true,"href":"https:\/\/www.notibras.com\/site\/wp-json\/wp\/v2\/categories?post=34691"},{"taxonomy":"post_tag","embeddable":true,"href":"https:\/\/www.notibras.com\/site\/wp-json\/wp\/v2\/tags?post=34691"}],"curies":[{"name":"wp","href":"https:\/\/api.w.org\/{rel}","templated":true}]}}