{"id":346944,"date":"2025-02-03T05:33:56","date_gmt":"2025-02-03T08:33:56","guid":{"rendered":"https:\/\/www.notibras.com\/site\/?p=346944"},"modified":"2025-02-03T05:33:56","modified_gmt":"2025-02-03T08:33:56","slug":"sentinela-do-sertao-mandacaru-resiste-as-mudancas-climaticas","status":"publish","type":"post","link":"https:\/\/www.notibras.com\/site\/sentinela-do-sertao-mandacaru-resiste-as-mudancas-climaticas\/","title":{"rendered":"Sentinela do Sert\u00e3o, mandacaru resiste \u00e0s mudan\u00e7as clim\u00e1ticas"},"content":{"rendered":"<p>O mandacaru, como uma sentinela do Sert\u00e3o, finca suas garras na terra rachada, impass\u00edvel ao sol inclemente e ao vento que carrega os segredos da caatinga. Sua pele espinhenta n\u00e3o pede carinho, pede respeito. E ali fica, altivo, como um soldado da natureza, pronto para enfrentar os avan\u00e7os impiedosos das mudan\u00e7as clim\u00e1ticas.<\/p>\n<p>A seca, que espreme a vida dos homens e desafia os bichos, n\u00e3o assusta o mandacaru. Ele j\u00e1 viu chuvas que s\u00e3o milagres, e estiagens que s\u00e3o penit\u00eancias. N\u00e3o se desespera: guarda a \u00e1gua em seu corpo, como quem esconde um tesouro. E quando menos se espera, explode em flores alvas, como um suspiro de esperan\u00e7a no sil\u00eancio esturricado da terra.<\/p>\n<p>O sertanejo conhece bem esse guerreiro vegetal. \u00c9 dele que tira sustento, sombra, e at\u00e9 susto quando se aproxima sem cuidado. O gado, faminto, devora-lhe a polpa macia quando o homem, em gesto de gratid\u00e3o, se d\u00e1 ao trabalho de queimar-lhe os espinhos. Mas o mandacaru n\u00e3o se queixa, n\u00e3o se dobra. Ele resiste, renasce, cresce de novo, desafiando o tempo e os caprichos do clima.<\/p>\n<p>Hoje, cientistas olham para ele como quem observa um or\u00e1culo. Estudam sua resili\u00eancia, sua capacidade de sobreviver onde tudo mais se rende. E, enquanto o mundo se debate com a fome de chuva e a f\u00faria do calor, o mandacaru continua ali, de p\u00e9, sem alarde, ensinando que a persist\u00eancia \u00e9 a \u00faltima a morrer.<\/p>\n<p>Talvez, no fim das contas, sejamos todos aprendizes do mandacaru. Se ele pode resistir, tamb\u00e9m podemos. Basta aprender a guardar a esperan\u00e7a como ele guarda a \u00e1gua, florescendo na hora certa, sem pressa, mas sem nunca desistir.<\/p>\n","protected":false},"excerpt":{"rendered":"<p>O mandacaru, como uma sentinela do Sert\u00e3o, finca suas garras na terra rachada, impass\u00edvel ao sol inclemente e ao vento que carrega os segredos da caatinga. Sua pele espinhenta n\u00e3o pede carinho, pede respeito. E ali fica, altivo, como um soldado da natureza, pronto para enfrentar os avan\u00e7os impiedosos das mudan\u00e7as clim\u00e1ticas. A seca, que [&hellip;]<\/p>\n","protected":false},"author":2,"featured_media":346945,"comment_status":"closed","ping_status":"closed","sticky":false,"template":"","format":"standard","meta":{"_acf_changed":false,"footnotes":""},"categories":[165],"tags":[],"class_list":["post-346944","post","type-post","status-publish","format-standard","has-post-thumbnail","hentry","category-nordeste"],"acf":[],"_links":{"self":[{"href":"https:\/\/www.notibras.com\/site\/wp-json\/wp\/v2\/posts\/346944","targetHints":{"allow":["GET"]}}],"collection":[{"href":"https:\/\/www.notibras.com\/site\/wp-json\/wp\/v2\/posts"}],"about":[{"href":"https:\/\/www.notibras.com\/site\/wp-json\/wp\/v2\/types\/post"}],"author":[{"embeddable":true,"href":"https:\/\/www.notibras.com\/site\/wp-json\/wp\/v2\/users\/2"}],"replies":[{"embeddable":true,"href":"https:\/\/www.notibras.com\/site\/wp-json\/wp\/v2\/comments?post=346944"}],"version-history":[{"count":1,"href":"https:\/\/www.notibras.com\/site\/wp-json\/wp\/v2\/posts\/346944\/revisions"}],"predecessor-version":[{"id":346946,"href":"https:\/\/www.notibras.com\/site\/wp-json\/wp\/v2\/posts\/346944\/revisions\/346946"}],"wp:featuredmedia":[{"embeddable":true,"href":"https:\/\/www.notibras.com\/site\/wp-json\/wp\/v2\/media\/346945"}],"wp:attachment":[{"href":"https:\/\/www.notibras.com\/site\/wp-json\/wp\/v2\/media?parent=346944"}],"wp:term":[{"taxonomy":"category","embeddable":true,"href":"https:\/\/www.notibras.com\/site\/wp-json\/wp\/v2\/categories?post=346944"},{"taxonomy":"post_tag","embeddable":true,"href":"https:\/\/www.notibras.com\/site\/wp-json\/wp\/v2\/tags?post=346944"}],"curies":[{"name":"wp","href":"https:\/\/api.w.org\/{rel}","templated":true}]}}