{"id":346956,"date":"2025-02-03T00:00:46","date_gmt":"2025-02-03T03:00:46","guid":{"rendered":"https:\/\/www.notibras.com\/site\/?p=346956"},"modified":"2025-02-03T06:41:14","modified_gmt":"2025-02-03T09:41:14","slug":"horta-ajuda-a-ressocializar-custodiados-e-oferece-alimentos-de-qualidade","status":"publish","type":"post","link":"https:\/\/www.notibras.com\/site\/horta-ajuda-a-ressocializar-custodiados-e-oferece-alimentos-de-qualidade\/","title":{"rendered":"Horta ajuda a ressocializar custodiados e oferece alimentos de qualidade"},"content":{"rendered":"<p>Alface, cenoura, couve, tomate, mandioca, quiabo, piment\u00e3o, beterraba, maxixe, entre outros alimentos, s\u00e3o cultivados de modo org\u00e2nico na horta comunit\u00e1ria do Centro de Progress\u00e3o Penitenci\u00e1ria (CPP). Dois custodiados s\u00e3o respons\u00e1veis pelos cuidados com as planta\u00e7\u00f5es e, em troca, t\u00eam um dia de pena reduzido a cada tr\u00eas trabalhados, al\u00e9m de receberem remunera\u00e7\u00e3o da Funda\u00e7\u00e3o de Amparo ao Trabalhador Preso (Funap).<\/p>\n<p>O destino final das hortali\u00e7as, legumes e verduras \u00e9 a mesa de quem mais precisa: os alimentos s\u00e3o doados a institui\u00e7\u00f5es cadastradas junto \u00e0 Secretaria de Administra\u00e7\u00e3o Penitenci\u00e1ria (Seape-DF), como a Casa de Apoio Artes e Sonhos e o Instituto de Inclus\u00e3o Desenvolvimento Social e Promo\u00e7\u00e3o Social.<\/p>\n<p>\u201cAcreditamos que o processo de reintegra\u00e7\u00e3o n\u00e3o acontece apenas com o trabalho do Estado, mas tamb\u00e9m com o compromisso do reeducando, reconhecendo seu papel na sociedade\u201d, analisa o diretor do CPP, Eduardo Moura Guerra. \u201cE a horta ajuda nesse sentido, promovendo a consci\u00eancia de que o que est\u00e1 sendo produzido ser\u00e1 destinado a algu\u00e9m e ajudar\u00e1 essa pessoa, mostrando que [a iniciativa] tem um papel social.\u201d<\/p>\n<p>O projeto surgiu em 2022 para ocupar uma \u00e1rea ociosa do CPP localizada no Setor de Ind\u00fastrias de Abastecimento (SIA) e proporcionar mais uma oportunidade de ressocializa\u00e7\u00e3o e remi\u00e7\u00e3o da pena aos participantes. No entanto, em 2023, a iniciativa teve que ser interrompida. O retorno ocorreu em junho do ano passado.<\/p>\n<p>Desde ent\u00e3o, os custodiados se dedicam diariamente aos servi\u00e7os, contando com orienta\u00e7\u00e3o t\u00e9cnica e insumos, como adubo, sementes e ferramentas, da Empresa de Assist\u00eancia T\u00e9cnica e Extens\u00e3o Rural (Emater-DF). A expectativa da dire\u00e7\u00e3o da unidade \u00e9 que mais pessoas entrem para a equipe da horta ainda neste ano.<\/p>\n<p><strong>Semente para um novo futuro<\/strong><br \/>\nO contato com a terra est\u00e1 sendo importante para a sa\u00fade mental do custodiado J. M., 45 anos. Ele \u00e9 respons\u00e1vel por coordenar o dia a dia da horta, garantindo que os alimentos cres\u00e7am do modo correto, com atividades como rega e controle de pragas. Nascido no Maranh\u00e3o, ele viveu na ro\u00e7a at\u00e9 2000, quando se mudou para a capital federal. Em 2006, foi detido.<\/p>\n<p>\u201c\u00c9 \u00f3timo voltar para as minhas origens e perceber que eu posso recome\u00e7ar, fazer algo novo\u201d, conta. \u201cEstou abra\u00e7ando essa oportunidade, que me gera renda e ocupa a minha mente. Quem j\u00e1 passou fome sabe como \u00e9 ruim essa situa\u00e7\u00e3o e nunca quer deixar que outra pessoa passe pelo mesmo.\u201d<\/p>\n<p>O est\u00edmulo \u00e0 cria\u00e7\u00e3o de hortas comunit\u00e1rias na \u00e1rea urbana faz parte do programa Bras\u00edlia Verde de Agricultura Urbana, promovido pela Emater-DF para colaborar com a seguran\u00e7a alimentar da popula\u00e7\u00e3o brasiliense. Outros \u00f3rg\u00e3os receberam o suporte, como escolas, unidades de sa\u00fade e de assist\u00eancia social. Tamb\u00e9m foram ofertados insumos para cerca de 600 fam\u00edlias em situa\u00e7\u00e3o de vulnerabilidade alimentar.<\/p>\n<p><strong>Produ\u00e7\u00e3o saud\u00e1vel<\/strong><br \/>\nO gerente de Agricultura Urbana da Emater-DF, Rog\u00e9rio L\u00facio Vianna J\u00fanior, detalha a din\u00e2mica: \u201cTrata-se de um trabalho educativo que tem como objetivo disseminar o conceito da horta comunit\u00e1ria, produzindo o pr\u00f3prio alimento saud\u00e1vel e seguro. Por exemplo, uma pessoa que mora no Sol Nascente e tem um espa\u00e7o vazio consegue produzir um alimento extremamente saud\u00e1vel e barato, utilizando os res\u00edduos org\u00e2nicos do pr\u00f3prio consumo para a compostagem e captando a \u00e1gua da chuva para molhar a horta\u201d.<\/p>\n<p>O chefe do N\u00facleo de Conserva\u00e7\u00e3o e Reparos do CPP, Ant\u00f4nio Neto, lembra que a orienta\u00e7\u00e3o t\u00e9cnica da Emater-DF contribui diretamente com o sucesso da iniciativa de ressocializa\u00e7\u00e3o. \u201cA Emater nos ajuda, principalmente, com a an\u00e1lise do solo, com o sistema de irriga\u00e7\u00e3o, em que criamos um tanque para ser usado no per\u00edodo de seca, al\u00e9m do fornecimento de sementes, adubo e ferramentas, como p\u00e1s e enxadas, essenciais para o plantio\u201d, enumera.<\/p>\n<p>Conforme informa\u00e7\u00f5es da dire\u00e7\u00e3o, o CPP recebe 1.530 custodiados, dos quais cerca de 1.100 est\u00e3o trabalhando por meio da Funap. Outra parte atua junto ao projeto M\u00e3os Dadas, contribuindo com a\u00e7\u00f5es de manuten\u00e7\u00e3o de equipamentos p\u00fablicos das regi\u00f5es administrativas, como pintura, instala\u00e7\u00e3o de bocas de lobo, limpeza, entre outros.<\/p>\n","protected":false},"excerpt":{"rendered":"<p>Alface, cenoura, couve, tomate, mandioca, quiabo, piment\u00e3o, beterraba, maxixe, entre outros alimentos, s\u00e3o cultivados de modo org\u00e2nico na horta comunit\u00e1ria do Centro de Progress\u00e3o Penitenci\u00e1ria (CPP). Dois custodiados s\u00e3o respons\u00e1veis pelos cuidados com as planta\u00e7\u00f5es e, em troca, t\u00eam um dia de pena reduzido a cada tr\u00eas trabalhados, al\u00e9m de receberem remunera\u00e7\u00e3o da Funda\u00e7\u00e3o de [&hellip;]<\/p>\n","protected":false},"author":2,"featured_media":346957,"comment_status":"closed","ping_status":"closed","sticky":false,"template":"","format":"standard","meta":{"_acf_changed":false,"footnotes":""},"categories":[161],"tags":[],"class_list":["post-346956","post","type-post","status-publish","format-standard","has-post-thumbnail","hentry","category-quadradinho-em-foco"],"acf":[],"_links":{"self":[{"href":"https:\/\/www.notibras.com\/site\/wp-json\/wp\/v2\/posts\/346956","targetHints":{"allow":["GET"]}}],"collection":[{"href":"https:\/\/www.notibras.com\/site\/wp-json\/wp\/v2\/posts"}],"about":[{"href":"https:\/\/www.notibras.com\/site\/wp-json\/wp\/v2\/types\/post"}],"author":[{"embeddable":true,"href":"https:\/\/www.notibras.com\/site\/wp-json\/wp\/v2\/users\/2"}],"replies":[{"embeddable":true,"href":"https:\/\/www.notibras.com\/site\/wp-json\/wp\/v2\/comments?post=346956"}],"version-history":[{"count":1,"href":"https:\/\/www.notibras.com\/site\/wp-json\/wp\/v2\/posts\/346956\/revisions"}],"predecessor-version":[{"id":346958,"href":"https:\/\/www.notibras.com\/site\/wp-json\/wp\/v2\/posts\/346956\/revisions\/346958"}],"wp:featuredmedia":[{"embeddable":true,"href":"https:\/\/www.notibras.com\/site\/wp-json\/wp\/v2\/media\/346957"}],"wp:attachment":[{"href":"https:\/\/www.notibras.com\/site\/wp-json\/wp\/v2\/media?parent=346956"}],"wp:term":[{"taxonomy":"category","embeddable":true,"href":"https:\/\/www.notibras.com\/site\/wp-json\/wp\/v2\/categories?post=346956"},{"taxonomy":"post_tag","embeddable":true,"href":"https:\/\/www.notibras.com\/site\/wp-json\/wp\/v2\/tags?post=346956"}],"curies":[{"name":"wp","href":"https:\/\/api.w.org\/{rel}","templated":true}]}}