{"id":34696,"date":"2015-01-22T11:02:26","date_gmt":"2015-01-22T14:02:26","guid":{"rendered":"http:\/\/www.notibras.com\/site\/?p=34696"},"modified":"2015-01-22T13:45:28","modified_gmt":"2015-01-22T16:45:28","slug":"cansado-do-brasil-movimento-separatista-quer-sao-paulo-independente","status":"publish","type":"post","link":"https:\/\/www.notibras.com\/site\/cansado-do-brasil-movimento-separatista-quer-sao-paulo-independente\/","title":{"rendered":"Cansados do Brasil petista, separatistas fazem ato para ter S\u00e3o Paulo independente"},"content":{"rendered":"<p>O grupo separatista Movimento S\u00e3o Paulo (MSP) Independente promete fazer um ato no dia do anivers\u00e1rio da cidade, no pr\u00f3ximo domingo, em frente ao Obelisco do Ibirapuera, monumento m\u00e1ximo da hist\u00f3ria de luta do ex\u00e9rcito paulista na revolu\u00e7\u00e3o constitucionalista de 1932. As informa\u00e7\u00f5es s\u00e3o do blog Viver S\u00e3o Paulo, assinado por F\u00e1bio Santos.<\/p>\n<p>O movimento separatista paulista n\u00e3o \u00e9 novo, mas \u2013 \u00a0de tempos em tempos \u2013 \u00a0ele ganha mais for\u00e7a. Na \u00faltima elei\u00e7\u00e3o, o deputado eleito por S\u00e3o Paulo, Coronel Telhada (PSDB), \u00a0usou as redes sociais para demonstrar sua irrita\u00e7\u00e3o com a reelei\u00e7\u00e3o da presidente Dilma Rousseff (PT) e anunciou que seria hora \u201cde S\u00e3o Paulo se separar do resto desse pa\u00eds\u201d.<\/p>\n<p>Atualmente, a insatisfa\u00e7\u00e3o com o governo petista \u00e9 um dos principais pontos de insatisfa\u00e7\u00e3o dos separatistas. Mas vale lembrar que a cidade, atualmente, \u00e9 comandada por um prefeito do mesmo partido da presidente. O Estado, por\u00e9m, permanece nas m\u00e3os do PSDB h\u00e1 mais de 20 anos.<\/p>\n<blockquote><p>Como paulistano, acho uma bobagem essa hist\u00f3ria de separatismo, mas respeito quem pense diferente. S\u00e3o Paulo \u00e9 o que \u00e9 por causa da popula\u00e7\u00e3o heterog\u00eanea, formada por pessoas de todas as partes do mundo. Para se ter uma ideia, apenas em minha equipe no trabalho tenho o prazer de ter a companhia de um carioca, uma mineira, um ga\u00facho, uma baiana e de uma paulista de Ourinhos, que j\u00e1 \u00e9 na divisa com o Paran\u00e1.<\/p><\/blockquote>\n<p>O principal argumento para a separa\u00e7\u00e3o \u00e9 o fato de S\u00e3o Paulo supostamente \u201csustentar\u201d o Pa\u00eds e de n\u00e3o receber de volta de Bras\u00edlia o montante que aqui \u00e9 arrecadado. \u201cA federa\u00e7\u00e3o brasileira, ao colocar todos sob a mesma bandeira e mesma cultura, estimula essa \u2018guerra fria\u2019 cultural que existe hoje. Manter o Brasil unido faz tanto sentido quanto unificar todos os pa\u00edses da Am\u00e9rica Latina em um s\u00f3. Fazer parte do Brasil n\u00e3o \u00e9 vantajoso nem mesmo para os estados que recebem grandes aportes financeiros do governo federal\u201d, publicou o movimento em uma rede social.<\/p>\n<p>Todos possuem seus argumentos e \u2013 ainda bem \u2013 a liberdade para se manifestar. O ato do MSP ser\u00e1 \u00e0s 11h30 do pr\u00f3ximo domingo, no obelisco. E, se um dia essa separa\u00e7\u00e3o realmente ocorrer, espero que nossos colegas de outros Estados n\u00e3o sejam deportados, pois isso aqui ficaria um t\u00e9dio.<\/p>\n","protected":false},"excerpt":{"rendered":"<p>O grupo separatista Movimento S\u00e3o Paulo (MSP) Independente promete fazer um ato no dia do anivers\u00e1rio da cidade, no pr\u00f3ximo domingo, em frente ao Obelisco do Ibirapuera, monumento m\u00e1ximo da hist\u00f3ria de luta do ex\u00e9rcito paulista na revolu\u00e7\u00e3o constitucionalista de 1932. As informa\u00e7\u00f5es s\u00e3o do blog Viver S\u00e3o Paulo, assinado por F\u00e1bio Santos. O movimento [&hellip;]<\/p>\n","protected":false},"author":2,"featured_media":34697,"comment_status":"open","ping_status":"closed","sticky":false,"template":"","format":"standard","meta":{"_acf_changed":false,"footnotes":""},"categories":[16],"tags":[],"class_list":["post-34696","post","type-post","status-publish","format-standard","has-post-thumbnail","hentry","category-brasil"],"acf":[],"yoast_head":"<!-- This site is optimized with the Yoast SEO plugin v27.2 - https:\/\/yoast.com\/product\/yoast-seo-wordpress\/ -->\n<title>Cansados do Brasil petista, separatistas fazem ato para ter S\u00e3o Paulo independente - Notibras<\/title>\n<meta name=\"robots\" content=\"index, follow, max-snippet:-1, max-image-preview:large, max-video-preview:-1\" \/>\n<link rel=\"canonical\" href=\"https:\/\/www.notibras.com\/site\/cansado-do-brasil-movimento-separatista-quer-sao-paulo-independente\/\" \/>\n<meta property=\"og:locale\" content=\"pt_BR\" \/>\n<meta property=\"og:type\" content=\"article\" \/>\n<meta property=\"og:title\" content=\"Cansados do Brasil petista, separatistas fazem ato para ter S\u00e3o Paulo independente - Notibras\" \/>\n<meta property=\"og:description\" content=\"O grupo separatista Movimento S\u00e3o Paulo (MSP) Independente promete fazer um ato no dia do anivers\u00e1rio da cidade, no pr\u00f3ximo domingo, em frente ao Obelisco do Ibirapuera, monumento m\u00e1ximo da hist\u00f3ria de luta do ex\u00e9rcito paulista na revolu\u00e7\u00e3o constitucionalista de 1932. As informa\u00e7\u00f5es s\u00e3o do blog Viver S\u00e3o Paulo, assinado por F\u00e1bio Santos. O movimento [&hellip;]\" \/>\n<meta property=\"og:url\" content=\"https:\/\/www.notibras.com\/site\/cansado-do-brasil-movimento-separatista-quer-sao-paulo-independente\/\" \/>\n<meta property=\"og:site_name\" content=\"Notibras\" \/>\n<meta property=\"article:publisher\" content=\"https:\/\/www.facebook.com\/notibras\/\" \/>\n<meta property=\"article:published_time\" content=\"2015-01-22T14:02:26+00:00\" \/>\n<meta property=\"article:modified_time\" content=\"2015-01-22T16:45:28+00:00\" \/>\n<meta property=\"og:image\" content=\"https:\/\/www.notibras.com\/site\/wp-content\/uploads\/2015\/01\/108459643270667908225609110435321213549410n.jpg\" \/>\n\t<meta property=\"og:image:width\" content=\"507\" \/>\n\t<meta property=\"og:image:height\" content=\"338\" \/>\n\t<meta property=\"og:image:type\" content=\"image\/jpeg\" \/>\n<meta name=\"author\" content=\"Reda\u00e7\u00e3o\" \/>\n<meta name=\"twitter:card\" content=\"summary_large_image\" \/>\n<meta name=\"twitter:creator\" content=\"@Notibras\" \/>\n<meta name=\"twitter:site\" content=\"@Notibras\" \/>\n<meta name=\"twitter:label1\" content=\"Escrito por\" \/>\n\t<meta name=\"twitter:data1\" content=\"Reda\u00e7\u00e3o\" \/>\n\t<meta name=\"twitter:label2\" content=\"Est. tempo de leitura\" \/>\n\t<meta name=\"twitter:data2\" content=\"2 minutos\" \/>\n<script type=\"application\/ld+json\" class=\"yoast-schema-graph\">{\"@context\":\"https:\/\/schema.org\",\"@graph\":[{\"@type\":\"Article\",\"@id\":\"https:\/\/www.notibras.com\/site\/cansado-do-brasil-movimento-separatista-quer-sao-paulo-independente\/#article\",\"isPartOf\":{\"@id\":\"https:\/\/www.notibras.com\/site\/cansado-do-brasil-movimento-separatista-quer-sao-paulo-independente\/\"},\"author\":{\"name\":\"Reda\u00e7\u00e3o\",\"@id\":\"https:\/\/www.notibras.com\/site\/#\/schema\/person\/36ab0979449956132d3e5b517ea76ac8\"},\"headline\":\"Cansados do Brasil petista, separatistas fazem ato para ter S\u00e3o Paulo independente\",\"datePublished\":\"2015-01-22T14:02:26+00:00\",\"dateModified\":\"2015-01-22T16:45:28+00:00\",\"mainEntityOfPage\":{\"@id\":\"https:\/\/www.notibras.com\/site\/cansado-do-brasil-movimento-separatista-quer-sao-paulo-independente\/\"},\"wordCount\":419,\"commentCount\":0,\"publisher\":{\"@id\":\"https:\/\/www.notibras.com\/site\/#organization\"},\"image\":{\"@id\":\"https:\/\/www.notibras.com\/site\/cansado-do-brasil-movimento-separatista-quer-sao-paulo-independente\/#primaryimage\"},\"thumbnailUrl\":\"https:\/\/www.notibras.com\/site\/wp-content\/uploads\/2015\/01\/108459643270667908225609110435321213549410n.jpg\",\"articleSection\":[\"Brasil\"],\"inLanguage\":\"pt-BR\",\"potentialAction\":[{\"@type\":\"CommentAction\",\"name\":\"Comment\",\"target\":[\"https:\/\/www.notibras.com\/site\/cansado-do-brasil-movimento-separatista-quer-sao-paulo-independente\/#respond\"]}]},{\"@type\":\"WebPage\",\"@id\":\"https:\/\/www.notibras.com\/site\/cansado-do-brasil-movimento-separatista-quer-sao-paulo-independente\/\",\"url\":\"https:\/\/www.notibras.com\/site\/cansado-do-brasil-movimento-separatista-quer-sao-paulo-independente\/\",\"name\":\"Cansados do Brasil petista, separatistas fazem ato para ter S\u00e3o Paulo independente - Notibras\",\"isPartOf\":{\"@id\":\"https:\/\/www.notibras.com\/site\/#website\"},\"primaryImageOfPage\":{\"@id\":\"https:\/\/www.notibras.com\/site\/cansado-do-brasil-movimento-separatista-quer-sao-paulo-independente\/#primaryimage\"},\"image\":{\"@id\":\"https:\/\/www.notibras.com\/site\/cansado-do-brasil-movimento-separatista-quer-sao-paulo-independente\/#primaryimage\"},\"thumbnailUrl\":\"https:\/\/www.notibras.com\/site\/wp-content\/uploads\/2015\/01\/108459643270667908225609110435321213549410n.jpg\",\"datePublished\":\"2015-01-22T14:02:26+00:00\",\"dateModified\":\"2015-01-22T16:45:28+00:00\",\"breadcrumb\":{\"@id\":\"https:\/\/www.notibras.com\/site\/cansado-do-brasil-movimento-separatista-quer-sao-paulo-independente\/#breadcrumb\"},\"inLanguage\":\"pt-BR\",\"potentialAction\":[{\"@type\":\"ReadAction\",\"target\":[\"https:\/\/www.notibras.com\/site\/cansado-do-brasil-movimento-separatista-quer-sao-paulo-independente\/\"]}]},{\"@type\":\"ImageObject\",\"inLanguage\":\"pt-BR\",\"@id\":\"https:\/\/www.notibras.com\/site\/cansado-do-brasil-movimento-separatista-quer-sao-paulo-independente\/#primaryimage\",\"url\":\"https:\/\/www.notibras.com\/site\/wp-content\/uploads\/2015\/01\/108459643270667908225609110435321213549410n.jpg\",\"contentUrl\":\"https:\/\/www.notibras.com\/site\/wp-content\/uploads\/2015\/01\/108459643270667908225609110435321213549410n.jpg\",\"width\":507,\"height\":338},{\"@type\":\"BreadcrumbList\",\"@id\":\"https:\/\/www.notibras.com\/site\/cansado-do-brasil-movimento-separatista-quer-sao-paulo-independente\/#breadcrumb\",\"itemListElement\":[{\"@type\":\"ListItem\",\"position\":1,\"name\":\"In\u00edcio\",\"item\":\"https:\/\/www.notibras.com\/site\/\"},{\"@type\":\"ListItem\",\"position\":2,\"name\":\"Cansados do Brasil petista, separatistas fazem ato para ter S\u00e3o Paulo independente\"}]},{\"@type\":\"WebSite\",\"@id\":\"https:\/\/www.notibras.com\/site\/#website\",\"url\":\"https:\/\/www.notibras.com\/site\/\",\"name\":\"Notibras\",\"description\":\"Not\u00edcias de Bras\u00edlia, do Brasil e do Mundo\",\"publisher\":{\"@id\":\"https:\/\/www.notibras.com\/site\/#organization\"},\"potentialAction\":[{\"@type\":\"SearchAction\",\"target\":{\"@type\":\"EntryPoint\",\"urlTemplate\":\"https:\/\/www.notibras.com\/site\/?s={search_term_string}\"},\"query-input\":{\"@type\":\"PropertyValueSpecification\",\"valueRequired\":true,\"valueName\":\"search_term_string\"}}],\"inLanguage\":\"pt-BR\"},{\"@type\":\"Organization\",\"@id\":\"https:\/\/www.notibras.com\/site\/#organization\",\"name\":\"Grupo Notibras de Comunica\u00e7\u00e3o\",\"url\":\"https:\/\/www.notibras.com\/site\/\",\"logo\":{\"@type\":\"ImageObject\",\"inLanguage\":\"pt-BR\",\"@id\":\"https:\/\/www.notibras.com\/site\/#\/schema\/logo\/image\/\",\"url\":\"https:\/\/www.notibras.com\/site\/wp-content\/uploads\/2023\/01\/notibras23.png\",\"contentUrl\":\"https:\/\/www.notibras.com\/site\/wp-content\/uploads\/2023\/01\/notibras23.png\",\"width\":350,\"height\":87,\"caption\":\"Grupo Notibras de Comunica\u00e7\u00e3o\"},\"image\":{\"@id\":\"https:\/\/www.notibras.com\/site\/#\/schema\/logo\/image\/\"},\"sameAs\":[\"https:\/\/www.facebook.com\/notibras\/\",\"https:\/\/x.com\/Notibras\",\"https:\/\/www.instagram.com\/notibras\/\"]},{\"@type\":\"Person\",\"@id\":\"https:\/\/www.notibras.com\/site\/#\/schema\/person\/36ab0979449956132d3e5b517ea76ac8\",\"name\":\"Reda\u00e7\u00e3o\",\"image\":{\"@type\":\"ImageObject\",\"inLanguage\":\"pt-BR\",\"@id\":\"https:\/\/secure.gravatar.com\/avatar\/e0a867bdedb85fd243eadf09663511f96fc81e0720a4a42581f334ad4303aa6b?s=96&d=mm&r=g\",\"url\":\"https:\/\/secure.gravatar.com\/avatar\/e0a867bdedb85fd243eadf09663511f96fc81e0720a4a42581f334ad4303aa6b?s=96&d=mm&r=g\",\"contentUrl\":\"https:\/\/secure.gravatar.com\/avatar\/e0a867bdedb85fd243eadf09663511f96fc81e0720a4a42581f334ad4303aa6b?s=96&d=mm&r=g\",\"caption\":\"Reda\u00e7\u00e3o\"}}]}<\/script>\n<!-- \/ Yoast SEO plugin. -->","yoast_head_json":{"title":"Cansados do Brasil petista, separatistas fazem ato para ter S\u00e3o Paulo independente - Notibras","robots":{"index":"index","follow":"follow","max-snippet":"max-snippet:-1","max-image-preview":"max-image-preview:large","max-video-preview":"max-video-preview:-1"},"canonical":"https:\/\/www.notibras.com\/site\/cansado-do-brasil-movimento-separatista-quer-sao-paulo-independente\/","og_locale":"pt_BR","og_type":"article","og_title":"Cansados do Brasil petista, separatistas fazem ato para ter S\u00e3o Paulo independente - Notibras","og_description":"O grupo separatista Movimento S\u00e3o Paulo (MSP) Independente promete fazer um ato no dia do anivers\u00e1rio da cidade, no pr\u00f3ximo domingo, em frente ao Obelisco do Ibirapuera, monumento m\u00e1ximo da hist\u00f3ria de luta do ex\u00e9rcito paulista na revolu\u00e7\u00e3o constitucionalista de 1932. As informa\u00e7\u00f5es s\u00e3o do blog Viver S\u00e3o Paulo, assinado por F\u00e1bio Santos. O movimento [&hellip;]","og_url":"https:\/\/www.notibras.com\/site\/cansado-do-brasil-movimento-separatista-quer-sao-paulo-independente\/","og_site_name":"Notibras","article_publisher":"https:\/\/www.facebook.com\/notibras\/","article_published_time":"2015-01-22T14:02:26+00:00","article_modified_time":"2015-01-22T16:45:28+00:00","og_image":[{"width":507,"height":338,"url":"https:\/\/www.notibras.com\/site\/wp-content\/uploads\/2015\/01\/108459643270667908225609110435321213549410n.jpg","type":"image\/jpeg"}],"author":"Reda\u00e7\u00e3o","twitter_card":"summary_large_image","twitter_creator":"@Notibras","twitter_site":"@Notibras","twitter_misc":{"Escrito por":"Reda\u00e7\u00e3o","Est. tempo de leitura":"2 minutos"},"schema":{"@context":"https:\/\/schema.org","@graph":[{"@type":"Article","@id":"https:\/\/www.notibras.com\/site\/cansado-do-brasil-movimento-separatista-quer-sao-paulo-independente\/#article","isPartOf":{"@id":"https:\/\/www.notibras.com\/site\/cansado-do-brasil-movimento-separatista-quer-sao-paulo-independente\/"},"author":{"name":"Reda\u00e7\u00e3o","@id":"https:\/\/www.notibras.com\/site\/#\/schema\/person\/36ab0979449956132d3e5b517ea76ac8"},"headline":"Cansados do Brasil petista, separatistas fazem ato para ter S\u00e3o Paulo independente","datePublished":"2015-01-22T14:02:26+00:00","dateModified":"2015-01-22T16:45:28+00:00","mainEntityOfPage":{"@id":"https:\/\/www.notibras.com\/site\/cansado-do-brasil-movimento-separatista-quer-sao-paulo-independente\/"},"wordCount":419,"commentCount":0,"publisher":{"@id":"https:\/\/www.notibras.com\/site\/#organization"},"image":{"@id":"https:\/\/www.notibras.com\/site\/cansado-do-brasil-movimento-separatista-quer-sao-paulo-independente\/#primaryimage"},"thumbnailUrl":"https:\/\/www.notibras.com\/site\/wp-content\/uploads\/2015\/01\/108459643270667908225609110435321213549410n.jpg","articleSection":["Brasil"],"inLanguage":"pt-BR","potentialAction":[{"@type":"CommentAction","name":"Comment","target":["https:\/\/www.notibras.com\/site\/cansado-do-brasil-movimento-separatista-quer-sao-paulo-independente\/#respond"]}]},{"@type":"WebPage","@id":"https:\/\/www.notibras.com\/site\/cansado-do-brasil-movimento-separatista-quer-sao-paulo-independente\/","url":"https:\/\/www.notibras.com\/site\/cansado-do-brasil-movimento-separatista-quer-sao-paulo-independente\/","name":"Cansados do Brasil petista, separatistas fazem ato para ter S\u00e3o Paulo independente - Notibras","isPartOf":{"@id":"https:\/\/www.notibras.com\/site\/#website"},"primaryImageOfPage":{"@id":"https:\/\/www.notibras.com\/site\/cansado-do-brasil-movimento-separatista-quer-sao-paulo-independente\/#primaryimage"},"image":{"@id":"https:\/\/www.notibras.com\/site\/cansado-do-brasil-movimento-separatista-quer-sao-paulo-independente\/#primaryimage"},"thumbnailUrl":"https:\/\/www.notibras.com\/site\/wp-content\/uploads\/2015\/01\/108459643270667908225609110435321213549410n.jpg","datePublished":"2015-01-22T14:02:26+00:00","dateModified":"2015-01-22T16:45:28+00:00","breadcrumb":{"@id":"https:\/\/www.notibras.com\/site\/cansado-do-brasil-movimento-separatista-quer-sao-paulo-independente\/#breadcrumb"},"inLanguage":"pt-BR","potentialAction":[{"@type":"ReadAction","target":["https:\/\/www.notibras.com\/site\/cansado-do-brasil-movimento-separatista-quer-sao-paulo-independente\/"]}]},{"@type":"ImageObject","inLanguage":"pt-BR","@id":"https:\/\/www.notibras.com\/site\/cansado-do-brasil-movimento-separatista-quer-sao-paulo-independente\/#primaryimage","url":"https:\/\/www.notibras.com\/site\/wp-content\/uploads\/2015\/01\/108459643270667908225609110435321213549410n.jpg","contentUrl":"https:\/\/www.notibras.com\/site\/wp-content\/uploads\/2015\/01\/108459643270667908225609110435321213549410n.jpg","width":507,"height":338},{"@type":"BreadcrumbList","@id":"https:\/\/www.notibras.com\/site\/cansado-do-brasil-movimento-separatista-quer-sao-paulo-independente\/#breadcrumb","itemListElement":[{"@type":"ListItem","position":1,"name":"In\u00edcio","item":"https:\/\/www.notibras.com\/site\/"},{"@type":"ListItem","position":2,"name":"Cansados do Brasil petista, separatistas fazem ato para ter S\u00e3o Paulo independente"}]},{"@type":"WebSite","@id":"https:\/\/www.notibras.com\/site\/#website","url":"https:\/\/www.notibras.com\/site\/","name":"Notibras","description":"Not\u00edcias de Bras\u00edlia, do Brasil e do Mundo","publisher":{"@id":"https:\/\/www.notibras.com\/site\/#organization"},"potentialAction":[{"@type":"SearchAction","target":{"@type":"EntryPoint","urlTemplate":"https:\/\/www.notibras.com\/site\/?s={search_term_string}"},"query-input":{"@type":"PropertyValueSpecification","valueRequired":true,"valueName":"search_term_string"}}],"inLanguage":"pt-BR"},{"@type":"Organization","@id":"https:\/\/www.notibras.com\/site\/#organization","name":"Grupo Notibras de Comunica\u00e7\u00e3o","url":"https:\/\/www.notibras.com\/site\/","logo":{"@type":"ImageObject","inLanguage":"pt-BR","@id":"https:\/\/www.notibras.com\/site\/#\/schema\/logo\/image\/","url":"https:\/\/www.notibras.com\/site\/wp-content\/uploads\/2023\/01\/notibras23.png","contentUrl":"https:\/\/www.notibras.com\/site\/wp-content\/uploads\/2023\/01\/notibras23.png","width":350,"height":87,"caption":"Grupo Notibras de Comunica\u00e7\u00e3o"},"image":{"@id":"https:\/\/www.notibras.com\/site\/#\/schema\/logo\/image\/"},"sameAs":["https:\/\/www.facebook.com\/notibras\/","https:\/\/x.com\/Notibras","https:\/\/www.instagram.com\/notibras\/"]},{"@type":"Person","@id":"https:\/\/www.notibras.com\/site\/#\/schema\/person\/36ab0979449956132d3e5b517ea76ac8","name":"Reda\u00e7\u00e3o","image":{"@type":"ImageObject","inLanguage":"pt-BR","@id":"https:\/\/secure.gravatar.com\/avatar\/e0a867bdedb85fd243eadf09663511f96fc81e0720a4a42581f334ad4303aa6b?s=96&d=mm&r=g","url":"https:\/\/secure.gravatar.com\/avatar\/e0a867bdedb85fd243eadf09663511f96fc81e0720a4a42581f334ad4303aa6b?s=96&d=mm&r=g","contentUrl":"https:\/\/secure.gravatar.com\/avatar\/e0a867bdedb85fd243eadf09663511f96fc81e0720a4a42581f334ad4303aa6b?s=96&d=mm&r=g","caption":"Reda\u00e7\u00e3o"}}]}},"amp_enabled":true,"_links":{"self":[{"href":"https:\/\/www.notibras.com\/site\/wp-json\/wp\/v2\/posts\/34696","targetHints":{"allow":["GET"]}}],"collection":[{"href":"https:\/\/www.notibras.com\/site\/wp-json\/wp\/v2\/posts"}],"about":[{"href":"https:\/\/www.notibras.com\/site\/wp-json\/wp\/v2\/types\/post"}],"author":[{"embeddable":true,"href":"https:\/\/www.notibras.com\/site\/wp-json\/wp\/v2\/users\/2"}],"replies":[{"embeddable":true,"href":"https:\/\/www.notibras.com\/site\/wp-json\/wp\/v2\/comments?post=34696"}],"version-history":[{"count":0,"href":"https:\/\/www.notibras.com\/site\/wp-json\/wp\/v2\/posts\/34696\/revisions"}],"wp:featuredmedia":[{"embeddable":true,"href":"https:\/\/www.notibras.com\/site\/wp-json\/wp\/v2\/media\/34697"}],"wp:attachment":[{"href":"https:\/\/www.notibras.com\/site\/wp-json\/wp\/v2\/media?parent=34696"}],"wp:term":[{"taxonomy":"category","embeddable":true,"href":"https:\/\/www.notibras.com\/site\/wp-json\/wp\/v2\/categories?post=34696"},{"taxonomy":"post_tag","embeddable":true,"href":"https:\/\/www.notibras.com\/site\/wp-json\/wp\/v2\/tags?post=34696"}],"curies":[{"name":"wp","href":"https:\/\/api.w.org\/{rel}","templated":true}]}}