{"id":34701,"date":"2015-01-22T11:12:38","date_gmt":"2015-01-22T14:12:38","guid":{"rendered":"http:\/\/www.notibras.com\/site\/?p=34701"},"modified":"2015-01-22T19:52:25","modified_gmt":"2015-01-22T22:52:25","slug":"fotos-intimas-vazam-e-aline-bbb-perde-o-noivo","status":"publish","type":"post","link":"https:\/\/www.notibras.com\/site\/fotos-intimas-vazam-e-aline-bbb-perde-o-noivo\/","title":{"rendered":"Fotos \u00edntimas vazam. E Aline BBB perde o noivo encantado"},"content":{"rendered":"<article id=\"conteudo-principal\" class=\"canal-media rod news\">\n<div id=\"texto\">\n<p>A rec\u00e9m-chegada Aline, que disputa uma vaga no &#8220;BBB15&#8221; com Julia, contou na madrugada desta quinta-feira (22) aos brothers como suas fotos \u00edntimas vazaram na internet em 2012. A sister lembra que o &#8220;mundo caiu&#8221; e que recebia uma foto atr\u00e1s da outra.<\/p>\n<p>Em uma conversa com Douglas, Luan e Fernando, a sister explicou que n\u00e3o utiliza mais redes sociais. O celular em que estavam as fotos tinha sido enviado para o conserto.<\/p>\n<blockquote><p>&#8220;O celular estava para arrumar. Tinha uma foto que mostrava meus seios. Mas a maioria era de biqu\u00edni e calcinha&#8221;, disse. Aline explicou que &#8220;na \u00e9poca o mundo caiu&#8221;.<\/p><\/blockquote>\n<p>&#8220;Foi horr\u00edvel. Meu noivo terminou comigo. A pessoa que faz isso, de divulgar uma foto \u00edntima, n\u00e3o tem ideia que prejudica todo um ciclo de pessoas ao meu redor. Eu nunca mais tirei uma foto \u00edntima&#8221;.<\/p>\n<\/div>\n<\/article>\n","protected":false},"excerpt":{"rendered":"<p>A rec\u00e9m-chegada Aline, que disputa uma vaga no &#8220;BBB15&#8221; com Julia, contou na madrugada desta quinta-feira (22) aos brothers como suas fotos \u00edntimas vazaram na internet em 2012. A sister lembra que o &#8220;mundo caiu&#8221; e que recebia uma foto atr\u00e1s da outra. Em uma conversa com Douglas, Luan e Fernando, a sister explicou que [&hellip;]<\/p>\n","protected":false},"author":2,"featured_media":34702,"comment_status":"open","ping_status":"closed","sticky":false,"template":"","format":"standard","meta":{"_acf_changed":false,"footnotes":""},"categories":[16],"tags":[],"class_list":["post-34701","post","type-post","status-publish","format-standard","has-post-thumbnail","hentry","category-brasil"],"acf":[],"yoast_head":"<!-- This site is optimized with the Yoast SEO plugin v27.2 - https:\/\/yoast.com\/product\/yoast-seo-wordpress\/ -->\n<title>Fotos \u00edntimas vazam. E Aline BBB perde o noivo encantado - Notibras<\/title>\n<meta name=\"robots\" content=\"index, follow, max-snippet:-1, max-image-preview:large, max-video-preview:-1\" \/>\n<link rel=\"canonical\" href=\"https:\/\/www.notibras.com\/site\/fotos-intimas-vazam-e-aline-bbb-perde-o-noivo\/\" \/>\n<meta property=\"og:locale\" content=\"pt_BR\" \/>\n<meta property=\"og:type\" content=\"article\" \/>\n<meta property=\"og:title\" content=\"Fotos \u00edntimas vazam. E Aline BBB perde o noivo encantado - Notibras\" \/>\n<meta property=\"og:description\" content=\"A rec\u00e9m-chegada Aline, que disputa uma vaga no &#8220;BBB15&#8221; com Julia, contou na madrugada desta quinta-feira (22) aos brothers como suas fotos \u00edntimas vazaram na internet em 2012. A sister lembra que o &#8220;mundo caiu&#8221; e que recebia uma foto atr\u00e1s da outra. Em uma conversa com Douglas, Luan e Fernando, a sister explicou que [&hellip;]\" \/>\n<meta property=\"og:url\" content=\"https:\/\/www.notibras.com\/site\/fotos-intimas-vazam-e-aline-bbb-perde-o-noivo\/\" \/>\n<meta property=\"og:site_name\" content=\"Notibras\" \/>\n<meta property=\"article:publisher\" content=\"https:\/\/www.facebook.com\/notibras\/\" \/>\n<meta property=\"article:published_time\" content=\"2015-01-22T14:12:38+00:00\" \/>\n<meta property=\"article:modified_time\" content=\"2015-01-22T22:52:25+00:00\" \/>\n<meta property=\"og:image\" content=\"https:\/\/www.notibras.com\/site\/wp-content\/uploads\/2015\/01\/AA8rvxH.img_.jpeg\" \/>\n\t<meta property=\"og:image:width\" content=\"600\" \/>\n\t<meta property=\"og:image:height\" content=\"450\" \/>\n\t<meta property=\"og:image:type\" content=\"image\/jpeg\" \/>\n<meta name=\"author\" content=\"Reda\u00e7\u00e3o\" \/>\n<meta name=\"twitter:card\" content=\"summary_large_image\" \/>\n<meta name=\"twitter:creator\" content=\"@Notibras\" \/>\n<meta name=\"twitter:site\" content=\"@Notibras\" \/>\n<meta name=\"twitter:label1\" content=\"Escrito por\" \/>\n\t<meta name=\"twitter:data1\" content=\"Reda\u00e7\u00e3o\" \/>\n\t<meta name=\"twitter:label2\" content=\"Est. tempo de leitura\" \/>\n\t<meta name=\"twitter:data2\" content=\"1 minuto\" \/>\n<script type=\"application\/ld+json\" class=\"yoast-schema-graph\">{\"@context\":\"https:\/\/schema.org\",\"@graph\":[{\"@type\":\"Article\",\"@id\":\"https:\/\/www.notibras.com\/site\/fotos-intimas-vazam-e-aline-bbb-perde-o-noivo\/#article\",\"isPartOf\":{\"@id\":\"https:\/\/www.notibras.com\/site\/fotos-intimas-vazam-e-aline-bbb-perde-o-noivo\/\"},\"author\":{\"name\":\"Reda\u00e7\u00e3o\",\"@id\":\"https:\/\/www.notibras.com\/site\/#\/schema\/person\/36ab0979449956132d3e5b517ea76ac8\"},\"headline\":\"Fotos \u00edntimas vazam. E Aline BBB perde o noivo encantado\",\"datePublished\":\"2015-01-22T14:12:38+00:00\",\"dateModified\":\"2015-01-22T22:52:25+00:00\",\"mainEntityOfPage\":{\"@id\":\"https:\/\/www.notibras.com\/site\/fotos-intimas-vazam-e-aline-bbb-perde-o-noivo\/\"},\"wordCount\":152,\"commentCount\":0,\"publisher\":{\"@id\":\"https:\/\/www.notibras.com\/site\/#organization\"},\"image\":{\"@id\":\"https:\/\/www.notibras.com\/site\/fotos-intimas-vazam-e-aline-bbb-perde-o-noivo\/#primaryimage\"},\"thumbnailUrl\":\"https:\/\/www.notibras.com\/site\/wp-content\/uploads\/2015\/01\/AA8rvxH.img_.jpeg\",\"articleSection\":[\"Brasil\"],\"inLanguage\":\"pt-BR\",\"potentialAction\":[{\"@type\":\"CommentAction\",\"name\":\"Comment\",\"target\":[\"https:\/\/www.notibras.com\/site\/fotos-intimas-vazam-e-aline-bbb-perde-o-noivo\/#respond\"]}]},{\"@type\":\"WebPage\",\"@id\":\"https:\/\/www.notibras.com\/site\/fotos-intimas-vazam-e-aline-bbb-perde-o-noivo\/\",\"url\":\"https:\/\/www.notibras.com\/site\/fotos-intimas-vazam-e-aline-bbb-perde-o-noivo\/\",\"name\":\"Fotos \u00edntimas vazam. E Aline BBB perde o noivo encantado - Notibras\",\"isPartOf\":{\"@id\":\"https:\/\/www.notibras.com\/site\/#website\"},\"primaryImageOfPage\":{\"@id\":\"https:\/\/www.notibras.com\/site\/fotos-intimas-vazam-e-aline-bbb-perde-o-noivo\/#primaryimage\"},\"image\":{\"@id\":\"https:\/\/www.notibras.com\/site\/fotos-intimas-vazam-e-aline-bbb-perde-o-noivo\/#primaryimage\"},\"thumbnailUrl\":\"https:\/\/www.notibras.com\/site\/wp-content\/uploads\/2015\/01\/AA8rvxH.img_.jpeg\",\"datePublished\":\"2015-01-22T14:12:38+00:00\",\"dateModified\":\"2015-01-22T22:52:25+00:00\",\"breadcrumb\":{\"@id\":\"https:\/\/www.notibras.com\/site\/fotos-intimas-vazam-e-aline-bbb-perde-o-noivo\/#breadcrumb\"},\"inLanguage\":\"pt-BR\",\"potentialAction\":[{\"@type\":\"ReadAction\",\"target\":[\"https:\/\/www.notibras.com\/site\/fotos-intimas-vazam-e-aline-bbb-perde-o-noivo\/\"]}]},{\"@type\":\"ImageObject\",\"inLanguage\":\"pt-BR\",\"@id\":\"https:\/\/www.notibras.com\/site\/fotos-intimas-vazam-e-aline-bbb-perde-o-noivo\/#primaryimage\",\"url\":\"https:\/\/www.notibras.com\/site\/wp-content\/uploads\/2015\/01\/AA8rvxH.img_.jpeg\",\"contentUrl\":\"https:\/\/www.notibras.com\/site\/wp-content\/uploads\/2015\/01\/AA8rvxH.img_.jpeg\",\"width\":600,\"height\":450},{\"@type\":\"BreadcrumbList\",\"@id\":\"https:\/\/www.notibras.com\/site\/fotos-intimas-vazam-e-aline-bbb-perde-o-noivo\/#breadcrumb\",\"itemListElement\":[{\"@type\":\"ListItem\",\"position\":1,\"name\":\"In\u00edcio\",\"item\":\"https:\/\/www.notibras.com\/site\/\"},{\"@type\":\"ListItem\",\"position\":2,\"name\":\"Fotos \u00edntimas vazam. E Aline BBB perde o noivo encantado\"}]},{\"@type\":\"WebSite\",\"@id\":\"https:\/\/www.notibras.com\/site\/#website\",\"url\":\"https:\/\/www.notibras.com\/site\/\",\"name\":\"Notibras\",\"description\":\"Not\u00edcias de Bras\u00edlia, do Brasil e do Mundo\",\"publisher\":{\"@id\":\"https:\/\/www.notibras.com\/site\/#organization\"},\"potentialAction\":[{\"@type\":\"SearchAction\",\"target\":{\"@type\":\"EntryPoint\",\"urlTemplate\":\"https:\/\/www.notibras.com\/site\/?s={search_term_string}\"},\"query-input\":{\"@type\":\"PropertyValueSpecification\",\"valueRequired\":true,\"valueName\":\"search_term_string\"}}],\"inLanguage\":\"pt-BR\"},{\"@type\":\"Organization\",\"@id\":\"https:\/\/www.notibras.com\/site\/#organization\",\"name\":\"Grupo Notibras de Comunica\u00e7\u00e3o\",\"url\":\"https:\/\/www.notibras.com\/site\/\",\"logo\":{\"@type\":\"ImageObject\",\"inLanguage\":\"pt-BR\",\"@id\":\"https:\/\/www.notibras.com\/site\/#\/schema\/logo\/image\/\",\"url\":\"https:\/\/www.notibras.com\/site\/wp-content\/uploads\/2023\/01\/notibras23.png\",\"contentUrl\":\"https:\/\/www.notibras.com\/site\/wp-content\/uploads\/2023\/01\/notibras23.png\",\"width\":350,\"height\":87,\"caption\":\"Grupo Notibras de Comunica\u00e7\u00e3o\"},\"image\":{\"@id\":\"https:\/\/www.notibras.com\/site\/#\/schema\/logo\/image\/\"},\"sameAs\":[\"https:\/\/www.facebook.com\/notibras\/\",\"https:\/\/x.com\/Notibras\",\"https:\/\/www.instagram.com\/notibras\/\"]},{\"@type\":\"Person\",\"@id\":\"https:\/\/www.notibras.com\/site\/#\/schema\/person\/36ab0979449956132d3e5b517ea76ac8\",\"name\":\"Reda\u00e7\u00e3o\",\"image\":{\"@type\":\"ImageObject\",\"inLanguage\":\"pt-BR\",\"@id\":\"https:\/\/secure.gravatar.com\/avatar\/e0a867bdedb85fd243eadf09663511f96fc81e0720a4a42581f334ad4303aa6b?s=96&d=mm&r=g\",\"url\":\"https:\/\/secure.gravatar.com\/avatar\/e0a867bdedb85fd243eadf09663511f96fc81e0720a4a42581f334ad4303aa6b?s=96&d=mm&r=g\",\"contentUrl\":\"https:\/\/secure.gravatar.com\/avatar\/e0a867bdedb85fd243eadf09663511f96fc81e0720a4a42581f334ad4303aa6b?s=96&d=mm&r=g\",\"caption\":\"Reda\u00e7\u00e3o\"}}]}<\/script>\n<!-- \/ Yoast SEO plugin. -->","yoast_head_json":{"title":"Fotos \u00edntimas vazam. E Aline BBB perde o noivo encantado - Notibras","robots":{"index":"index","follow":"follow","max-snippet":"max-snippet:-1","max-image-preview":"max-image-preview:large","max-video-preview":"max-video-preview:-1"},"canonical":"https:\/\/www.notibras.com\/site\/fotos-intimas-vazam-e-aline-bbb-perde-o-noivo\/","og_locale":"pt_BR","og_type":"article","og_title":"Fotos \u00edntimas vazam. E Aline BBB perde o noivo encantado - Notibras","og_description":"A rec\u00e9m-chegada Aline, que disputa uma vaga no &#8220;BBB15&#8221; com Julia, contou na madrugada desta quinta-feira (22) aos brothers como suas fotos \u00edntimas vazaram na internet em 2012. A sister lembra que o &#8220;mundo caiu&#8221; e que recebia uma foto atr\u00e1s da outra. Em uma conversa com Douglas, Luan e Fernando, a sister explicou que [&hellip;]","og_url":"https:\/\/www.notibras.com\/site\/fotos-intimas-vazam-e-aline-bbb-perde-o-noivo\/","og_site_name":"Notibras","article_publisher":"https:\/\/www.facebook.com\/notibras\/","article_published_time":"2015-01-22T14:12:38+00:00","article_modified_time":"2015-01-22T22:52:25+00:00","og_image":[{"width":600,"height":450,"url":"https:\/\/www.notibras.com\/site\/wp-content\/uploads\/2015\/01\/AA8rvxH.img_.jpeg","type":"image\/jpeg"}],"author":"Reda\u00e7\u00e3o","twitter_card":"summary_large_image","twitter_creator":"@Notibras","twitter_site":"@Notibras","twitter_misc":{"Escrito por":"Reda\u00e7\u00e3o","Est. tempo de leitura":"1 minuto"},"schema":{"@context":"https:\/\/schema.org","@graph":[{"@type":"Article","@id":"https:\/\/www.notibras.com\/site\/fotos-intimas-vazam-e-aline-bbb-perde-o-noivo\/#article","isPartOf":{"@id":"https:\/\/www.notibras.com\/site\/fotos-intimas-vazam-e-aline-bbb-perde-o-noivo\/"},"author":{"name":"Reda\u00e7\u00e3o","@id":"https:\/\/www.notibras.com\/site\/#\/schema\/person\/36ab0979449956132d3e5b517ea76ac8"},"headline":"Fotos \u00edntimas vazam. E Aline BBB perde o noivo encantado","datePublished":"2015-01-22T14:12:38+00:00","dateModified":"2015-01-22T22:52:25+00:00","mainEntityOfPage":{"@id":"https:\/\/www.notibras.com\/site\/fotos-intimas-vazam-e-aline-bbb-perde-o-noivo\/"},"wordCount":152,"commentCount":0,"publisher":{"@id":"https:\/\/www.notibras.com\/site\/#organization"},"image":{"@id":"https:\/\/www.notibras.com\/site\/fotos-intimas-vazam-e-aline-bbb-perde-o-noivo\/#primaryimage"},"thumbnailUrl":"https:\/\/www.notibras.com\/site\/wp-content\/uploads\/2015\/01\/AA8rvxH.img_.jpeg","articleSection":["Brasil"],"inLanguage":"pt-BR","potentialAction":[{"@type":"CommentAction","name":"Comment","target":["https:\/\/www.notibras.com\/site\/fotos-intimas-vazam-e-aline-bbb-perde-o-noivo\/#respond"]}]},{"@type":"WebPage","@id":"https:\/\/www.notibras.com\/site\/fotos-intimas-vazam-e-aline-bbb-perde-o-noivo\/","url":"https:\/\/www.notibras.com\/site\/fotos-intimas-vazam-e-aline-bbb-perde-o-noivo\/","name":"Fotos \u00edntimas vazam. E Aline BBB perde o noivo encantado - Notibras","isPartOf":{"@id":"https:\/\/www.notibras.com\/site\/#website"},"primaryImageOfPage":{"@id":"https:\/\/www.notibras.com\/site\/fotos-intimas-vazam-e-aline-bbb-perde-o-noivo\/#primaryimage"},"image":{"@id":"https:\/\/www.notibras.com\/site\/fotos-intimas-vazam-e-aline-bbb-perde-o-noivo\/#primaryimage"},"thumbnailUrl":"https:\/\/www.notibras.com\/site\/wp-content\/uploads\/2015\/01\/AA8rvxH.img_.jpeg","datePublished":"2015-01-22T14:12:38+00:00","dateModified":"2015-01-22T22:52:25+00:00","breadcrumb":{"@id":"https:\/\/www.notibras.com\/site\/fotos-intimas-vazam-e-aline-bbb-perde-o-noivo\/#breadcrumb"},"inLanguage":"pt-BR","potentialAction":[{"@type":"ReadAction","target":["https:\/\/www.notibras.com\/site\/fotos-intimas-vazam-e-aline-bbb-perde-o-noivo\/"]}]},{"@type":"ImageObject","inLanguage":"pt-BR","@id":"https:\/\/www.notibras.com\/site\/fotos-intimas-vazam-e-aline-bbb-perde-o-noivo\/#primaryimage","url":"https:\/\/www.notibras.com\/site\/wp-content\/uploads\/2015\/01\/AA8rvxH.img_.jpeg","contentUrl":"https:\/\/www.notibras.com\/site\/wp-content\/uploads\/2015\/01\/AA8rvxH.img_.jpeg","width":600,"height":450},{"@type":"BreadcrumbList","@id":"https:\/\/www.notibras.com\/site\/fotos-intimas-vazam-e-aline-bbb-perde-o-noivo\/#breadcrumb","itemListElement":[{"@type":"ListItem","position":1,"name":"In\u00edcio","item":"https:\/\/www.notibras.com\/site\/"},{"@type":"ListItem","position":2,"name":"Fotos \u00edntimas vazam. E Aline BBB perde o noivo encantado"}]},{"@type":"WebSite","@id":"https:\/\/www.notibras.com\/site\/#website","url":"https:\/\/www.notibras.com\/site\/","name":"Notibras","description":"Not\u00edcias de Bras\u00edlia, do Brasil e do Mundo","publisher":{"@id":"https:\/\/www.notibras.com\/site\/#organization"},"potentialAction":[{"@type":"SearchAction","target":{"@type":"EntryPoint","urlTemplate":"https:\/\/www.notibras.com\/site\/?s={search_term_string}"},"query-input":{"@type":"PropertyValueSpecification","valueRequired":true,"valueName":"search_term_string"}}],"inLanguage":"pt-BR"},{"@type":"Organization","@id":"https:\/\/www.notibras.com\/site\/#organization","name":"Grupo Notibras de Comunica\u00e7\u00e3o","url":"https:\/\/www.notibras.com\/site\/","logo":{"@type":"ImageObject","inLanguage":"pt-BR","@id":"https:\/\/www.notibras.com\/site\/#\/schema\/logo\/image\/","url":"https:\/\/www.notibras.com\/site\/wp-content\/uploads\/2023\/01\/notibras23.png","contentUrl":"https:\/\/www.notibras.com\/site\/wp-content\/uploads\/2023\/01\/notibras23.png","width":350,"height":87,"caption":"Grupo Notibras de Comunica\u00e7\u00e3o"},"image":{"@id":"https:\/\/www.notibras.com\/site\/#\/schema\/logo\/image\/"},"sameAs":["https:\/\/www.facebook.com\/notibras\/","https:\/\/x.com\/Notibras","https:\/\/www.instagram.com\/notibras\/"]},{"@type":"Person","@id":"https:\/\/www.notibras.com\/site\/#\/schema\/person\/36ab0979449956132d3e5b517ea76ac8","name":"Reda\u00e7\u00e3o","image":{"@type":"ImageObject","inLanguage":"pt-BR","@id":"https:\/\/secure.gravatar.com\/avatar\/e0a867bdedb85fd243eadf09663511f96fc81e0720a4a42581f334ad4303aa6b?s=96&d=mm&r=g","url":"https:\/\/secure.gravatar.com\/avatar\/e0a867bdedb85fd243eadf09663511f96fc81e0720a4a42581f334ad4303aa6b?s=96&d=mm&r=g","contentUrl":"https:\/\/secure.gravatar.com\/avatar\/e0a867bdedb85fd243eadf09663511f96fc81e0720a4a42581f334ad4303aa6b?s=96&d=mm&r=g","caption":"Reda\u00e7\u00e3o"}}]}},"amp_enabled":true,"_links":{"self":[{"href":"https:\/\/www.notibras.com\/site\/wp-json\/wp\/v2\/posts\/34701","targetHints":{"allow":["GET"]}}],"collection":[{"href":"https:\/\/www.notibras.com\/site\/wp-json\/wp\/v2\/posts"}],"about":[{"href":"https:\/\/www.notibras.com\/site\/wp-json\/wp\/v2\/types\/post"}],"author":[{"embeddable":true,"href":"https:\/\/www.notibras.com\/site\/wp-json\/wp\/v2\/users\/2"}],"replies":[{"embeddable":true,"href":"https:\/\/www.notibras.com\/site\/wp-json\/wp\/v2\/comments?post=34701"}],"version-history":[{"count":0,"href":"https:\/\/www.notibras.com\/site\/wp-json\/wp\/v2\/posts\/34701\/revisions"}],"wp:featuredmedia":[{"embeddable":true,"href":"https:\/\/www.notibras.com\/site\/wp-json\/wp\/v2\/media\/34702"}],"wp:attachment":[{"href":"https:\/\/www.notibras.com\/site\/wp-json\/wp\/v2\/media?parent=34701"}],"wp:term":[{"taxonomy":"category","embeddable":true,"href":"https:\/\/www.notibras.com\/site\/wp-json\/wp\/v2\/categories?post=34701"},{"taxonomy":"post_tag","embeddable":true,"href":"https:\/\/www.notibras.com\/site\/wp-json\/wp\/v2\/tags?post=34701"}],"curies":[{"name":"wp","href":"https:\/\/api.w.org\/{rel}","templated":true}]}}