{"id":347020,"date":"2025-02-04T06:18:27","date_gmt":"2025-02-04T09:18:27","guid":{"rendered":"https:\/\/www.notibras.com\/site\/?p=347020"},"modified":"2025-02-04T08:26:03","modified_gmt":"2025-02-04T11:26:03","slug":"producao-de-sergipe-leva-premio-maximo-em-minas","status":"publish","type":"post","link":"https:\/\/www.notibras.com\/site\/producao-de-sergipe-leva-premio-maximo-em-minas\/","title":{"rendered":"Produ\u00e7\u00e3o de Sergipe leva pr\u00eamio m\u00e1ximo em Minas"},"content":{"rendered":"<p>Um filme de Sergipe e uma coprodu\u00e7\u00e3o entre Minas Gerais e S\u00e3o Paulo arremataram os pr\u00eamios das duas categorias mais badaladas da Mostra de Cinema de Tiradentes. O evento, que se encerrou na cidade hist\u00f3rica mineira, contou com a participa\u00e7\u00e3o de aproximadamente 38 mil pessoas na estimativa dos organizadores. Al\u00e9m disso, parte da programa\u00e7\u00e3o foi disponibilizada em plataforma online que recebeu mais de 500 mil acessos, vindos de 81 pa\u00edses.<\/p>\n<p>Organizado pela Universo Produ\u00e7\u00e3o desde 1998, a Mostra de Cinema de Tiradentes teve a 28\u00aa edi\u00e7\u00e3o em 2025. Tradicionalmente realizado em janeiro, o evento inaugura o calend\u00e1rio audiovisual do pa\u00eds e d\u00e1 o tom de muitas das discuss\u00f5es que ir\u00e3o se estender por outros festivais ao longo do ano. Foram exibidos 140 filmes durante a programa\u00e7\u00e3o do evento.<\/p>\n<p><strong>Categorias<\/strong><br \/>\nO longa-metragem sergipano Um Minuto \u00e9 uma Eternidade para Quem Est\u00e1 Sofrendo, dirigido por F\u00e1bio Rog\u00e9rio e Wesley Pereira de Castro, foi o vencedor da Mostra Aurora. A categoria \u00e9 voltada para a exibi\u00e7\u00e3o de filmes in\u00e9ditos de novos realizadores que est\u00e3o em seu primeiro longa-metragem. Desde que foi criada em 2008, ela se consolidou como uma das principais atra\u00e7\u00f5es do festival sediado na cidade mineira.<\/p>\n<p>A vit\u00f3ria foi decretada pelo J\u00fari Jovem, formado por estudantes selecionados por meio de um oficina de cr\u00edtica de cinema. Um Minuto \u00e9 uma Eternidade para Quem Est\u00e1 Sofrendo \u00e9 um document\u00e1rio que acompanha Wesley, um dos dois diretores, em um mergulho na sua pr\u00f3pria personalidade, expondo seus sentimentos e conflitos internos em diferentes momentos da vida.<\/p>\n<p>A Mostra Olhos Livres, outra categoria de destaque no evento, consagrou obra coproduzida em Minas Gerais e em S\u00e3o Paulo. Trata-se do longa-metragem Deuses da Peste, dirigido por Tiago Mata Machado e Gabriela Lu\u00edza. Declarado vencedor pelo j\u00fari oficial, composto por cr\u00edticos, o filme narra uma hist\u00f3ria que se passa em casar\u00e3o em ru\u00ednas, no centro da capital paulista, onde vive um velho ator afastado dos palcos.<\/p>\n<p>Al\u00e9m das duas principais categorias, a Mostra de Cinema de Tiradentes distribui outros pr\u00eamios. Entre Corpos, de Mayra Costa, foi apontado pelo J\u00fari Oficial como melhor curta-metragem que concorria na Mostra Foco. A atriz Ticiane Sim\u00f5es, que atua no filme, tamb\u00e9m foi agraciada por sua atua\u00e7\u00e3o. J\u00e1 o voto popular consagrou o longa-metragem 3 Ob\u00e1s de Xang\u00f4, de Sergio Machado, e o curta-metragem Dois Nilos, de Samuel Lobo e Rodrigo de Janeiro.<\/p>\n<p><strong>Destaques<\/strong><br \/>\nHouve ainda pr\u00eamios distribu\u00eddos por patrocinadores do evento. Fora das categorias competitivas, a programa\u00e7\u00e3o contou com uma sele\u00e7\u00e3o de obras que comp\u00f5e a trajet\u00f3ria de Bruna Linzmeyer, atriz homenageada da edi\u00e7\u00e3o.<\/p>\n<p>Al\u00e9m disso, houve diversas sess\u00f5es de filmes em pr\u00e9-estreia. Um dos destaques foi Mal\u00eas, novo t\u00edtulo de Ant\u00f4nio Pitanga, que chegar\u00e1 \u00e0s salas de cinema em abril. O longa-metragem narra as trajet\u00f3rias de diferentes personagens envolvidos na Revolta dos Mal\u00eas, ocorrida em Salvador no ano de 1835 e considerada a mais importante rebeli\u00e3o urbana de escravizados do Brasil.<\/p>\n<p>Outra pr\u00e9-estreia que contou com grande interesse do p\u00fablico foi Y\u00f5g \u00c3tak: Meu pai, Kaiow\u00e1, dirigido por Sueli Maxakali, Isael Maxakali, Roberto Romero e Luisa Lanna. \u00c9 um document\u00e1rio que acompanha a busca de Sueli Maxakali pelo pai, Luis Kaiow\u00e1, de quem foi separada durante a ditadura militar no Brasil.<\/p>\n<p>O filme de encerramento, exibido na noite de s\u00e1bado (1\u00ba), foi tamb\u00e9m uma pr\u00e9-estreia: Su\u00e7uarana, de Clarissa Campolina e S\u00e9rgio Borges. O filme narra a hist\u00f3ria de Dora, uma mulher que busca por uma terra perdida que ela e a m\u00e3e tanto sonharam. Em meio a encontros com outros visitantes, a protagonista atravessa um territ\u00f3rio devastado pela minera\u00e7\u00e3o, em busca de um lugar onde possa encontrar pertencimento.<\/p>\n","protected":false},"excerpt":{"rendered":"<p>Um filme de Sergipe e uma coprodu\u00e7\u00e3o entre Minas Gerais e S\u00e3o Paulo arremataram os pr\u00eamios das duas categorias mais badaladas da Mostra de Cinema de Tiradentes. O evento, que se encerrou na cidade hist\u00f3rica mineira, contou com a participa\u00e7\u00e3o de aproximadamente 38 mil pessoas na estimativa dos organizadores. Al\u00e9m disso, parte da programa\u00e7\u00e3o foi [&hellip;]<\/p>\n","protected":false},"author":2,"featured_media":347021,"comment_status":"closed","ping_status":"closed","sticky":false,"template":"","format":"standard","meta":{"_acf_changed":false,"footnotes":""},"categories":[165],"tags":[],"class_list":["post-347020","post","type-post","status-publish","format-standard","has-post-thumbnail","hentry","category-nordeste"],"acf":[],"_links":{"self":[{"href":"https:\/\/www.notibras.com\/site\/wp-json\/wp\/v2\/posts\/347020","targetHints":{"allow":["GET"]}}],"collection":[{"href":"https:\/\/www.notibras.com\/site\/wp-json\/wp\/v2\/posts"}],"about":[{"href":"https:\/\/www.notibras.com\/site\/wp-json\/wp\/v2\/types\/post"}],"author":[{"embeddable":true,"href":"https:\/\/www.notibras.com\/site\/wp-json\/wp\/v2\/users\/2"}],"replies":[{"embeddable":true,"href":"https:\/\/www.notibras.com\/site\/wp-json\/wp\/v2\/comments?post=347020"}],"version-history":[{"count":2,"href":"https:\/\/www.notibras.com\/site\/wp-json\/wp\/v2\/posts\/347020\/revisions"}],"predecessor-version":[{"id":347070,"href":"https:\/\/www.notibras.com\/site\/wp-json\/wp\/v2\/posts\/347020\/revisions\/347070"}],"wp:featuredmedia":[{"embeddable":true,"href":"https:\/\/www.notibras.com\/site\/wp-json\/wp\/v2\/media\/347021"}],"wp:attachment":[{"href":"https:\/\/www.notibras.com\/site\/wp-json\/wp\/v2\/media?parent=347020"}],"wp:term":[{"taxonomy":"category","embeddable":true,"href":"https:\/\/www.notibras.com\/site\/wp-json\/wp\/v2\/categories?post=347020"},{"taxonomy":"post_tag","embeddable":true,"href":"https:\/\/www.notibras.com\/site\/wp-json\/wp\/v2\/tags?post=347020"}],"curies":[{"name":"wp","href":"https:\/\/api.w.org\/{rel}","templated":true}]}}