{"id":347023,"date":"2025-02-04T00:21:17","date_gmt":"2025-02-04T03:21:17","guid":{"rendered":"https:\/\/www.notibras.com\/site\/?p=347023"},"modified":"2025-02-04T06:23:29","modified_gmt":"2025-02-04T09:23:29","slug":"raquel-lyra-e-joao-campos-apostam-em-nomeacoes-visando-2026","status":"publish","type":"post","link":"https:\/\/www.notibras.com\/site\/raquel-lyra-e-joao-campos-apostam-em-nomeacoes-visando-2026\/","title":{"rendered":"Raquel Lyra e Jo\u00e3o Campos apostam em nomea\u00e7\u00f5es visando 2026"},"content":{"rendered":"<p>Pr\u00e1tica comum na pol\u00edtica brasileira, a de nomear correligion\u00e1rios que perderam elei\u00e7\u00f5es mas que podem se um ativo pol\u00edtico para o pr\u00f3ximo pleito, a governadora Raquel Lyra (PSDB) e o prefeito do Recife, Jo\u00e3o Campos (PSB), que devem se enfrentar na disputa pelo governo de Pernambuco em 2026, est\u00e3o enchendo seus gabinetes de prefeitos e vereadores que n\u00e3o conseguiram renovar seus mandatos nas elei\u00e7\u00f5es do ano passado em troca de seu apoio daqui a dois anos.<\/p>\n<p>Mesmo com as contas da prefeitura no vermelho, o prefeito Jo\u00e3o Campos aumentou em 25% os cargos comissionados em seu gabinete fazendo uma reforma administrativa que ampliou o n\u00famero de secretarias e criou gabinetes cujos titulares t\u00eam n\u00edvel de secret\u00e1rios, passando a beneficiar vereadores que perderam elei\u00e7\u00e3o e prefeitos do interior que tamb\u00e9m n\u00e3o tiveram \u00eaxito nas urnas. Ele busca compensar a falta de l\u00edderes pol\u00edticos no interior para fazer sua campanha, coisa que a governadora ter\u00e1 em n\u00famero exponencialmente maior.<\/p>\n<p>Nas elei\u00e7\u00f5es do ano passado, Raquel Lyra emplacou 120 dos 184 prefeitos de Pernambuco, vencendo al\u00e9m do interior o n\u00famero dos 14 prefeitos eleitos para os munic\u00edpios que comp\u00f5em a Regi\u00e3o Metropolitana do Recife. Enquanto Jo\u00e3o Campos teve uma avassaladora vit\u00f3ria na sua reelei\u00e7\u00e3o no Recife, com repercuss\u00e3o de sua popularidade no interior do estado, a governadora, que tem base pol\u00edtica em Caruaru, na regi\u00e3o Agreste, al\u00e9m de consolidar essa vantagem no interior, precisa, por sua vez, plantar uma cabe\u00e7a de ponte na capital pernambucana.<\/p>\n<p>Para se contrapor \u00e0s nomea\u00e7\u00f5es do prefeito, Raquel Lyra procurou o ex-prefeito de Petrolina Miguel Coelho, do qual estava afastada desde 2023, dando in\u00edcio ao aproveitamento da classe pol\u00edtica em em sua administra\u00e7\u00e3o e autorizou o seu chefe da Casa Civil, T\u00falio Vila\u00e7a, a come\u00e7ar a preencher centenas de cargos comissionados vagos desde janeiro de 2023, quando tomou posse.<\/p>\n<p>Em um s\u00f3 dia ela nomeou 22 ex-prefeitos como assessores da Casa Civil. No dia seguinte o Di\u00e1rio Oficial registrou mais 15 nomea\u00e7\u00f5es de outros sete ex-prefeitos e oito vereadores, entre eles quatro do Recife que foram bem votados. Enquanto os ex-prefeitos v\u00e3o acompanhar os trabalhos do governo pelo interior do estado, os vereadores do Recife v\u00e3o fustigar o prefeito Jo\u00e3o Campos em seus pr\u00f3prio terreiro, construindo aquela cabe\u00e7a de ponte de que precisa para ampliar seu eleitorado na capital.<\/p>\n<p>Al\u00e9m dessa movimenta\u00e7\u00e3o interna, Raquel Lyra est\u00e1 buscando uma aproxima\u00e7\u00e3o com o presidente Lula, buscando atrair sua aten\u00e7\u00e3o para o seu governo. Ao contr\u00e1rio de Jo\u00e3o Campos, que n\u00e3o credita a Lula as obras do governo federal no Recife, a governadora faz quest\u00e3o de destacar o nome do presidente e o apoio ao seu governo em todas as obras que o governo federal realiza em Pernambuco.<\/p>\n<p>Para desespero do prefeito, a governadora tamb\u00e9m est\u00e1 atraindo para a sua administra\u00e7\u00e3o os melhores quadros do PT em Pernambuco, cujos deputados estaduais j\u00e1 n\u00e3o lhe fazem oposi\u00e7\u00e3o na Assembleia Legislativa, apoiando todos os seus projetos. A depender de uma conversa entre o senador Humberto Costa e o presidente Lula, o ex-prefeito do Recife, o deputado estadual do PT Jo\u00e3o Paulo, pode ser nomeado para uma secretaria do governo de Raquel nos pr\u00f3ximos dias.<\/p>\n","protected":false},"excerpt":{"rendered":"<p>Pr\u00e1tica comum na pol\u00edtica brasileira, a de nomear correligion\u00e1rios que perderam elei\u00e7\u00f5es mas que podem se um ativo pol\u00edtico para o pr\u00f3ximo pleito, a governadora Raquel Lyra (PSDB) e o prefeito do Recife, Jo\u00e3o Campos (PSB), que devem se enfrentar na disputa pelo governo de Pernambuco em 2026, est\u00e3o enchendo seus gabinetes de prefeitos e [&hellip;]<\/p>\n","protected":false},"author":2,"featured_media":347024,"comment_status":"closed","ping_status":"closed","sticky":false,"template":"","format":"standard","meta":{"_acf_changed":false,"footnotes":""},"categories":[165],"tags":[],"class_list":["post-347023","post","type-post","status-publish","format-standard","has-post-thumbnail","hentry","category-nordeste"],"acf":[],"yoast_head":"<!-- This site is optimized with the Yoast SEO plugin v27.2 - https:\/\/yoast.com\/product\/yoast-seo-wordpress\/ -->\n<title>Raquel Lyra e Jo\u00e3o Campos apostam em nomea\u00e7\u00f5es visando 2026 - Notibras<\/title>\n<meta name=\"robots\" content=\"index, follow, max-snippet:-1, max-image-preview:large, max-video-preview:-1\" \/>\n<link rel=\"canonical\" href=\"https:\/\/www.notibras.com\/site\/raquel-lyra-e-joao-campos-apostam-em-nomeacoes-visando-2026\/\" \/>\n<meta property=\"og:locale\" content=\"pt_BR\" \/>\n<meta property=\"og:type\" content=\"article\" \/>\n<meta property=\"og:title\" content=\"Raquel Lyra e Jo\u00e3o Campos apostam em nomea\u00e7\u00f5es visando 2026 - Notibras\" \/>\n<meta property=\"og:description\" content=\"Pr\u00e1tica comum na pol\u00edtica brasileira, a de nomear correligion\u00e1rios que perderam elei\u00e7\u00f5es mas que podem se um ativo pol\u00edtico para o pr\u00f3ximo pleito, a governadora Raquel Lyra (PSDB) e o prefeito do Recife, Jo\u00e3o Campos (PSB), que devem se enfrentar na disputa pelo governo de Pernambuco em 2026, est\u00e3o enchendo seus gabinetes de prefeitos e [&hellip;]\" \/>\n<meta property=\"og:url\" content=\"https:\/\/www.notibras.com\/site\/raquel-lyra-e-joao-campos-apostam-em-nomeacoes-visando-2026\/\" \/>\n<meta property=\"og:site_name\" content=\"Notibras\" \/>\n<meta property=\"article:publisher\" content=\"https:\/\/www.facebook.com\/notibras\/\" \/>\n<meta property=\"article:published_time\" content=\"2025-02-04T03:21:17+00:00\" \/>\n<meta property=\"article:modified_time\" content=\"2025-02-04T09:23:29+00:00\" \/>\n<meta property=\"og:image\" content=\"https:\/\/www.notibras.com\/site\/wp-content\/uploads\/2025\/02\/raquel.joao_.b0151ff2-f6b0-425c-9395-f44285a2781e.jpeg\" \/>\n\t<meta property=\"og:image:width\" content=\"597\" \/>\n\t<meta property=\"og:image:height\" content=\"329\" \/>\n\t<meta property=\"og:image:type\" content=\"image\/jpeg\" \/>\n<meta name=\"author\" content=\"Reda\u00e7\u00e3o\" \/>\n<meta name=\"twitter:card\" content=\"summary_large_image\" \/>\n<meta name=\"twitter:creator\" content=\"@Notibras\" \/>\n<meta name=\"twitter:site\" content=\"@Notibras\" \/>\n<meta name=\"twitter:label1\" content=\"Escrito por\" \/>\n\t<meta name=\"twitter:data1\" content=\"Reda\u00e7\u00e3o\" \/>\n\t<meta name=\"twitter:label2\" content=\"Est. tempo de leitura\" \/>\n\t<meta name=\"twitter:data2\" content=\"4 minutos\" \/>\n<script type=\"application\/ld+json\" class=\"yoast-schema-graph\">{\"@context\":\"https:\/\/schema.org\",\"@graph\":[{\"@type\":\"Article\",\"@id\":\"https:\/\/www.notibras.com\/site\/raquel-lyra-e-joao-campos-apostam-em-nomeacoes-visando-2026\/#article\",\"isPartOf\":{\"@id\":\"https:\/\/www.notibras.com\/site\/raquel-lyra-e-joao-campos-apostam-em-nomeacoes-visando-2026\/\"},\"author\":{\"name\":\"Reda\u00e7\u00e3o\",\"@id\":\"https:\/\/www.notibras.com\/site\/#\/schema\/person\/36ab0979449956132d3e5b517ea76ac8\"},\"headline\":\"Raquel Lyra e Jo\u00e3o Campos apostam em nomea\u00e7\u00f5es visando 2026\",\"datePublished\":\"2025-02-04T03:21:17+00:00\",\"dateModified\":\"2025-02-04T09:23:29+00:00\",\"mainEntityOfPage\":{\"@id\":\"https:\/\/www.notibras.com\/site\/raquel-lyra-e-joao-campos-apostam-em-nomeacoes-visando-2026\/\"},\"wordCount\":586,\"publisher\":{\"@id\":\"https:\/\/www.notibras.com\/site\/#organization\"},\"image\":{\"@id\":\"https:\/\/www.notibras.com\/site\/raquel-lyra-e-joao-campos-apostam-em-nomeacoes-visando-2026\/#primaryimage\"},\"thumbnailUrl\":\"https:\/\/www.notibras.com\/site\/wp-content\/uploads\/2025\/02\/raquel.joao_.b0151ff2-f6b0-425c-9395-f44285a2781e.jpeg\",\"articleSection\":[\"Nordeste\"],\"inLanguage\":\"pt-BR\"},{\"@type\":\"WebPage\",\"@id\":\"https:\/\/www.notibras.com\/site\/raquel-lyra-e-joao-campos-apostam-em-nomeacoes-visando-2026\/\",\"url\":\"https:\/\/www.notibras.com\/site\/raquel-lyra-e-joao-campos-apostam-em-nomeacoes-visando-2026\/\",\"name\":\"Raquel Lyra e Jo\u00e3o Campos apostam em nomea\u00e7\u00f5es visando 2026 - Notibras\",\"isPartOf\":{\"@id\":\"https:\/\/www.notibras.com\/site\/#website\"},\"primaryImageOfPage\":{\"@id\":\"https:\/\/www.notibras.com\/site\/raquel-lyra-e-joao-campos-apostam-em-nomeacoes-visando-2026\/#primaryimage\"},\"image\":{\"@id\":\"https:\/\/www.notibras.com\/site\/raquel-lyra-e-joao-campos-apostam-em-nomeacoes-visando-2026\/#primaryimage\"},\"thumbnailUrl\":\"https:\/\/www.notibras.com\/site\/wp-content\/uploads\/2025\/02\/raquel.joao_.b0151ff2-f6b0-425c-9395-f44285a2781e.jpeg\",\"datePublished\":\"2025-02-04T03:21:17+00:00\",\"dateModified\":\"2025-02-04T09:23:29+00:00\",\"breadcrumb\":{\"@id\":\"https:\/\/www.notibras.com\/site\/raquel-lyra-e-joao-campos-apostam-em-nomeacoes-visando-2026\/#breadcrumb\"},\"inLanguage\":\"pt-BR\",\"potentialAction\":[{\"@type\":\"ReadAction\",\"target\":[\"https:\/\/www.notibras.com\/site\/raquel-lyra-e-joao-campos-apostam-em-nomeacoes-visando-2026\/\"]}]},{\"@type\":\"ImageObject\",\"inLanguage\":\"pt-BR\",\"@id\":\"https:\/\/www.notibras.com\/site\/raquel-lyra-e-joao-campos-apostam-em-nomeacoes-visando-2026\/#primaryimage\",\"url\":\"https:\/\/www.notibras.com\/site\/wp-content\/uploads\/2025\/02\/raquel.joao_.b0151ff2-f6b0-425c-9395-f44285a2781e.jpeg\",\"contentUrl\":\"https:\/\/www.notibras.com\/site\/wp-content\/uploads\/2025\/02\/raquel.joao_.b0151ff2-f6b0-425c-9395-f44285a2781e.jpeg\",\"width\":597,\"height\":329},{\"@type\":\"BreadcrumbList\",\"@id\":\"https:\/\/www.notibras.com\/site\/raquel-lyra-e-joao-campos-apostam-em-nomeacoes-visando-2026\/#breadcrumb\",\"itemListElement\":[{\"@type\":\"ListItem\",\"position\":1,\"name\":\"In\u00edcio\",\"item\":\"https:\/\/www.notibras.com\/site\/\"},{\"@type\":\"ListItem\",\"position\":2,\"name\":\"Raquel Lyra e Jo\u00e3o Campos apostam em nomea\u00e7\u00f5es visando 2026\"}]},{\"@type\":\"WebSite\",\"@id\":\"https:\/\/www.notibras.com\/site\/#website\",\"url\":\"https:\/\/www.notibras.com\/site\/\",\"name\":\"Notibras\",\"description\":\"Not\u00edcias de Bras\u00edlia, do Brasil e do Mundo\",\"publisher\":{\"@id\":\"https:\/\/www.notibras.com\/site\/#organization\"},\"potentialAction\":[{\"@type\":\"SearchAction\",\"target\":{\"@type\":\"EntryPoint\",\"urlTemplate\":\"https:\/\/www.notibras.com\/site\/?s={search_term_string}\"},\"query-input\":{\"@type\":\"PropertyValueSpecification\",\"valueRequired\":true,\"valueName\":\"search_term_string\"}}],\"inLanguage\":\"pt-BR\"},{\"@type\":\"Organization\",\"@id\":\"https:\/\/www.notibras.com\/site\/#organization\",\"name\":\"Grupo Notibras de Comunica\u00e7\u00e3o\",\"url\":\"https:\/\/www.notibras.com\/site\/\",\"logo\":{\"@type\":\"ImageObject\",\"inLanguage\":\"pt-BR\",\"@id\":\"https:\/\/www.notibras.com\/site\/#\/schema\/logo\/image\/\",\"url\":\"https:\/\/www.notibras.com\/site\/wp-content\/uploads\/2023\/01\/notibras23.png\",\"contentUrl\":\"https:\/\/www.notibras.com\/site\/wp-content\/uploads\/2023\/01\/notibras23.png\",\"width\":350,\"height\":87,\"caption\":\"Grupo Notibras de Comunica\u00e7\u00e3o\"},\"image\":{\"@id\":\"https:\/\/www.notibras.com\/site\/#\/schema\/logo\/image\/\"},\"sameAs\":[\"https:\/\/www.facebook.com\/notibras\/\",\"https:\/\/x.com\/Notibras\",\"https:\/\/www.instagram.com\/notibras\/\"]},{\"@type\":\"Person\",\"@id\":\"https:\/\/www.notibras.com\/site\/#\/schema\/person\/36ab0979449956132d3e5b517ea76ac8\",\"name\":\"Reda\u00e7\u00e3o\",\"image\":{\"@type\":\"ImageObject\",\"inLanguage\":\"pt-BR\",\"@id\":\"https:\/\/secure.gravatar.com\/avatar\/e0a867bdedb85fd243eadf09663511f96fc81e0720a4a42581f334ad4303aa6b?s=96&d=mm&r=g\",\"url\":\"https:\/\/secure.gravatar.com\/avatar\/e0a867bdedb85fd243eadf09663511f96fc81e0720a4a42581f334ad4303aa6b?s=96&d=mm&r=g\",\"contentUrl\":\"https:\/\/secure.gravatar.com\/avatar\/e0a867bdedb85fd243eadf09663511f96fc81e0720a4a42581f334ad4303aa6b?s=96&d=mm&r=g\",\"caption\":\"Reda\u00e7\u00e3o\"}}]}<\/script>\n<!-- \/ Yoast SEO plugin. -->","yoast_head_json":{"title":"Raquel Lyra e Jo\u00e3o Campos apostam em nomea\u00e7\u00f5es visando 2026 - Notibras","robots":{"index":"index","follow":"follow","max-snippet":"max-snippet:-1","max-image-preview":"max-image-preview:large","max-video-preview":"max-video-preview:-1"},"canonical":"https:\/\/www.notibras.com\/site\/raquel-lyra-e-joao-campos-apostam-em-nomeacoes-visando-2026\/","og_locale":"pt_BR","og_type":"article","og_title":"Raquel Lyra e Jo\u00e3o Campos apostam em nomea\u00e7\u00f5es visando 2026 - Notibras","og_description":"Pr\u00e1tica comum na pol\u00edtica brasileira, a de nomear correligion\u00e1rios que perderam elei\u00e7\u00f5es mas que podem se um ativo pol\u00edtico para o pr\u00f3ximo pleito, a governadora Raquel Lyra (PSDB) e o prefeito do Recife, Jo\u00e3o Campos (PSB), que devem se enfrentar na disputa pelo governo de Pernambuco em 2026, est\u00e3o enchendo seus gabinetes de prefeitos e [&hellip;]","og_url":"https:\/\/www.notibras.com\/site\/raquel-lyra-e-joao-campos-apostam-em-nomeacoes-visando-2026\/","og_site_name":"Notibras","article_publisher":"https:\/\/www.facebook.com\/notibras\/","article_published_time":"2025-02-04T03:21:17+00:00","article_modified_time":"2025-02-04T09:23:29+00:00","og_image":[{"width":597,"height":329,"url":"https:\/\/www.notibras.com\/site\/wp-content\/uploads\/2025\/02\/raquel.joao_.b0151ff2-f6b0-425c-9395-f44285a2781e.jpeg","type":"image\/jpeg"}],"author":"Reda\u00e7\u00e3o","twitter_card":"summary_large_image","twitter_creator":"@Notibras","twitter_site":"@Notibras","twitter_misc":{"Escrito por":"Reda\u00e7\u00e3o","Est. tempo de leitura":"4 minutos"},"schema":{"@context":"https:\/\/schema.org","@graph":[{"@type":"Article","@id":"https:\/\/www.notibras.com\/site\/raquel-lyra-e-joao-campos-apostam-em-nomeacoes-visando-2026\/#article","isPartOf":{"@id":"https:\/\/www.notibras.com\/site\/raquel-lyra-e-joao-campos-apostam-em-nomeacoes-visando-2026\/"},"author":{"name":"Reda\u00e7\u00e3o","@id":"https:\/\/www.notibras.com\/site\/#\/schema\/person\/36ab0979449956132d3e5b517ea76ac8"},"headline":"Raquel Lyra e Jo\u00e3o Campos apostam em nomea\u00e7\u00f5es visando 2026","datePublished":"2025-02-04T03:21:17+00:00","dateModified":"2025-02-04T09:23:29+00:00","mainEntityOfPage":{"@id":"https:\/\/www.notibras.com\/site\/raquel-lyra-e-joao-campos-apostam-em-nomeacoes-visando-2026\/"},"wordCount":586,"publisher":{"@id":"https:\/\/www.notibras.com\/site\/#organization"},"image":{"@id":"https:\/\/www.notibras.com\/site\/raquel-lyra-e-joao-campos-apostam-em-nomeacoes-visando-2026\/#primaryimage"},"thumbnailUrl":"https:\/\/www.notibras.com\/site\/wp-content\/uploads\/2025\/02\/raquel.joao_.b0151ff2-f6b0-425c-9395-f44285a2781e.jpeg","articleSection":["Nordeste"],"inLanguage":"pt-BR"},{"@type":"WebPage","@id":"https:\/\/www.notibras.com\/site\/raquel-lyra-e-joao-campos-apostam-em-nomeacoes-visando-2026\/","url":"https:\/\/www.notibras.com\/site\/raquel-lyra-e-joao-campos-apostam-em-nomeacoes-visando-2026\/","name":"Raquel Lyra e Jo\u00e3o Campos apostam em nomea\u00e7\u00f5es visando 2026 - Notibras","isPartOf":{"@id":"https:\/\/www.notibras.com\/site\/#website"},"primaryImageOfPage":{"@id":"https:\/\/www.notibras.com\/site\/raquel-lyra-e-joao-campos-apostam-em-nomeacoes-visando-2026\/#primaryimage"},"image":{"@id":"https:\/\/www.notibras.com\/site\/raquel-lyra-e-joao-campos-apostam-em-nomeacoes-visando-2026\/#primaryimage"},"thumbnailUrl":"https:\/\/www.notibras.com\/site\/wp-content\/uploads\/2025\/02\/raquel.joao_.b0151ff2-f6b0-425c-9395-f44285a2781e.jpeg","datePublished":"2025-02-04T03:21:17+00:00","dateModified":"2025-02-04T09:23:29+00:00","breadcrumb":{"@id":"https:\/\/www.notibras.com\/site\/raquel-lyra-e-joao-campos-apostam-em-nomeacoes-visando-2026\/#breadcrumb"},"inLanguage":"pt-BR","potentialAction":[{"@type":"ReadAction","target":["https:\/\/www.notibras.com\/site\/raquel-lyra-e-joao-campos-apostam-em-nomeacoes-visando-2026\/"]}]},{"@type":"ImageObject","inLanguage":"pt-BR","@id":"https:\/\/www.notibras.com\/site\/raquel-lyra-e-joao-campos-apostam-em-nomeacoes-visando-2026\/#primaryimage","url":"https:\/\/www.notibras.com\/site\/wp-content\/uploads\/2025\/02\/raquel.joao_.b0151ff2-f6b0-425c-9395-f44285a2781e.jpeg","contentUrl":"https:\/\/www.notibras.com\/site\/wp-content\/uploads\/2025\/02\/raquel.joao_.b0151ff2-f6b0-425c-9395-f44285a2781e.jpeg","width":597,"height":329},{"@type":"BreadcrumbList","@id":"https:\/\/www.notibras.com\/site\/raquel-lyra-e-joao-campos-apostam-em-nomeacoes-visando-2026\/#breadcrumb","itemListElement":[{"@type":"ListItem","position":1,"name":"In\u00edcio","item":"https:\/\/www.notibras.com\/site\/"},{"@type":"ListItem","position":2,"name":"Raquel Lyra e Jo\u00e3o Campos apostam em nomea\u00e7\u00f5es visando 2026"}]},{"@type":"WebSite","@id":"https:\/\/www.notibras.com\/site\/#website","url":"https:\/\/www.notibras.com\/site\/","name":"Notibras","description":"Not\u00edcias de Bras\u00edlia, do Brasil e do Mundo","publisher":{"@id":"https:\/\/www.notibras.com\/site\/#organization"},"potentialAction":[{"@type":"SearchAction","target":{"@type":"EntryPoint","urlTemplate":"https:\/\/www.notibras.com\/site\/?s={search_term_string}"},"query-input":{"@type":"PropertyValueSpecification","valueRequired":true,"valueName":"search_term_string"}}],"inLanguage":"pt-BR"},{"@type":"Organization","@id":"https:\/\/www.notibras.com\/site\/#organization","name":"Grupo Notibras de Comunica\u00e7\u00e3o","url":"https:\/\/www.notibras.com\/site\/","logo":{"@type":"ImageObject","inLanguage":"pt-BR","@id":"https:\/\/www.notibras.com\/site\/#\/schema\/logo\/image\/","url":"https:\/\/www.notibras.com\/site\/wp-content\/uploads\/2023\/01\/notibras23.png","contentUrl":"https:\/\/www.notibras.com\/site\/wp-content\/uploads\/2023\/01\/notibras23.png","width":350,"height":87,"caption":"Grupo Notibras de Comunica\u00e7\u00e3o"},"image":{"@id":"https:\/\/www.notibras.com\/site\/#\/schema\/logo\/image\/"},"sameAs":["https:\/\/www.facebook.com\/notibras\/","https:\/\/x.com\/Notibras","https:\/\/www.instagram.com\/notibras\/"]},{"@type":"Person","@id":"https:\/\/www.notibras.com\/site\/#\/schema\/person\/36ab0979449956132d3e5b517ea76ac8","name":"Reda\u00e7\u00e3o","image":{"@type":"ImageObject","inLanguage":"pt-BR","@id":"https:\/\/secure.gravatar.com\/avatar\/e0a867bdedb85fd243eadf09663511f96fc81e0720a4a42581f334ad4303aa6b?s=96&d=mm&r=g","url":"https:\/\/secure.gravatar.com\/avatar\/e0a867bdedb85fd243eadf09663511f96fc81e0720a4a42581f334ad4303aa6b?s=96&d=mm&r=g","contentUrl":"https:\/\/secure.gravatar.com\/avatar\/e0a867bdedb85fd243eadf09663511f96fc81e0720a4a42581f334ad4303aa6b?s=96&d=mm&r=g","caption":"Reda\u00e7\u00e3o"}}]}},"amp_enabled":true,"_links":{"self":[{"href":"https:\/\/www.notibras.com\/site\/wp-json\/wp\/v2\/posts\/347023","targetHints":{"allow":["GET"]}}],"collection":[{"href":"https:\/\/www.notibras.com\/site\/wp-json\/wp\/v2\/posts"}],"about":[{"href":"https:\/\/www.notibras.com\/site\/wp-json\/wp\/v2\/types\/post"}],"author":[{"embeddable":true,"href":"https:\/\/www.notibras.com\/site\/wp-json\/wp\/v2\/users\/2"}],"replies":[{"embeddable":true,"href":"https:\/\/www.notibras.com\/site\/wp-json\/wp\/v2\/comments?post=347023"}],"version-history":[{"count":1,"href":"https:\/\/www.notibras.com\/site\/wp-json\/wp\/v2\/posts\/347023\/revisions"}],"predecessor-version":[{"id":347025,"href":"https:\/\/www.notibras.com\/site\/wp-json\/wp\/v2\/posts\/347023\/revisions\/347025"}],"wp:featuredmedia":[{"embeddable":true,"href":"https:\/\/www.notibras.com\/site\/wp-json\/wp\/v2\/media\/347024"}],"wp:attachment":[{"href":"https:\/\/www.notibras.com\/site\/wp-json\/wp\/v2\/media?parent=347023"}],"wp:term":[{"taxonomy":"category","embeddable":true,"href":"https:\/\/www.notibras.com\/site\/wp-json\/wp\/v2\/categories?post=347023"},{"taxonomy":"post_tag","embeddable":true,"href":"https:\/\/www.notibras.com\/site\/wp-json\/wp\/v2\/tags?post=347023"}],"curies":[{"name":"wp","href":"https:\/\/api.w.org\/{rel}","templated":true}]}}