{"id":347033,"date":"2025-02-04T00:12:37","date_gmt":"2025-02-04T03:12:37","guid":{"rendered":"https:\/\/www.notibras.com\/site\/?p=347033"},"modified":"2025-02-04T06:55:49","modified_gmt":"2025-02-04T09:55:49","slug":"doutor-rapha-medico-do-saber-indica-como-curar-dores-do-corpo-e-da-alma","status":"publish","type":"post","link":"https:\/\/www.notibras.com\/site\/doutor-rapha-medico-do-saber-indica-como-curar-dores-do-corpo-e-da-alma\/","title":{"rendered":"&#8216;Doutor Rapha&#8217;, m\u00e9dico do saber, indica como curar dores do corpo e da alma"},"content":{"rendered":"<p>Na beira do mar de Itapuama, onde o vento espalha segredos entre as areias e as ondas, h\u00e1 um rapaz de fala mansa e olhar de quem j\u00e1 viu mais do que conta. <em>Rapha da Praia<\/em>, como todos o chamam, n\u00e3o tem diploma, mas tem saber. E em tempos de ci\u00eancia protocolar e rem\u00e9dios sint\u00e9ticos, \u00e9 esse jovem de 40 anos, mais para gordinho do que obeso, costuma dizer, a quem o povo procura quando a alma pesa e o corpo d\u00f3i.<\/p>\n<p>N\u00e3o \u00e9 m\u00e9dico, que fique claro. Mas no boca a boca da regi\u00e3o, ganhou o t\u00edtulo de <em>Doutor Homeopata<\/em>. Sugere, n\u00e3o receita; aconselha, n\u00e3o prescreve. E quem duvida que a natureza tem cura, que experimente seu famoso ch\u00e1 de mulungu \u2013 uma raiz que, dizem, apaga os tormentos mais insones e acalma os nervos mais eri\u00e7ados que qualquer rem\u00e9dio de tarja preta.<\/p>\n<p>A freguesia do <em>Doutor Rapha<\/em> \u00e9 vasta e variada. Tem o pescador que n\u00e3o consegue dormir desde que perdeu o barco na \u00faltima tempestade. Tem a mo\u00e7a que carrega um amor mal curado no peito. Tem tamb\u00e9m a dona de casa que n\u00e3o aguenta mais os gritos do marido, e at\u00e9 o turista que veio s\u00f3 passar o fim de semana e saiu com a receita de um banho de ervas contra o mau-olhado.<\/p>\n<p>Rapha escuta, observa, \u00e0s vezes d\u00e1 um meio sorriso de quem j\u00e1 sabe o desfecho da hist\u00f3ria antes do \u00faltimo ponto. Depois, indica um ch\u00e1, uma folha, um \u00f3leo essencial. Se n\u00e3o cura, consola. Se n\u00e3o resolve, ameniza. E na praia de Itapuama, onde a ci\u00eancia se esconde atr\u00e1s das dunas e a f\u00e9 se mistura com a brisa salgada, isso j\u00e1 \u00e9 rem\u00e9dio suficiente.<\/p>\n<p>&#8230;&#8230;&#8230;&#8230;&#8230;&#8230;&#8230;&#8230;&#8230;&#8230;&#8230;&#8230;&#8230;&#8230;&#8230;..<\/p>\n<p><strong>Jos\u00e9 Seabra \u00e9 Diretor da Sucursal Regional Nordeste de Notibras<\/strong><\/p>\n","protected":false},"excerpt":{"rendered":"<p>Na beira do mar de Itapuama, onde o vento espalha segredos entre as areias e as ondas, h\u00e1 um rapaz de fala mansa e olhar de quem j\u00e1 viu mais do que conta. Rapha da Praia, como todos o chamam, n\u00e3o tem diploma, mas tem saber. E em tempos de ci\u00eancia protocolar e rem\u00e9dios sint\u00e9ticos, [&hellip;]<\/p>\n","protected":false},"author":2,"featured_media":347034,"comment_status":"closed","ping_status":"closed","sticky":false,"template":"","format":"standard","meta":{"_acf_changed":false,"footnotes":""},"categories":[165],"tags":[],"class_list":["post-347033","post","type-post","status-publish","format-standard","has-post-thumbnail","hentry","category-nordeste"],"acf":[],"_links":{"self":[{"href":"https:\/\/www.notibras.com\/site\/wp-json\/wp\/v2\/posts\/347033","targetHints":{"allow":["GET"]}}],"collection":[{"href":"https:\/\/www.notibras.com\/site\/wp-json\/wp\/v2\/posts"}],"about":[{"href":"https:\/\/www.notibras.com\/site\/wp-json\/wp\/v2\/types\/post"}],"author":[{"embeddable":true,"href":"https:\/\/www.notibras.com\/site\/wp-json\/wp\/v2\/users\/2"}],"replies":[{"embeddable":true,"href":"https:\/\/www.notibras.com\/site\/wp-json\/wp\/v2\/comments?post=347033"}],"version-history":[{"count":1,"href":"https:\/\/www.notibras.com\/site\/wp-json\/wp\/v2\/posts\/347033\/revisions"}],"predecessor-version":[{"id":347035,"href":"https:\/\/www.notibras.com\/site\/wp-json\/wp\/v2\/posts\/347033\/revisions\/347035"}],"wp:featuredmedia":[{"embeddable":true,"href":"https:\/\/www.notibras.com\/site\/wp-json\/wp\/v2\/media\/347034"}],"wp:attachment":[{"href":"https:\/\/www.notibras.com\/site\/wp-json\/wp\/v2\/media?parent=347033"}],"wp:term":[{"taxonomy":"category","embeddable":true,"href":"https:\/\/www.notibras.com\/site\/wp-json\/wp\/v2\/categories?post=347033"},{"taxonomy":"post_tag","embeddable":true,"href":"https:\/\/www.notibras.com\/site\/wp-json\/wp\/v2\/tags?post=347033"}],"curies":[{"name":"wp","href":"https:\/\/api.w.org\/{rel}","templated":true}]}}