{"id":347061,"date":"2025-02-04T00:02:52","date_gmt":"2025-02-04T03:02:52","guid":{"rendered":"https:\/\/www.notibras.com\/site\/?p=347061"},"modified":"2025-02-04T08:04:32","modified_gmt":"2025-02-04T11:04:32","slug":"saude-vai-utilizar-drones-para-identificar-e-combater-focos-do-aedes-aegypti","status":"publish","type":"post","link":"https:\/\/www.notibras.com\/site\/saude-vai-utilizar-drones-para-identificar-e-combater-focos-do-aedes-aegypti\/","title":{"rendered":"Sa\u00fade vai utilizar drones para identificar e combater focos do Aedes aegypti"},"content":{"rendered":"<p>A Secretaria de Sa\u00fade vai adotar mais uma estrat\u00e9gia na luta contra a dengue. A pasta vai contratar servi\u00e7os com ve\u00edculos a\u00e9reos n\u00e3o tripulados (VANTs), popularmente conhecidos como drones, para identificar e combater focos de reprodu\u00e7\u00e3o do mosquito Aedes aegypti, transmissor da doen\u00e7a. O investimento ser\u00e1 de R$ 2,4 milh\u00f5es.<\/p>\n<p>\u201cAl\u00e9m do esfor\u00e7o di\u00e1rio dos servidores, temos combatido o Aedes aegypti com intelig\u00eancia de dados e tecnologia. A contrata\u00e7\u00e3o do servi\u00e7o de drones \u00e9 mais uma estrat\u00e9gia, juntamente com as visitas domiciliares, as ovitrampas, a borrifa\u00e7\u00e3o intradomiciliar e as esta\u00e7\u00f5es disseminadoras de larvicida. Por\u00e9m, o engajamento da popula\u00e7\u00e3o continua a ser a principal estrat\u00e9gia e contamos com esse apoio\u201d, afirma a secret\u00e1ria de Sa\u00fade, Lucilene Flor\u00eancio.<\/p>\n<p>O preg\u00e3o eletr\u00f4nico da pasta ir\u00e1 receber propostas at\u00e9 o pr\u00f3ximo dia 17 de fevereiro, em ampla concorr\u00eancia. Ser\u00e3o contratados o servi\u00e7o de mapeamento e identifica\u00e7\u00e3o de focos de reprodu\u00e7\u00e3o do mosquito Aedes aegypti em 18.420 hectares e 10.808 a\u00e7\u00f5es de tratamento de pontos de interesse. As empresas devem fornecer todos os equipamentos, ferramentas e profissionais, por\u00e9m, t\u00e9cnicos da Diretoria de Vigil\u00e2ncia Ambiental (Dival) da SES-DF devem receber capacita\u00e7\u00e3o para utilizarem de forma eficaz os dados coletados.<\/p>\n<p>De acordo com o subsecret\u00e1rio de Vigil\u00e2ncia \u00e0 Sa\u00fade, Fabiano dos Anjos, os drones v\u00e3o otimizar o trabalho dos agentes. \u201c\u00c9 uma vis\u00e3o de longo alcance. O rastreamento ser\u00e1 realizado de forma a\u00e9rea, ent\u00e3o \u00e9 poss\u00edvel identificar potenciais criadouros do mosquito que n\u00e3o est\u00e3o no n\u00edvel do solo e tamb\u00e9m aqueles que est\u00e3o a n\u00edvel do solo\u201d, explica. J\u00e1 a atividade de combate ao foco do Aedes aegypti, com produtos indicados, ser\u00e1 feita nos locais de dif\u00edcil acesso.<\/p>\n","protected":false},"excerpt":{"rendered":"<p>A Secretaria de Sa\u00fade vai adotar mais uma estrat\u00e9gia na luta contra a dengue. A pasta vai contratar servi\u00e7os com ve\u00edculos a\u00e9reos n\u00e3o tripulados (VANTs), popularmente conhecidos como drones, para identificar e combater focos de reprodu\u00e7\u00e3o do mosquito Aedes aegypti, transmissor da doen\u00e7a. O investimento ser\u00e1 de R$ 2,4 milh\u00f5es. \u201cAl\u00e9m do esfor\u00e7o di\u00e1rio dos [&hellip;]<\/p>\n","protected":false},"author":2,"featured_media":347062,"comment_status":"closed","ping_status":"closed","sticky":false,"template":"","format":"standard","meta":{"_acf_changed":false,"footnotes":""},"categories":[161],"tags":[],"class_list":["post-347061","post","type-post","status-publish","format-standard","has-post-thumbnail","hentry","category-quadradinho-em-foco"],"acf":[],"_links":{"self":[{"href":"https:\/\/www.notibras.com\/site\/wp-json\/wp\/v2\/posts\/347061","targetHints":{"allow":["GET"]}}],"collection":[{"href":"https:\/\/www.notibras.com\/site\/wp-json\/wp\/v2\/posts"}],"about":[{"href":"https:\/\/www.notibras.com\/site\/wp-json\/wp\/v2\/types\/post"}],"author":[{"embeddable":true,"href":"https:\/\/www.notibras.com\/site\/wp-json\/wp\/v2\/users\/2"}],"replies":[{"embeddable":true,"href":"https:\/\/www.notibras.com\/site\/wp-json\/wp\/v2\/comments?post=347061"}],"version-history":[{"count":1,"href":"https:\/\/www.notibras.com\/site\/wp-json\/wp\/v2\/posts\/347061\/revisions"}],"predecessor-version":[{"id":347063,"href":"https:\/\/www.notibras.com\/site\/wp-json\/wp\/v2\/posts\/347061\/revisions\/347063"}],"wp:featuredmedia":[{"embeddable":true,"href":"https:\/\/www.notibras.com\/site\/wp-json\/wp\/v2\/media\/347062"}],"wp:attachment":[{"href":"https:\/\/www.notibras.com\/site\/wp-json\/wp\/v2\/media?parent=347061"}],"wp:term":[{"taxonomy":"category","embeddable":true,"href":"https:\/\/www.notibras.com\/site\/wp-json\/wp\/v2\/categories?post=347061"},{"taxonomy":"post_tag","embeddable":true,"href":"https:\/\/www.notibras.com\/site\/wp-json\/wp\/v2\/tags?post=347061"}],"curies":[{"name":"wp","href":"https:\/\/api.w.org\/{rel}","templated":true}]}}