{"id":347067,"date":"2025-02-04T08:21:04","date_gmt":"2025-02-04T11:21:04","guid":{"rendered":"https:\/\/www.notibras.com\/site\/?p=347067"},"modified":"2025-02-04T08:21:04","modified_gmt":"2025-02-04T11:21:04","slug":"dinda-do-guara-ii-era-da-zoeira-com-os-netos","status":"publish","type":"post","link":"https:\/\/www.notibras.com\/site\/dinda-do-guara-ii-era-da-zoeira-com-os-netos\/","title":{"rendered":"Dinda, do Guar\u00e1 II, era da zoeira com os netos"},"content":{"rendered":"<p>Jocasta, apesar de j\u00e1 beirar as 80 velinhas, era muito atenta \u00e0s novidades da l\u00edngua portuguesa. Por isso, n\u00e3o perdia tempo de prestar aten\u00e7\u00e3o nas conversas dos netos, que, vez ou outra, iam visit\u00e1-la, l\u00e1 no Guar\u00e1 II. Garotada esperta e conhecedora da boa comida preparada pela av\u00f3, que era carinhosamente chamada de Dinda.<\/p>\n<p>Reuni\u00e3o de fam\u00edlia, ent\u00e3o, era uma festa. Enquanto os adultos conversavam assuntos dos crescidos, Dinda aproveitava a oportunidade para se misturar aos mi\u00fados.<\/p>\n<p>\u2014 Dinda, a senhora \u00e9 mesmo da zoeira.<\/p>\n<p>\u2014 E n\u00e3o era pra ser, Jorginho?<\/p>\n<p>\u2014 Tem mais que ser mesmo, Dinda. A senhora \u00e9 firmeza.<\/p>\n<p>Nisso, L\u00facia, filha da Dinda e m\u00e3e do Jorginho, passou pelo grupo e tentou se enturmar.<\/p>\n<p>\u2014 M\u00e3e, a senhora n\u00e3o vai ficar com a gente?<\/p>\n<p>\u2014 Mais tarde, L\u00facia. Prefiro ficar aqui com a minha galera.<\/p>\n<p>\u2014 M\u00e3e, mas n\u00f3s tamb\u00e9m somos sua galera.<\/p>\n<p>\u2014 Ih, L\u00facia, adulto \u00e9 cheio de treta.<\/p>\n<p>\u2014 M\u00e3e!<\/p>\n<p>\u2014 Ah, L\u00facia, depois vou l\u00e1 ficar um pouquinho com aquele povo abestado.<\/p>\n<p>\u2014 Mam\u00e3e, vai l\u00e1 e deixa a Dinda aqui com a gente.<\/p>\n<p>\u2014 T\u00e1 bom, Jorginho!<\/p>\n<p>Assim que L\u00facia deu as costas, Alice, a neta mais nova, mostrou uma fotografia da gatinha adotada por ela e pelos pais.<\/p>\n<p>\u2014 Olha, Dinha, esta \u00e9 a Fifi.<\/p>\n<p>\u2014 Iti malia!<\/p>\n<p>\u2014 \u00c9 muito linda, n\u00e9, Dinda?!<\/p>\n<p>\u2014 Alice, a Fifi \u00e9 a coisa mais fofa! T\u00f4 rosa-chiclete!<\/p>\n<p>&#8230;&#8230;&#8230;&#8230;&#8230;&#8230;&#8230;&#8230;&#8230;<\/p>\n<p><strong>Eduardo Mart\u00ednez \u00e9 autor do livro 157 Contos e Cr\u00f4nicas por um Autor Muito Velho\u2019<\/strong><\/p>\n<p>Compre aqui\u00a0<span class=\"x19la9d6 x1fc57z9 x6ikm8r x10wlt62 x19co3pv x1g5zs5t xfibh0p xiy17q3 x1xsqp64 x1lkfr7t xexx8yu x4uap5 x18d9i69 xkhd6sd\"><span class=\"xrtxmta x1bhl96m\"><img decoding=\"async\" class=\"emoji\" role=\"img\" draggable=\"false\" src=\"https:\/\/s.w.org\/images\/core\/emoji\/15.0.3\/svg\/1f447-1f3ff.svg\" alt=\"&#x1f447;&#x1f3ff;\" \/><\/span><\/span><\/p>\n<p><a href=\"https:\/\/www.joanineditora.com.br\/57-contos-e-cronicas-por-um-autor-muito-velho\">https:\/\/www.joanineditora.com.br\/57-contos-e-cronicas-por-um-autor-muito-velho<\/a><\/p>\n","protected":false},"excerpt":{"rendered":"<p>Jocasta, apesar de j\u00e1 beirar as 80 velinhas, era muito atenta \u00e0s novidades da l\u00edngua portuguesa. Por isso, n\u00e3o perdia tempo de prestar aten\u00e7\u00e3o nas conversas dos netos, que, vez ou outra, iam visit\u00e1-la, l\u00e1 no Guar\u00e1 II. Garotada esperta e conhecedora da boa comida preparada pela av\u00f3, que era carinhosamente chamada de Dinda. Reuni\u00e3o [&hellip;]<\/p>\n","protected":false},"author":2,"featured_media":347068,"comment_status":"closed","ping_status":"closed","sticky":false,"template":"","format":"standard","meta":{"_acf_changed":false,"footnotes":""},"categories":[161],"tags":[],"class_list":["post-347067","post","type-post","status-publish","format-standard","has-post-thumbnail","hentry","category-quadradinho-em-foco"],"acf":[],"_links":{"self":[{"href":"https:\/\/www.notibras.com\/site\/wp-json\/wp\/v2\/posts\/347067","targetHints":{"allow":["GET"]}}],"collection":[{"href":"https:\/\/www.notibras.com\/site\/wp-json\/wp\/v2\/posts"}],"about":[{"href":"https:\/\/www.notibras.com\/site\/wp-json\/wp\/v2\/types\/post"}],"author":[{"embeddable":true,"href":"https:\/\/www.notibras.com\/site\/wp-json\/wp\/v2\/users\/2"}],"replies":[{"embeddable":true,"href":"https:\/\/www.notibras.com\/site\/wp-json\/wp\/v2\/comments?post=347067"}],"version-history":[{"count":1,"href":"https:\/\/www.notibras.com\/site\/wp-json\/wp\/v2\/posts\/347067\/revisions"}],"predecessor-version":[{"id":347069,"href":"https:\/\/www.notibras.com\/site\/wp-json\/wp\/v2\/posts\/347067\/revisions\/347069"}],"wp:featuredmedia":[{"embeddable":true,"href":"https:\/\/www.notibras.com\/site\/wp-json\/wp\/v2\/media\/347068"}],"wp:attachment":[{"href":"https:\/\/www.notibras.com\/site\/wp-json\/wp\/v2\/media?parent=347067"}],"wp:term":[{"taxonomy":"category","embeddable":true,"href":"https:\/\/www.notibras.com\/site\/wp-json\/wp\/v2\/categories?post=347067"},{"taxonomy":"post_tag","embeddable":true,"href":"https:\/\/www.notibras.com\/site\/wp-json\/wp\/v2\/tags?post=347067"}],"curies":[{"name":"wp","href":"https:\/\/api.w.org\/{rel}","templated":true}]}}