{"id":347138,"date":"2025-02-05T07:12:06","date_gmt":"2025-02-05T10:12:06","guid":{"rendered":"https:\/\/www.notibras.com\/site\/?p=347138"},"modified":"2025-02-05T07:12:06","modified_gmt":"2025-02-05T10:12:06","slug":"chuvas-intensas-deixam-recife-debaixo-dagua-e-defesa-civil-trabalha-duro","status":"publish","type":"post","link":"https:\/\/www.notibras.com\/site\/chuvas-intensas-deixam-recife-debaixo-dagua-e-defesa-civil-trabalha-duro\/","title":{"rendered":"Chuvas intensas deixam Recife debaixo d&#8217;\u00e1gua e Defesa Civil trabalha duro"},"content":{"rendered":"<p>Nas \u00faltimas 24 horas, Recife enfrentou chuvas torrenciais que resultaram em alagamentos generalizados e deslizamentos de barreiras em \u00e1reas de morros, aumentando significativamente os trabalhos de equipes da Defesa Civil. A capital pernambucana e as vizinhas Paulista e Cabo, nos extremos da regi\u00e3o metropolitana, declararam estado de alerta devido \u00e0s condi\u00e7\u00f5es clim\u00e1ticas adversas.<\/p>\n<p>A previs\u00e3o dos servi\u00e7os meteorol\u00f3gicos indica que as chuvas fortes devem persistir at\u00e9 esta quarta-feira (5). A popula\u00e7\u00e3o deve seguir as orienta\u00e7\u00f5es das autoridades e evitar \u00e1reas de risco.<\/p>\n<p>A cidade do Recife possui uma topografia diversificada, com 67,4% de \u00e1reas de morros, onde cerca de 35% das fam\u00edlias residem. Isso representa aproximadamente 206,7 mil pessoas vivendo em \u00e1reas sob risco de inunda\u00e7\u00f5es e deslizamentos.<\/p>\n<p>Eventos anteriores destacam a vulnerabilidade da regi\u00e3o. Recentemente, chuvas intensas resultaram em 133 mortes no Grande Recife, principalmente devido a deslizamentos de terra.<\/p>\n<p>Estudos indicam que fatores como ocupa\u00e7\u00e3o desordenada, impermeabiliza\u00e7\u00e3o do solo e mudan\u00e7as clim\u00e1ticas contribuem para a recorr\u00eancia desses desastres.<\/p>\n<p>A Defesa Civil tem intensificado a\u00e7\u00f5es preventivas, incluindo vistorias em \u00e1reas de risco, instala\u00e7\u00e3o de lonas pl\u00e1sticas e alertas \u00e0 popula\u00e7\u00e3o. Moradores de \u00e1reas vulner\u00e1veis s\u00e3o orientados a permanecer atentos e acionar o \u00f3rg\u00e3o em caso de emerg\u00eancias. No Recife, o atendimento est\u00e1 dispon\u00edvel 24 horas pelo telefone 0800-081-3400.<\/p>\n","protected":false},"excerpt":{"rendered":"<p>Nas \u00faltimas 24 horas, Recife enfrentou chuvas torrenciais que resultaram em alagamentos generalizados e deslizamentos de barreiras em \u00e1reas de morros, aumentando significativamente os trabalhos de equipes da Defesa Civil. A capital pernambucana e as vizinhas Paulista e Cabo, nos extremos da regi\u00e3o metropolitana, declararam estado de alerta devido \u00e0s condi\u00e7\u00f5es clim\u00e1ticas adversas. A previs\u00e3o [&hellip;]<\/p>\n","protected":false},"author":2,"featured_media":347139,"comment_status":"closed","ping_status":"closed","sticky":false,"template":"","format":"standard","meta":{"_acf_changed":false,"footnotes":""},"categories":[165],"tags":[],"class_list":["post-347138","post","type-post","status-publish","format-standard","has-post-thumbnail","hentry","category-nordeste"],"acf":[],"_links":{"self":[{"href":"https:\/\/www.notibras.com\/site\/wp-json\/wp\/v2\/posts\/347138","targetHints":{"allow":["GET"]}}],"collection":[{"href":"https:\/\/www.notibras.com\/site\/wp-json\/wp\/v2\/posts"}],"about":[{"href":"https:\/\/www.notibras.com\/site\/wp-json\/wp\/v2\/types\/post"}],"author":[{"embeddable":true,"href":"https:\/\/www.notibras.com\/site\/wp-json\/wp\/v2\/users\/2"}],"replies":[{"embeddable":true,"href":"https:\/\/www.notibras.com\/site\/wp-json\/wp\/v2\/comments?post=347138"}],"version-history":[{"count":1,"href":"https:\/\/www.notibras.com\/site\/wp-json\/wp\/v2\/posts\/347138\/revisions"}],"predecessor-version":[{"id":347140,"href":"https:\/\/www.notibras.com\/site\/wp-json\/wp\/v2\/posts\/347138\/revisions\/347140"}],"wp:featuredmedia":[{"embeddable":true,"href":"https:\/\/www.notibras.com\/site\/wp-json\/wp\/v2\/media\/347139"}],"wp:attachment":[{"href":"https:\/\/www.notibras.com\/site\/wp-json\/wp\/v2\/media?parent=347138"}],"wp:term":[{"taxonomy":"category","embeddable":true,"href":"https:\/\/www.notibras.com\/site\/wp-json\/wp\/v2\/categories?post=347138"},{"taxonomy":"post_tag","embeddable":true,"href":"https:\/\/www.notibras.com\/site\/wp-json\/wp\/v2\/tags?post=347138"}],"curies":[{"name":"wp","href":"https:\/\/api.w.org\/{rel}","templated":true}]}}