{"id":347141,"date":"2025-02-05T00:17:49","date_gmt":"2025-02-05T03:17:49","guid":{"rendered":"https:\/\/www.notibras.com\/site\/?p=347141"},"modified":"2025-02-05T07:22:37","modified_gmt":"2025-02-05T10:22:37","slug":"homem-mata-mulher-trans-que-revelou-a-amigos-transa-entre-os-dois","status":"publish","type":"post","link":"https:\/\/www.notibras.com\/site\/homem-mata-mulher-trans-que-revelou-a-amigos-transa-entre-os-dois\/","title":{"rendered":"Homem mata mulher trans que revelou a amigos transa entre os dois"},"content":{"rendered":"<p>Uma mulher trans de 22 anos foi brutalmente assassinada a facadas enquanto dormia em um centro de acolhimento para dependentes qu\u00edmicos no Cabo de Santo Agostinho, regi\u00e3o metropolitana do Recife. O suspeito, de 32 anos, tamb\u00e9m era benefici\u00e1rio do Programa Atitude, iniciativa do governo estadual voltada para o acolhimento de dependentes qu\u00edmicos.<\/p>\n<p>De acordo com a Pol\u00edcia Civil, o crime ocorreu no dia 25 de dezembro de 2024, ap\u00f3s a v\u00edtima relatar a outros participantes do programa que havia tido rela\u00e7\u00f5es sexuais com o suspeito, o que o motivou a cometer o homic\u00eddio.<\/p>\n<p>Ap\u00f3s o crime, o suspeito fugiu e permaneceu foragido por mais de um m\u00eas. Ele foi localizado e preso preventivamente no dia 31 de janeiro, quando procurava outro centro de acolhimento no Recife. A identifica\u00e7\u00e3o e captura foram poss\u00edveis gra\u00e7as \u00e0s informa\u00e7\u00f5es cadastrais do programa e ao monitoramento de centros de acolhimento na regi\u00e3o.<\/p>\n<p>Este caso destaca a vulnerabilidade da popula\u00e7\u00e3o trans e a necessidade de pol\u00edticas p\u00fablicas eficazes para proteger esses indiv\u00edduos. A investiga\u00e7\u00e3o est\u00e1 em andamento, e a sociedade aguarda por justi\u00e7a diante deste ato de viol\u00eancia motivado por preconceito.<\/p>\n","protected":false},"excerpt":{"rendered":"<p>Uma mulher trans de 22 anos foi brutalmente assassinada a facadas enquanto dormia em um centro de acolhimento para dependentes qu\u00edmicos no Cabo de Santo Agostinho, regi\u00e3o metropolitana do Recife. O suspeito, de 32 anos, tamb\u00e9m era benefici\u00e1rio do Programa Atitude, iniciativa do governo estadual voltada para o acolhimento de dependentes qu\u00edmicos. De acordo com [&hellip;]<\/p>\n","protected":false},"author":2,"featured_media":165984,"comment_status":"closed","ping_status":"closed","sticky":false,"template":"","format":"standard","meta":{"_acf_changed":false,"footnotes":""},"categories":[165],"tags":[],"class_list":["post-347141","post","type-post","status-publish","format-standard","has-post-thumbnail","hentry","category-nordeste"],"acf":[],"_links":{"self":[{"href":"https:\/\/www.notibras.com\/site\/wp-json\/wp\/v2\/posts\/347141","targetHints":{"allow":["GET"]}}],"collection":[{"href":"https:\/\/www.notibras.com\/site\/wp-json\/wp\/v2\/posts"}],"about":[{"href":"https:\/\/www.notibras.com\/site\/wp-json\/wp\/v2\/types\/post"}],"author":[{"embeddable":true,"href":"https:\/\/www.notibras.com\/site\/wp-json\/wp\/v2\/users\/2"}],"replies":[{"embeddable":true,"href":"https:\/\/www.notibras.com\/site\/wp-json\/wp\/v2\/comments?post=347141"}],"version-history":[{"count":1,"href":"https:\/\/www.notibras.com\/site\/wp-json\/wp\/v2\/posts\/347141\/revisions"}],"predecessor-version":[{"id":347142,"href":"https:\/\/www.notibras.com\/site\/wp-json\/wp\/v2\/posts\/347141\/revisions\/347142"}],"wp:featuredmedia":[{"embeddable":true,"href":"https:\/\/www.notibras.com\/site\/wp-json\/wp\/v2\/media\/165984"}],"wp:attachment":[{"href":"https:\/\/www.notibras.com\/site\/wp-json\/wp\/v2\/media?parent=347141"}],"wp:term":[{"taxonomy":"category","embeddable":true,"href":"https:\/\/www.notibras.com\/site\/wp-json\/wp\/v2\/categories?post=347141"},{"taxonomy":"post_tag","embeddable":true,"href":"https:\/\/www.notibras.com\/site\/wp-json\/wp\/v2\/tags?post=347141"}],"curies":[{"name":"wp","href":"https:\/\/api.w.org\/{rel}","templated":true}]}}