{"id":347158,"date":"2025-02-05T00:03:18","date_gmt":"2025-02-05T03:03:18","guid":{"rendered":"https:\/\/www.notibras.com\/site\/?p=347158"},"modified":"2025-02-05T08:21:45","modified_gmt":"2025-02-05T11:21:45","slug":"abertas-inscricoes-de-estudantes-da-rede-publica-para-o-parque-educador","status":"publish","type":"post","link":"https:\/\/www.notibras.com\/site\/abertas-inscricoes-de-estudantes-da-rede-publica-para-o-parque-educador\/","title":{"rendered":"Abertas inscri\u00e7\u00f5es de estudantes da rede p\u00fablica para o Parque Educador"},"content":{"rendered":"<p>O programa Parque Educador est\u00e1 com inscri\u00e7\u00f5es abertas para o primeiro semestre deste ano, at\u00e9 o dia 25 deste m\u00eas. Ser\u00e3o oferecidas 72 vagas para institui\u00e7\u00f5es de ensino da rede p\u00fablica do DF. O programa \u00e9 desenvolvido pelo Instituto Bras\u00edlia Ambiental, por meio da Unidade de Educa\u00e7\u00e3o Ambiental (Educ), em parceria com as secretarias de Meio Ambiente e de Educa\u00e7\u00e3o.<\/p>\n<p>O Parque Educador tem como foco principal o receptivo de estudantes de escolas p\u00fablicas do DF para a realiza\u00e7\u00e3o de atividades de educa\u00e7\u00e3o integral, ambiental e patrimonial nas unidades de conserva\u00e7\u00e3o geridas pelo Bras\u00edlia Ambiental. Professores capacitados conduzem aulas ao longo do semestre, promovendo sensibiliza\u00e7\u00e3o ambiental com atividades como trilhas guiadas, oficinas, pr\u00e1ticas integrativas de sa\u00fade, palestras e viv\u00eancias na natureza.<\/p>\n<p>Segundo o presidente do Bras\u00edlia Ambiental, R\u00f4ney Nemer, o foco do programa \u00e9 a forma\u00e7\u00e3o integral dos estudantes, ampliando os conte\u00fados estudados em sala de aula de forma interdisciplinar.<\/p>\n<p>\u201cO programa Parque Educador \u00e9 uma iniciativa que reflete diretamente a miss\u00e3o do Bras\u00edlia Ambiental: garantir a prote\u00e7\u00e3o do meio ambiente e o uso sustent\u00e1vel dos recursos naturais. Ao receber estudantes das escolas p\u00fablicas em nossas unidades de conserva\u00e7\u00e3o, proporcionamos n\u00e3o apenas conhecimento, mas tamb\u00e9m experi\u00eancias que despertam o senso de responsabilidade ambiental desde cedo\u201d, declara R\u00f4ney.<\/p>\n<p>As a\u00e7\u00f5es s\u00e3o desenvolvidas por professores capacitados e disponibilizados pela SEEDF. As atividades ser\u00e3o realizadas nos parques ecol\u00f3gicos de \u00c1guas Claras, Riacho Fundo II, Tr\u00eas Meninas (Samambaia), Saburo Onoyama (Taguatinga), Sucupira (Planaltina), Esta\u00e7\u00e3o Ecol\u00f3gica de \u00c1guas Emendadas (Esecae), tamb\u00e9m em Planaltina, e Monumento Natural Dom Bosco (Lago Sul).<\/p>\n","protected":false},"excerpt":{"rendered":"<p>O programa Parque Educador est\u00e1 com inscri\u00e7\u00f5es abertas para o primeiro semestre deste ano, at\u00e9 o dia 25 deste m\u00eas. Ser\u00e3o oferecidas 72 vagas para institui\u00e7\u00f5es de ensino da rede p\u00fablica do DF. O programa \u00e9 desenvolvido pelo Instituto Bras\u00edlia Ambiental, por meio da Unidade de Educa\u00e7\u00e3o Ambiental (Educ), em parceria com as secretarias de [&hellip;]<\/p>\n","protected":false},"author":2,"featured_media":347159,"comment_status":"closed","ping_status":"closed","sticky":false,"template":"","format":"standard","meta":{"_acf_changed":false,"footnotes":""},"categories":[161],"tags":[],"class_list":["post-347158","post","type-post","status-publish","format-standard","has-post-thumbnail","hentry","category-quadradinho-em-foco"],"acf":[],"_links":{"self":[{"href":"https:\/\/www.notibras.com\/site\/wp-json\/wp\/v2\/posts\/347158","targetHints":{"allow":["GET"]}}],"collection":[{"href":"https:\/\/www.notibras.com\/site\/wp-json\/wp\/v2\/posts"}],"about":[{"href":"https:\/\/www.notibras.com\/site\/wp-json\/wp\/v2\/types\/post"}],"author":[{"embeddable":true,"href":"https:\/\/www.notibras.com\/site\/wp-json\/wp\/v2\/users\/2"}],"replies":[{"embeddable":true,"href":"https:\/\/www.notibras.com\/site\/wp-json\/wp\/v2\/comments?post=347158"}],"version-history":[{"count":1,"href":"https:\/\/www.notibras.com\/site\/wp-json\/wp\/v2\/posts\/347158\/revisions"}],"predecessor-version":[{"id":347160,"href":"https:\/\/www.notibras.com\/site\/wp-json\/wp\/v2\/posts\/347158\/revisions\/347160"}],"wp:featuredmedia":[{"embeddable":true,"href":"https:\/\/www.notibras.com\/site\/wp-json\/wp\/v2\/media\/347159"}],"wp:attachment":[{"href":"https:\/\/www.notibras.com\/site\/wp-json\/wp\/v2\/media?parent=347158"}],"wp:term":[{"taxonomy":"category","embeddable":true,"href":"https:\/\/www.notibras.com\/site\/wp-json\/wp\/v2\/categories?post=347158"},{"taxonomy":"post_tag","embeddable":true,"href":"https:\/\/www.notibras.com\/site\/wp-json\/wp\/v2\/tags?post=347158"}],"curies":[{"name":"wp","href":"https:\/\/api.w.org\/{rel}","templated":true}]}}