{"id":347161,"date":"2025-02-05T08:31:02","date_gmt":"2025-02-05T11:31:02","guid":{"rendered":"https:\/\/www.notibras.com\/site\/?p=347161"},"modified":"2025-02-05T08:32:46","modified_gmt":"2025-02-05T11:32:46","slug":"varinha-de-condao-e-caldeirao-com-escorpiao-vencem-causa-quase-perdida","status":"publish","type":"post","link":"https:\/\/www.notibras.com\/site\/varinha-de-condao-e-caldeirao-com-escorpiao-vencem-causa-quase-perdida\/","title":{"rendered":"Varinha de cond\u00e3o e caldeir\u00e3o com escorpi\u00e3o vencem causa quase perdida"},"content":{"rendered":"<p>Meu nome \u00e9 Am\u00e1lia Campos, 28 anos, advogada e bruxa. Advogada? Sim, isso mesmo. Sei que pode parecer estranho, mas \u00e9 a minha profiss\u00e3o h\u00e1 quase seis anos. Um campo, n\u00e3o raro, minado de intrigas e subvers\u00f5es da lei, independentemente de interpreta\u00e7\u00f5es.<\/p>\n<p>Aur\u00e9lio, um dos meus mais antigos clientes l\u00e1 no Setor Comercial Sul, desde cedo acreditou na minha capacidade de ganhar a\u00e7\u00f5es praticamente perdidas. \u00c9 verdade que consegui reverter algo praticamente imposs\u00edvel j\u00e1 no primeiro processo, que j\u00e1 se encontrava na terceira inst\u00e2ncia. Criei uma tese esdr\u00faxula, que, n\u00e3o sei como, convenceu os magistrados a darem causa ganha para o meu cliente.<\/p>\n<p>Apesar da sorte de principiante, as pr\u00f3ximas quatro ou cinco a\u00e7\u00f5es judiciais foram perdidas, inclusive uma que eu tinha certeza de que ganharia. No entanto, apesar dos fracassos, parece que Aur\u00e9lio, talvez detentor de fidelidade canina, ainda guarde na mem\u00f3ria o trunfo inicial.<\/p>\n<p>H\u00e1 dois dias, Aur\u00e9lio me telefonou desesperando. O motivo? Est\u00e1vamos com um processo cujo imp\u00e9rio era somente averiguar documenta\u00e7\u00e3o, e a magistrada estava com eles em m\u00e3os para proferir a decis\u00e3o.<\/p>\n<p>\u2014 Dra. Am\u00e1lia, e a\u00ed?<\/p>\n<p>\u2014 E a\u00ed o qu\u00ea, Aur\u00e9lio?<\/p>\n<p>\u2014 O que a ju\u00edza vai decidir.<\/p>\n<p>Tentei explicar ao meu cliente que n\u00e3o tinha como entrar na mente da togada. Pra qu\u00ea? Al\u00e9m de n\u00e3o resolver o problema de ansiedade do sujeito, ainda tive que ficar respondendo \u00e0s mil mensagens que n\u00e3o paravam de chegar.<\/p>\n<p>&#8220;Doutora, e a\u00ed?&#8221;<\/p>\n<p>&#8220;A senhora n\u00e3o conhece algum amigo da ju\u00edza?&#8221;<\/p>\n<p>&#8220;Levando em conta a sua experi\u00eancia, o que vai acontecer?&#8221;<\/p>\n<p>&#8220;E se a senhora telefonasse pra ju\u00edza?&#8221;<\/p>\n<p>Quando l\u00e1 estava eu digitando mais uma resposta, eis que o meu cliente me ligou novamente.<\/p>\n<p>\u2014 Dra. Am\u00e1lia, por favor, n\u00e3o \u00e9 poss\u00edvel que a senhora n\u00e3o saiba o que vai acontecer.<\/p>\n<p>Dei um suspiro profundo e me lembrei de algo que poderia provocar convuls\u00f5es no meu representado. \u00c9 que soube, andando pelos corredores do f\u00f3rum, que a tal ju\u00edza n\u00e3o tem bons bofes, o que tornaria ainda mais problem\u00e1tica qualquer previs\u00e3o favor\u00e1vel. Mas foi a\u00ed que me lembrei do meu outro of\u00edcio, que, na realidade, \u00e9 algo que nasce ou n\u00e3o com a gente.<\/p>\n<p>\u2014 Aur\u00e9lio, como advogada, n\u00e3o sei, mas, como bruxa, digo que venceremos.<\/p>\n<p>Se vencemos? E por acaso algu\u00e9m duvida da capacidade de uma bruxa? Bem, espero que esse n\u00e3o seja o seu caso.<\/p>\n<p>&#8230;&#8230;&#8230;&#8230;&#8230;&#8230;&#8230;&#8230;&#8230;&#8230;&#8230;&#8230;<\/p>\n<p><strong>Eduardo Mart\u00ednez \u00e9 autor do livro 157 Contos e Cr\u00f4nicas por um Autor Muito Velho\u2019<\/strong><\/p>\n<p>Compre aqui\u00a0<span class=\"x19la9d6 x1fc57z9 x6ikm8r x10wlt62 x19co3pv x1g5zs5t xfibh0p xiy17q3 x1xsqp64 x1lkfr7t xexx8yu x4uap5 x18d9i69 xkhd6sd\"><span class=\"xrtxmta x1bhl96m\"><img decoding=\"async\" class=\"emoji\" role=\"img\" draggable=\"false\" src=\"https:\/\/s.w.org\/images\/core\/emoji\/15.0.3\/svg\/1f447-1f3ff.svg\" alt=\"&#x1f447;&#x1f3ff;\" \/><\/span><\/span><\/p>\n<p><a href=\"https:\/\/www.joanineditora.com.br\/57-contos-e-cronicas-por-um-autor-muito-velho\">https:\/\/www.joanineditora.com.br\/57-contos-e-cronicas-por-um-autor-muito-velho<\/a><\/p>\n","protected":false},"excerpt":{"rendered":"<p>Meu nome \u00e9 Am\u00e1lia Campos, 28 anos, advogada e bruxa. Advogada? Sim, isso mesmo. Sei que pode parecer estranho, mas \u00e9 a minha profiss\u00e3o h\u00e1 quase seis anos. Um campo, n\u00e3o raro, minado de intrigas e subvers\u00f5es da lei, independentemente de interpreta\u00e7\u00f5es. Aur\u00e9lio, um dos meus mais antigos clientes l\u00e1 no Setor Comercial Sul, desde [&hellip;]<\/p>\n","protected":false},"author":2,"featured_media":347162,"comment_status":"closed","ping_status":"closed","sticky":false,"template":"","format":"standard","meta":{"_acf_changed":false,"footnotes":""},"categories":[161],"tags":[],"class_list":["post-347161","post","type-post","status-publish","format-standard","has-post-thumbnail","hentry","category-quadradinho-em-foco"],"acf":[],"_links":{"self":[{"href":"https:\/\/www.notibras.com\/site\/wp-json\/wp\/v2\/posts\/347161","targetHints":{"allow":["GET"]}}],"collection":[{"href":"https:\/\/www.notibras.com\/site\/wp-json\/wp\/v2\/posts"}],"about":[{"href":"https:\/\/www.notibras.com\/site\/wp-json\/wp\/v2\/types\/post"}],"author":[{"embeddable":true,"href":"https:\/\/www.notibras.com\/site\/wp-json\/wp\/v2\/users\/2"}],"replies":[{"embeddable":true,"href":"https:\/\/www.notibras.com\/site\/wp-json\/wp\/v2\/comments?post=347161"}],"version-history":[{"count":3,"href":"https:\/\/www.notibras.com\/site\/wp-json\/wp\/v2\/posts\/347161\/revisions"}],"predecessor-version":[{"id":347165,"href":"https:\/\/www.notibras.com\/site\/wp-json\/wp\/v2\/posts\/347161\/revisions\/347165"}],"wp:featuredmedia":[{"embeddable":true,"href":"https:\/\/www.notibras.com\/site\/wp-json\/wp\/v2\/media\/347162"}],"wp:attachment":[{"href":"https:\/\/www.notibras.com\/site\/wp-json\/wp\/v2\/media?parent=347161"}],"wp:term":[{"taxonomy":"category","embeddable":true,"href":"https:\/\/www.notibras.com\/site\/wp-json\/wp\/v2\/categories?post=347161"},{"taxonomy":"post_tag","embeddable":true,"href":"https:\/\/www.notibras.com\/site\/wp-json\/wp\/v2\/tags?post=347161"}],"curies":[{"name":"wp","href":"https:\/\/api.w.org\/{rel}","templated":true}]}}