{"id":347187,"date":"2025-02-05T12:08:49","date_gmt":"2025-02-05T15:08:49","guid":{"rendered":"https:\/\/www.notibras.com\/site\/?p=347187"},"modified":"2025-02-05T13:24:57","modified_gmt":"2025-02-05T16:24:57","slug":"recife-tem-em-um-dia-chuva-do-mes-inteiro-e-prefeitura-para-tudo","status":"publish","type":"post","link":"https:\/\/www.notibras.com\/site\/recife-tem-em-um-dia-chuva-do-mes-inteiro-e-prefeitura-para-tudo\/","title":{"rendered":"Recife tem em um dia chuva do m\u00eas inteiro e prefeitura para tudo"},"content":{"rendered":"<p>A cidade do Recife entrou em alerta m\u00e1ximo devido \u00e0s fortes chuvas que caem na cidade nesta quarta-feira (5). As chuvas deixaram v\u00e1rios pontos alagados, derrubaram \u00e1rvores e causaram deslizamento de barreiras.<\/p>\n<p>O Centro de Opera\u00e7\u00f5es do Recife informou, no final da manh\u00e3, que o munic\u00edpio entrou em estado de alerta m\u00e1ximo.<\/p>\n<p>&#8220;A grande quantidade de ocorr\u00eancias na cidade, em virtude de condi\u00e7\u00f5es meteorol\u00f3gicas extremas, apresenta risco m\u00e1ximo \u00e0 popula\u00e7\u00e3o e exige a instala\u00e7\u00e3o de uma for\u00e7a-tarefa ampla para restabelecer urgentemente a normalidade&#8221;.<\/p>\n<p>De acordo com o centro, nas \u00faltimas 24 horas foram registrados mais de 100 mil\u00edmetros de chuvas em diversas esta\u00e7\u00f5es meteorol\u00f3gicas da capital: Dois irm\u00e3os (118,1 mm), Compesa \u2013 Alto da Esperan\u00e7a (113,6 mm), Barreira (113,6 mm), Lagoa Encantada &#8211; Cohab (109,8 mm), Compaz -Alto Santa Terezinha (104,2 mm) e Campina do Barreto (103,3 mm). Esses \u00edndices pluviom\u00e9tricos costumam ser registrados para o m\u00eas inteiro de fevereiro.<\/p>\n<p>Em raz\u00e3o das chuvas intensas, diversas vias foram interditadas. A prefeitura do Recife divulgou nota recomendando que as pessoas evitem sair de casa. As aulas, atividades de cultura, turismo e lazer, assim como outras atividades e atendimentos n\u00e3o essenciais foram suspensos.<\/p>\n<p>\u201cDevido \u00e0 intensidade das chuvas, as aulas presenciais nas escolas, creches e unidades de ensino da rede municipal foram suspensas nos turnos da tarde e da noite. Recomendamos que as escolas e faculdades particulares, estaduais e federais adotem a mesma medida\u201d, disse a prefeitura em rede social.<\/p>\n","protected":false},"excerpt":{"rendered":"<p>A cidade do Recife entrou em alerta m\u00e1ximo devido \u00e0s fortes chuvas que caem na cidade nesta quarta-feira (5). As chuvas deixaram v\u00e1rios pontos alagados, derrubaram \u00e1rvores e causaram deslizamento de barreiras. O Centro de Opera\u00e7\u00f5es do Recife informou, no final da manh\u00e3, que o munic\u00edpio entrou em estado de alerta m\u00e1ximo. &#8220;A grande quantidade [&hellip;]<\/p>\n","protected":false},"author":2,"featured_media":347188,"comment_status":"closed","ping_status":"closed","sticky":false,"template":"","format":"standard","meta":{"_acf_changed":false,"footnotes":""},"categories":[165],"tags":[95],"class_list":["post-347187","post","type-post","status-publish","format-standard","has-post-thumbnail","hentry","category-nordeste","tag-capa"],"acf":[],"_links":{"self":[{"href":"https:\/\/www.notibras.com\/site\/wp-json\/wp\/v2\/posts\/347187","targetHints":{"allow":["GET"]}}],"collection":[{"href":"https:\/\/www.notibras.com\/site\/wp-json\/wp\/v2\/posts"}],"about":[{"href":"https:\/\/www.notibras.com\/site\/wp-json\/wp\/v2\/types\/post"}],"author":[{"embeddable":true,"href":"https:\/\/www.notibras.com\/site\/wp-json\/wp\/v2\/users\/2"}],"replies":[{"embeddable":true,"href":"https:\/\/www.notibras.com\/site\/wp-json\/wp\/v2\/comments?post=347187"}],"version-history":[{"count":2,"href":"https:\/\/www.notibras.com\/site\/wp-json\/wp\/v2\/posts\/347187\/revisions"}],"predecessor-version":[{"id":347190,"href":"https:\/\/www.notibras.com\/site\/wp-json\/wp\/v2\/posts\/347187\/revisions\/347190"}],"wp:featuredmedia":[{"embeddable":true,"href":"https:\/\/www.notibras.com\/site\/wp-json\/wp\/v2\/media\/347188"}],"wp:attachment":[{"href":"https:\/\/www.notibras.com\/site\/wp-json\/wp\/v2\/media?parent=347187"}],"wp:term":[{"taxonomy":"category","embeddable":true,"href":"https:\/\/www.notibras.com\/site\/wp-json\/wp\/v2\/categories?post=347187"},{"taxonomy":"post_tag","embeddable":true,"href":"https:\/\/www.notibras.com\/site\/wp-json\/wp\/v2\/tags?post=347187"}],"curies":[{"name":"wp","href":"https:\/\/api.w.org\/{rel}","templated":true}]}}