{"id":347199,"date":"2025-02-05T18:29:43","date_gmt":"2025-02-05T21:29:43","guid":{"rendered":"https:\/\/www.notibras.com\/site\/?p=347199"},"modified":"2025-02-05T18:29:43","modified_gmt":"2025-02-05T21:29:43","slug":"kits-escolares-de-po-formam-doutores-geram-empregos-e-renovam-esperancas","status":"publish","type":"post","link":"https:\/\/www.notibras.com\/site\/kits-escolares-de-po-formam-doutores-geram-empregos-e-renovam-esperancas\/","title":{"rendered":"&#8216;Kits escolares de PO formam doutores, geram empregos e renovam esperan\u00e7as&#8217;"},"content":{"rendered":"<p>Cumprindo uma tradi\u00e7\u00e3o de 32 anos, a PaulOOctavio entrega, ao longo desta semana, 3,5 mil kits escolares a colaboradores das suas 13 obras em andamento. Nesta quarta-feira (5), a secret\u00e1ria de Educa\u00e7\u00e3o do DF, H\u00e9lvia Paranagu\u00e1, esteve presente na distribui\u00e7\u00e3o ocorrida no Manhattan Shopping, empreendimento que est\u00e1 sendo erguido em \u00c1guas Claras. Al\u00e9m dela, o administrador regional da cidade, M\u00e1rio Furtado, tamb\u00e9m prestigiou a distribui\u00e7\u00e3o dos materiais escolares.<\/p>\n<p>A secret\u00e1ria destacou a import\u00e2ncia da entrega dos kits \u2013 compostos por cadernos, canetas, l\u00e1pis, borracha, entre outros materiais de largo consumo. \u201cEu nasci no Brasil profundo, no interior do Piau\u00ed, em uma cidade chamada Corrente, e fui criada vendo meus colegas apagando o caderno do ano anterior para usar no ano subsequente, fazendo contas em papel de padaria. Essa entrega de materiais muda a vida das pessoas, pois elas encontraram um empres\u00e1rio que n\u00e3o pensa apenas em ganhar dinheiro, mas tamb\u00e9m em beneficiar os empregados da sua construtora com o que h\u00e1 de mais importante: dar dignidade ao estudante, que entra na escola em p\u00e9 de igualdade com outras as crian\u00e7as que podem pagar pelo material escolar\u201d, enfatizou H\u00e9lvia Paranagu\u00e1.<\/p>\n<p>\u201cO Paulo Oct\u00e1vio, que eu chamo carinhosamente de PO, n\u00e3o \u00e9 s\u00f3 um amigo, ele \u00e9 um grande empres\u00e1rio no DF e um dos maiores do Pa\u00eds e a gente tem muito orgulho ter no DF uma pessoa da qualidade do Paulo Oct\u00e1vio. isso reflete muito na autoestima da crian\u00e7a. Ela chega na escola com um material lindo, pois eu j\u00e1 abri e vi. E fiquei sabendo que voc\u00ea tem um programa de inclus\u00e3o digital. Hoje voc\u00ea n\u00e3o faz nada se n\u00e3o for pela internet. Parab\u00e9ns por este trabalho\u201d, concluiu.<\/p>\n<p>A fala da secret\u00e1ria foi ao encontro do discurso proferido por Amilton Pereira da Silva, encarregado de carpintaria da obra do Manhattan Shopping. H\u00e1 23 anos na empresa, ele sempre levou o conjunto com materiais escolares para o filho Aldair Pereira, hoje engenheiro na PauOOctavio. \u201cPara mim isso n\u00e3o \u00e9 simplesmente um kit. Para mim, tem um valor imenso. Aben\u00e7oou a mim, aben\u00e7oou a minha fam\u00edlia. Em 2001, mudei de Tocantins para c\u00e1. Naquele tempo, a dificuldade de emprego era t\u00e3o grande que os meus tr\u00eas filhos aproveitavam o resto do material do ano passado para o outro ano\u201d, contou.<\/p>\n<p>\u201cAt\u00e9 que Deus abriu as portas para mim na PaulOOctavio. E ali eu fui agraciado com um kit desse. Se o senhor tivesse me dado um carro aquele tempo, n\u00e3o tinha tanta import\u00e2ncia como um kit desse na minha vida. Hoje, um carro j\u00e1 teria perdido seu valor. E eu tenho um filho que foi agraciado por esse kit. Tenho certeza de que todos t\u00eam aqui uma hist\u00f3ria para contar sobre esses materiais. Eu n\u00e3o tenho vergonha de dizer que a dificuldade que eu passei. Deus abriu as portas para mim. E, at\u00e9 hoje, a gente \u00e9 aben\u00e7oado por esse projeto. Se o senhor permite eu dizer, esse projeto n\u00e3o \u00e9 do Senhor. Esse projeto \u00e9 de Deus. Ele usou a sua vida para aben\u00e7oar a vida de todos n\u00f3s que estamos aqui\u201d, afirmou.<\/p>\n<p>Aldair entrou na PaulOOctavio por meio do programa de trainees, na turma aberta em 2022. Passou pela rigorosa sele\u00e7\u00e3o, que teve 1.328 inscritos, sendo um dos sete selecionados \u00e0 \u00e9poca. E nunca esqueceu a import\u00e2ncia dos materiais escolares em sua vida. \u201cEu ganhei estes kits por v\u00e1rios anos, quando estava na escola. Hoje, meu pai recebe para os cinco netos, meus sobrinhos. \u00c9 um material muito rico, que me ajudou bastante. Espero que todos fa\u00e7am bom proveito, pois a empresa valoriza esta a\u00e7\u00e3o. As crian\u00e7as s\u00e3o o futuro deste Pa\u00eds e estes materiais e o estudo ajudam no crescimento delas\u201d, disse o engenheiro.<\/p>\n<p>Presidente do Sindicato dos Trabalhadores nas Ind\u00fastrias da Constru\u00e7\u00e3o e do Mobili\u00e1rio de Bras\u00edlia (Sticombe), Raimundo Salvador da Costa Braz esteve presente \u00e0 entrega dos materiais escolares. Ele come\u00e7ou a trabalhar no setor justamente na empesa. \u201cEu vim de S\u00e3o Raimundo do Nonato, no Piau\u00ed, e entrei na PaulOOctavio como servente de obras. Foi meu primeiro emprego e me orgulha mostrar isso. E empresa me deu a oportunidade de crescer como pessoa e profissionalmente. Eu pude estudar e chegar ao ponto de hoje estar representando cerca de 80 mil trabalhadores em Bras\u00edlia como presidente de uma entidade t\u00e3o importante\u201d, disse.<\/p>\n<p>\u201cEu tinha que arrumar a cadeira para levar no ombro para poder me sentar na sala de aula, porque n\u00e3o t\u00ednhamos nem carteiras. E quero aqui, nos 50 anos da PaulOOctavio, agradecer ao que este empres\u00e1rio fez. Muito obrigado por ter me conduzido, por ter feito chegar aonde cheguei. Isso reflete a garra como voc\u00ea conduz a sua vida, a sua fam\u00edlia e especialmente a sua empresa, a primeira empresa a erradicar o analfabetismo em Bras\u00edlia, na obra n\u00famero 70, o Edif\u00edcio Israel Pinheiro na quadra 104, do Sudoeste. N\u00f3s erradicamos todos os analfabetos da PaulOOctavio naquela \u00e9poca. Eu me orgulho disso e falo isso no Brasil inteiro\u201d, complementou.<\/p>\n<p><img loading=\"lazy\" decoding=\"async\" class=\"wp-image-347201 aligncenter\" src=\"https:\/\/www.notibras.com\/site\/wp-content\/uploads\/2025\/02\/andre.po_-300x200.jpeg\" alt=\"\" width=\"491\" height=\"327\" srcset=\"https:\/\/www.notibras.com\/site\/wp-content\/uploads\/2025\/02\/andre.po_-300x200.jpeg 300w, https:\/\/www.notibras.com\/site\/wp-content\/uploads\/2025\/02\/andre.po_-1024x682.jpeg 1024w, https:\/\/www.notibras.com\/site\/wp-content\/uploads\/2025\/02\/andre.po_-768x512.jpeg 768w, https:\/\/www.notibras.com\/site\/wp-content\/uploads\/2025\/02\/andre.po_-1536x1023.jpeg 1536w, https:\/\/www.notibras.com\/site\/wp-content\/uploads\/2025\/02\/andre.po_.jpeg 1600w\" sizes=\"auto, (max-width: 491px) 100vw, 491px\" \/><\/p>\n<p>Paulo Oct\u00e1vio, em seu discurso, destacou a import\u00e2ncia dos trabalhadores para a constru\u00e7\u00e3o civil em Bras\u00edlia. \u201cSe n\u00e3o fosse voc\u00eas, Bras\u00edlia n\u00e3o existiria. A constru\u00e7\u00e3o civil tem papel important\u00edssimo na nossa hist\u00f3ria\u201d, ressaltou. Al\u00e9m de apresentar p empreendimento \u00e0 secret\u00e1ria H\u00e9lvia Paranagu\u00e1 e ao administrador M\u00e1rio Furtado, ele lembrou o cinquenten\u00e1rio da empresa. \u201cEstamos fazendo 50 anos, professora H\u00e9lvia. E vamos ter v\u00e1rias comemora\u00e7\u00f5es. E eu gostaria de pedir que a senhora entregasse o kit ao campe\u00e3o, desta obra, o Jos\u00e9 Ant\u00f4nio Alves\u201d, afirmou, antes de repassar os nove kits que v\u00e3o beneficiar filhos e netos do colaborador.<\/p>\n<p>Por fim, Andr\u00e9 Kubitschek, bisneto de JK, o fundador de Bras\u00edlia, e diretor de hotelaria da PaulOOctavio, destacou a import\u00e2ncia dos 32 anos deste projeto que beneficia filhos e netos de colaboradores. \u201cFazendo uma analogia com esta obra, eu vejo a educa\u00e7\u00e3o como a funda\u00e7\u00e3o desse pr\u00e9dio. Se a funda\u00e7\u00e3o n\u00e3o \u00e9 bem-feita, o pr\u00e9dio n\u00e3o tem sustenta\u00e7\u00e3o. E a educa\u00e7\u00e3o vai trazer sustenta\u00e7\u00e3o para os filhos e netos de voc\u00eas, para que possam escolher o que fazer futuramente\u201d, acrescentou.<\/p>\n<p>\u201cTenho certeza que, se voc\u00eas os estimularem e incentivarem, eles ter\u00e3o um futuro brilhante, de respeito e com dignidade. A educa\u00e7\u00e3o proporciona tudo isso. Esses kits escolares v\u00e3o motivar filhos e netos a quererem estudar e se aprofundar nas mat\u00e9rias. E, futuramente, eles conduzir\u00e3o a nossa economia. Gostaria tamb\u00e9m de agradecer e parabenizar a todos os engenheiros e arquitetos envolvidos nessa obra, que vai fomentar a economia aqui no DF. Aqui v\u00e3o ser gerados milhares de empregos, em uma obra emblem\u00e1tica para toda a regi\u00e3o\u201d, concluiu.<\/p>\n","protected":false},"excerpt":{"rendered":"<p>Cumprindo uma tradi\u00e7\u00e3o de 32 anos, a PaulOOctavio entrega, ao longo desta semana, 3,5 mil kits escolares a colaboradores das suas 13 obras em andamento. Nesta quarta-feira (5), a secret\u00e1ria de Educa\u00e7\u00e3o do DF, H\u00e9lvia Paranagu\u00e1, esteve presente na distribui\u00e7\u00e3o ocorrida no Manhattan Shopping, empreendimento que est\u00e1 sendo erguido em \u00c1guas Claras. Al\u00e9m dela, o [&hellip;]<\/p>\n","protected":false},"author":2,"featured_media":347200,"comment_status":"closed","ping_status":"closed","sticky":false,"template":"","format":"standard","meta":{"_acf_changed":false,"footnotes":""},"categories":[161],"tags":[],"class_list":["post-347199","post","type-post","status-publish","format-standard","has-post-thumbnail","hentry","category-quadradinho-em-foco"],"acf":[],"_links":{"self":[{"href":"https:\/\/www.notibras.com\/site\/wp-json\/wp\/v2\/posts\/347199","targetHints":{"allow":["GET"]}}],"collection":[{"href":"https:\/\/www.notibras.com\/site\/wp-json\/wp\/v2\/posts"}],"about":[{"href":"https:\/\/www.notibras.com\/site\/wp-json\/wp\/v2\/types\/post"}],"author":[{"embeddable":true,"href":"https:\/\/www.notibras.com\/site\/wp-json\/wp\/v2\/users\/2"}],"replies":[{"embeddable":true,"href":"https:\/\/www.notibras.com\/site\/wp-json\/wp\/v2\/comments?post=347199"}],"version-history":[{"count":1,"href":"https:\/\/www.notibras.com\/site\/wp-json\/wp\/v2\/posts\/347199\/revisions"}],"predecessor-version":[{"id":347202,"href":"https:\/\/www.notibras.com\/site\/wp-json\/wp\/v2\/posts\/347199\/revisions\/347202"}],"wp:featuredmedia":[{"embeddable":true,"href":"https:\/\/www.notibras.com\/site\/wp-json\/wp\/v2\/media\/347200"}],"wp:attachment":[{"href":"https:\/\/www.notibras.com\/site\/wp-json\/wp\/v2\/media?parent=347199"}],"wp:term":[{"taxonomy":"category","embeddable":true,"href":"https:\/\/www.notibras.com\/site\/wp-json\/wp\/v2\/categories?post=347199"},{"taxonomy":"post_tag","embeddable":true,"href":"https:\/\/www.notibras.com\/site\/wp-json\/wp\/v2\/tags?post=347199"}],"curies":[{"name":"wp","href":"https:\/\/api.w.org\/{rel}","templated":true}]}}