{"id":347210,"date":"2025-02-06T05:15:16","date_gmt":"2025-02-06T08:15:16","guid":{"rendered":"https:\/\/www.notibras.com\/site\/?p=347210"},"modified":"2025-02-06T05:16:59","modified_gmt":"2025-02-06T08:16:59","slug":"no-brasil-colonia-dos-eua-kennedy-foi-compadre-de-uma-beata-do-ceara","status":"publish","type":"post","link":"https:\/\/www.notibras.com\/site\/no-brasil-colonia-dos-eua-kennedy-foi-compadre-de-uma-beata-do-ceara\/","title":{"rendered":"No Brasil col\u00f4nia dos EUA, Kennedy foi compadre de uma beata do Cear\u00e1"},"content":{"rendered":"<p>J\u00e1 vai longe o tempo em que tudo que era mais ou menos para os norte-americanos era maravilhoso para os brasileiros. Lembro dos analistas da \u00e9poca dizendo que um espirro dos Estados Unidos significava pneumonia para o Brasil. O Brasil se consolidou como uma democracia, mas o fantasma dos EUA acima de tudo e em cima todos parece estar de volta com Donald Trump. Sorte \u00e9 que, como os fantasmas dos anos 50, 60 e 70, um dia ele vira gelo na Groenl\u00e2ndia ou comida de peixes no Canal do Panam\u00e1. Enquanto isso n\u00e3o ocorre, vale a pena lembrar de um ciclo que as ocorr\u00eancias n\u00e3o conseguiram apagar. Nesse tempo, a maioria do povo brasileiro tinha os \u201cirm\u00e3os\u201d norte-americanos como exemplos para tudo, inclusive e sobretudo para o que era ruim. \u00c9ramos uma col\u00f4nia e sab\u00edamos.<\/p>\n<p>A bajula\u00e7\u00e3o era t\u00e3o exacerbada que, em 1964, durante o per\u00edodo inicial da ditadura, o embaixador do Brasil em Washington, Juracy Magalh\u00e3es, atingiu orgasmos m\u00faltiplos ao cunhar a frase \u201cO que \u00e9 bom para os Estados Unidos \u00e9 bom para o Brasil\u201d. Viv\u00edamos a primeira fase da ca\u00e7a aos inexistentes comunistas. O subserviente bord\u00e3o voltou a ecoar recentemente, por ocasi\u00e3o da etapa final de busca aos comunas que os governos da borduna inventaram para se perpetuarem no poder. J\u00e1 vai longe esse per\u00edodo. \u00c9poca de guerra fria entre EUA e a antiga Uni\u00e3o Sovi\u00e9tica, a esta\u00e7\u00e3o favor\u00e1vel a Tio Sam gerou um clich\u00ea popular para se contrapor ao lugar-comum dos bajuladores de ocasi\u00e3o.<\/p>\n<p>Foi a fase em que qualquer tosse dos Estados Unidos significava pneumonia em \u00faltimo grau para o Brasil e, em est\u00e1gios mais avan\u00e7ados, em coqueluche texana para os brazucas. Presidente dos EUA em 64, Lyndon Baines Johnson foi como um pai para os generais brasileiros do passado, os chamados revolucion\u00e1rios. Johnson havia substitu\u00eddo John Fitzgerald Kennedy, assassinado em novembro de 1963. Mais jovem presidente norte-americano, JFK tinha charme, influ\u00eancia, carisma e \u00f3timo humor. Raparigueiro de boa \u00edndole, sua fama logo correu o mundo, chegando ao interior do Cear\u00e1, mais precisamente a Crate\u00fas, cidade vizinha de Ubajara, ber\u00e7o do imortal jornalista e contador de causos Jos\u00e9 Wilson Ibiapina.<\/p>\n<p>Por l\u00e1 vivia uma jovem e humilde beata. Ela era daquelas f\u00e3s enlouquecidas do ent\u00e3o presidente norte-americano, a quem s\u00f3 viu uma \u00fanica vez na TV da pra\u00e7a principal do munic\u00edpio. De boa mem\u00f3ria e muito atenta, ficou t\u00e3o ensimesmada que, pr\u00f3ximo de dar \u00e0 luz a seu primeiro filho, pediu paz e sa\u00fade a Padre C\u00edcero Rom\u00e3o Batista, prometendo que, se a crian\u00e7a nascesse saud\u00e1vel, Kennedy faria o apadrinhamento. Nascido e prometido, o pimpolho foi levado para o benzimento do bispo Serafim Ambr\u00f3sio, autoridade maior da igreja matriz. Informado sobre o prometimento, dom Serafim ficou perplexo, mas, com o sentimento divino, jurou que iria ajudar. Escreveu uma carta ao ent\u00e3o embaixador dos Estados Unidos no Brasil, Lincoln Gordon, pedindo instru\u00e7\u00f5es.<\/p>\n<p>Duas ou tr\u00eas semanas ap\u00f3s o envio da missiva, o sacerdote recebeu como resposta que, diante do amontoado de afazeres presidenciais, John Kennedy se sentia muito honrado, mas n\u00e3o poderia comparecer para cumprir t\u00e3o sublime oferecimento. Entretanto, pedia ao pr\u00f3prio bispo que, em nome do presidente dos EUA, batizasse o menino. Assim foi feito. Em duas semanas, hino nacional norte-americano a todo volume, beb\u00ea enrolado na bandeira vermelha e branca, estava sacramentado o compadrio de John e Jacqueline Kennedy com o casal cearense. Sem r\u00e1dio ou televis\u00e3o \u00e0 disposi\u00e7\u00e3o, a jovem m\u00e3e s\u00f3 tinha conhecimento dos ocorridos no Brasil e no mundo quando algu\u00e9m a informava nos ouvidos.<\/p>\n<p>Foi assim no dia do assassinato de Keneddy, em 22 de novembro de 1963. Sem saber como dar a not\u00edcia, o bispo batizador adentrou a pobre casa, fez alguns rodeios, mas teve de ser mais direto para chegar a tempo de celebrar a missa das 19h: \u201cMinha querida, estou aqui, a pedido de nosso Pai celestial, para inform\u00e1-la que o presidente John Kennedy acaba de passar dessa para melhor. Foi assassinado com um tiro na cabe\u00e7a na cidade de Dallas, no Texas\u201d. Com os olhos arregalados e marejados, a novata genitora limitou-se a segredar: \u201cMeu Deus! Tadinha da cumadi Jacqueline\u201d. Eis o mist\u00e9rio da idolatria. Ainda bem que, nesse tempo, Melania Trump s\u00f3 existia na mente doentia de Donald.<\/p>\n<p>&#8230;&#8230;&#8230;&#8230;&#8230;&#8230;&#8230;&#8230;..<\/p>\n<p><strong>*Wenceslau Ara\u00fajo \u00e9 Editor-Chefe de Notibras<\/strong><\/p>\n","protected":false},"excerpt":{"rendered":"<p>J\u00e1 vai longe o tempo em que tudo que era mais ou menos para os norte-americanos era maravilhoso para os brasileiros. Lembro dos analistas da \u00e9poca dizendo que um espirro dos Estados Unidos significava pneumonia para o Brasil. O Brasil se consolidou como uma democracia, mas o fantasma dos EUA acima de tudo e em [&hellip;]<\/p>\n","protected":false},"author":2,"featured_media":347211,"comment_status":"closed","ping_status":"closed","sticky":false,"template":"","format":"standard","meta":{"_acf_changed":false,"footnotes":""},"categories":[165],"tags":[],"class_list":["post-347210","post","type-post","status-publish","format-standard","has-post-thumbnail","hentry","category-nordeste"],"acf":[],"yoast_head":"<!-- This site is optimized with the Yoast SEO plugin v27.2 - https:\/\/yoast.com\/product\/yoast-seo-wordpress\/ -->\n<title>No Brasil col\u00f4nia dos EUA, Kennedy foi compadre de uma beata do Cear\u00e1 - Notibras<\/title>\n<meta name=\"robots\" content=\"index, follow, max-snippet:-1, max-image-preview:large, max-video-preview:-1\" \/>\n<link rel=\"canonical\" href=\"https:\/\/www.notibras.com\/site\/no-brasil-colonia-dos-eua-kennedy-foi-compadre-de-uma-beata-do-ceara\/\" \/>\n<meta property=\"og:locale\" content=\"pt_BR\" \/>\n<meta property=\"og:type\" content=\"article\" \/>\n<meta property=\"og:title\" content=\"No Brasil col\u00f4nia dos EUA, Kennedy foi compadre de uma beata do Cear\u00e1 - Notibras\" \/>\n<meta property=\"og:description\" content=\"J\u00e1 vai longe o tempo em que tudo que era mais ou menos para os norte-americanos era maravilhoso para os brasileiros. Lembro dos analistas da \u00e9poca dizendo que um espirro dos Estados Unidos significava pneumonia para o Brasil. O Brasil se consolidou como uma democracia, mas o fantasma dos EUA acima de tudo e em [&hellip;]\" \/>\n<meta property=\"og:url\" content=\"https:\/\/www.notibras.com\/site\/no-brasil-colonia-dos-eua-kennedy-foi-compadre-de-uma-beata-do-ceara\/\" \/>\n<meta property=\"og:site_name\" content=\"Notibras\" \/>\n<meta property=\"article:publisher\" content=\"https:\/\/www.facebook.com\/notibras\/\" \/>\n<meta property=\"article:published_time\" content=\"2025-02-06T08:15:16+00:00\" \/>\n<meta property=\"article:modified_time\" content=\"2025-02-06T08:16:59+00:00\" \/>\n<meta property=\"og:image\" content=\"https:\/\/www.notibras.com\/site\/wp-content\/uploads\/2025\/02\/bebe.jfk_.ce_.webp\" \/>\n\t<meta property=\"og:image:width\" content=\"1024\" \/>\n\t<meta property=\"og:image:height\" content=\"1024\" \/>\n\t<meta property=\"og:image:type\" content=\"image\/webp\" \/>\n<meta name=\"author\" content=\"Reda\u00e7\u00e3o\" \/>\n<meta name=\"twitter:card\" content=\"summary_large_image\" \/>\n<meta name=\"twitter:creator\" content=\"@Notibras\" \/>\n<meta name=\"twitter:site\" content=\"@Notibras\" \/>\n<meta name=\"twitter:label1\" content=\"Escrito por\" \/>\n\t<meta name=\"twitter:data1\" content=\"Reda\u00e7\u00e3o\" \/>\n\t<meta name=\"twitter:label2\" content=\"Est. tempo de leitura\" \/>\n\t<meta name=\"twitter:data2\" content=\"5 minutos\" \/>\n<script type=\"application\/ld+json\" class=\"yoast-schema-graph\">{\"@context\":\"https:\/\/schema.org\",\"@graph\":[{\"@type\":\"Article\",\"@id\":\"https:\/\/www.notibras.com\/site\/no-brasil-colonia-dos-eua-kennedy-foi-compadre-de-uma-beata-do-ceara\/#article\",\"isPartOf\":{\"@id\":\"https:\/\/www.notibras.com\/site\/no-brasil-colonia-dos-eua-kennedy-foi-compadre-de-uma-beata-do-ceara\/\"},\"author\":{\"name\":\"Reda\u00e7\u00e3o\",\"@id\":\"https:\/\/www.notibras.com\/site\/#\/schema\/person\/36ab0979449956132d3e5b517ea76ac8\"},\"headline\":\"No Brasil col\u00f4nia dos EUA, Kennedy foi compadre de uma beata do Cear\u00e1\",\"datePublished\":\"2025-02-06T08:15:16+00:00\",\"dateModified\":\"2025-02-06T08:16:59+00:00\",\"mainEntityOfPage\":{\"@id\":\"https:\/\/www.notibras.com\/site\/no-brasil-colonia-dos-eua-kennedy-foi-compadre-de-uma-beata-do-ceara\/\"},\"wordCount\":769,\"publisher\":{\"@id\":\"https:\/\/www.notibras.com\/site\/#organization\"},\"image\":{\"@id\":\"https:\/\/www.notibras.com\/site\/no-brasil-colonia-dos-eua-kennedy-foi-compadre-de-uma-beata-do-ceara\/#primaryimage\"},\"thumbnailUrl\":\"https:\/\/www.notibras.com\/site\/wp-content\/uploads\/2025\/02\/bebe.jfk_.ce_.webp\",\"articleSection\":[\"Nordeste\"],\"inLanguage\":\"pt-BR\"},{\"@type\":\"WebPage\",\"@id\":\"https:\/\/www.notibras.com\/site\/no-brasil-colonia-dos-eua-kennedy-foi-compadre-de-uma-beata-do-ceara\/\",\"url\":\"https:\/\/www.notibras.com\/site\/no-brasil-colonia-dos-eua-kennedy-foi-compadre-de-uma-beata-do-ceara\/\",\"name\":\"No Brasil col\u00f4nia dos EUA, Kennedy foi compadre de uma beata do Cear\u00e1 - Notibras\",\"isPartOf\":{\"@id\":\"https:\/\/www.notibras.com\/site\/#website\"},\"primaryImageOfPage\":{\"@id\":\"https:\/\/www.notibras.com\/site\/no-brasil-colonia-dos-eua-kennedy-foi-compadre-de-uma-beata-do-ceara\/#primaryimage\"},\"image\":{\"@id\":\"https:\/\/www.notibras.com\/site\/no-brasil-colonia-dos-eua-kennedy-foi-compadre-de-uma-beata-do-ceara\/#primaryimage\"},\"thumbnailUrl\":\"https:\/\/www.notibras.com\/site\/wp-content\/uploads\/2025\/02\/bebe.jfk_.ce_.webp\",\"datePublished\":\"2025-02-06T08:15:16+00:00\",\"dateModified\":\"2025-02-06T08:16:59+00:00\",\"breadcrumb\":{\"@id\":\"https:\/\/www.notibras.com\/site\/no-brasil-colonia-dos-eua-kennedy-foi-compadre-de-uma-beata-do-ceara\/#breadcrumb\"},\"inLanguage\":\"pt-BR\",\"potentialAction\":[{\"@type\":\"ReadAction\",\"target\":[\"https:\/\/www.notibras.com\/site\/no-brasil-colonia-dos-eua-kennedy-foi-compadre-de-uma-beata-do-ceara\/\"]}]},{\"@type\":\"ImageObject\",\"inLanguage\":\"pt-BR\",\"@id\":\"https:\/\/www.notibras.com\/site\/no-brasil-colonia-dos-eua-kennedy-foi-compadre-de-uma-beata-do-ceara\/#primaryimage\",\"url\":\"https:\/\/www.notibras.com\/site\/wp-content\/uploads\/2025\/02\/bebe.jfk_.ce_.webp\",\"contentUrl\":\"https:\/\/www.notibras.com\/site\/wp-content\/uploads\/2025\/02\/bebe.jfk_.ce_.webp\",\"width\":1024,\"height\":1024},{\"@type\":\"BreadcrumbList\",\"@id\":\"https:\/\/www.notibras.com\/site\/no-brasil-colonia-dos-eua-kennedy-foi-compadre-de-uma-beata-do-ceara\/#breadcrumb\",\"itemListElement\":[{\"@type\":\"ListItem\",\"position\":1,\"name\":\"In\u00edcio\",\"item\":\"https:\/\/www.notibras.com\/site\/\"},{\"@type\":\"ListItem\",\"position\":2,\"name\":\"No Brasil col\u00f4nia dos EUA, Kennedy foi compadre de uma beata do Cear\u00e1\"}]},{\"@type\":\"WebSite\",\"@id\":\"https:\/\/www.notibras.com\/site\/#website\",\"url\":\"https:\/\/www.notibras.com\/site\/\",\"name\":\"Notibras\",\"description\":\"Not\u00edcias de Bras\u00edlia, do Brasil e do Mundo\",\"publisher\":{\"@id\":\"https:\/\/www.notibras.com\/site\/#organization\"},\"potentialAction\":[{\"@type\":\"SearchAction\",\"target\":{\"@type\":\"EntryPoint\",\"urlTemplate\":\"https:\/\/www.notibras.com\/site\/?s={search_term_string}\"},\"query-input\":{\"@type\":\"PropertyValueSpecification\",\"valueRequired\":true,\"valueName\":\"search_term_string\"}}],\"inLanguage\":\"pt-BR\"},{\"@type\":\"Organization\",\"@id\":\"https:\/\/www.notibras.com\/site\/#organization\",\"name\":\"Grupo Notibras de Comunica\u00e7\u00e3o\",\"url\":\"https:\/\/www.notibras.com\/site\/\",\"logo\":{\"@type\":\"ImageObject\",\"inLanguage\":\"pt-BR\",\"@id\":\"https:\/\/www.notibras.com\/site\/#\/schema\/logo\/image\/\",\"url\":\"https:\/\/www.notibras.com\/site\/wp-content\/uploads\/2023\/01\/notibras23.png\",\"contentUrl\":\"https:\/\/www.notibras.com\/site\/wp-content\/uploads\/2023\/01\/notibras23.png\",\"width\":350,\"height\":87,\"caption\":\"Grupo Notibras de Comunica\u00e7\u00e3o\"},\"image\":{\"@id\":\"https:\/\/www.notibras.com\/site\/#\/schema\/logo\/image\/\"},\"sameAs\":[\"https:\/\/www.facebook.com\/notibras\/\",\"https:\/\/x.com\/Notibras\",\"https:\/\/www.instagram.com\/notibras\/\"]},{\"@type\":\"Person\",\"@id\":\"https:\/\/www.notibras.com\/site\/#\/schema\/person\/36ab0979449956132d3e5b517ea76ac8\",\"name\":\"Reda\u00e7\u00e3o\",\"image\":{\"@type\":\"ImageObject\",\"inLanguage\":\"pt-BR\",\"@id\":\"https:\/\/secure.gravatar.com\/avatar\/e0a867bdedb85fd243eadf09663511f96fc81e0720a4a42581f334ad4303aa6b?s=96&d=mm&r=g\",\"url\":\"https:\/\/secure.gravatar.com\/avatar\/e0a867bdedb85fd243eadf09663511f96fc81e0720a4a42581f334ad4303aa6b?s=96&d=mm&r=g\",\"contentUrl\":\"https:\/\/secure.gravatar.com\/avatar\/e0a867bdedb85fd243eadf09663511f96fc81e0720a4a42581f334ad4303aa6b?s=96&d=mm&r=g\",\"caption\":\"Reda\u00e7\u00e3o\"}}]}<\/script>\n<!-- \/ Yoast SEO plugin. -->","yoast_head_json":{"title":"No Brasil col\u00f4nia dos EUA, Kennedy foi compadre de uma beata do Cear\u00e1 - Notibras","robots":{"index":"index","follow":"follow","max-snippet":"max-snippet:-1","max-image-preview":"max-image-preview:large","max-video-preview":"max-video-preview:-1"},"canonical":"https:\/\/www.notibras.com\/site\/no-brasil-colonia-dos-eua-kennedy-foi-compadre-de-uma-beata-do-ceara\/","og_locale":"pt_BR","og_type":"article","og_title":"No Brasil col\u00f4nia dos EUA, Kennedy foi compadre de uma beata do Cear\u00e1 - Notibras","og_description":"J\u00e1 vai longe o tempo em que tudo que era mais ou menos para os norte-americanos era maravilhoso para os brasileiros. Lembro dos analistas da \u00e9poca dizendo que um espirro dos Estados Unidos significava pneumonia para o Brasil. O Brasil se consolidou como uma democracia, mas o fantasma dos EUA acima de tudo e em [&hellip;]","og_url":"https:\/\/www.notibras.com\/site\/no-brasil-colonia-dos-eua-kennedy-foi-compadre-de-uma-beata-do-ceara\/","og_site_name":"Notibras","article_publisher":"https:\/\/www.facebook.com\/notibras\/","article_published_time":"2025-02-06T08:15:16+00:00","article_modified_time":"2025-02-06T08:16:59+00:00","og_image":[{"width":1024,"height":1024,"url":"https:\/\/www.notibras.com\/site\/wp-content\/uploads\/2025\/02\/bebe.jfk_.ce_.webp","type":"image\/webp"}],"author":"Reda\u00e7\u00e3o","twitter_card":"summary_large_image","twitter_creator":"@Notibras","twitter_site":"@Notibras","twitter_misc":{"Escrito por":"Reda\u00e7\u00e3o","Est. tempo de leitura":"5 minutos"},"schema":{"@context":"https:\/\/schema.org","@graph":[{"@type":"Article","@id":"https:\/\/www.notibras.com\/site\/no-brasil-colonia-dos-eua-kennedy-foi-compadre-de-uma-beata-do-ceara\/#article","isPartOf":{"@id":"https:\/\/www.notibras.com\/site\/no-brasil-colonia-dos-eua-kennedy-foi-compadre-de-uma-beata-do-ceara\/"},"author":{"name":"Reda\u00e7\u00e3o","@id":"https:\/\/www.notibras.com\/site\/#\/schema\/person\/36ab0979449956132d3e5b517ea76ac8"},"headline":"No Brasil col\u00f4nia dos EUA, Kennedy foi compadre de uma beata do Cear\u00e1","datePublished":"2025-02-06T08:15:16+00:00","dateModified":"2025-02-06T08:16:59+00:00","mainEntityOfPage":{"@id":"https:\/\/www.notibras.com\/site\/no-brasil-colonia-dos-eua-kennedy-foi-compadre-de-uma-beata-do-ceara\/"},"wordCount":769,"publisher":{"@id":"https:\/\/www.notibras.com\/site\/#organization"},"image":{"@id":"https:\/\/www.notibras.com\/site\/no-brasil-colonia-dos-eua-kennedy-foi-compadre-de-uma-beata-do-ceara\/#primaryimage"},"thumbnailUrl":"https:\/\/www.notibras.com\/site\/wp-content\/uploads\/2025\/02\/bebe.jfk_.ce_.webp","articleSection":["Nordeste"],"inLanguage":"pt-BR"},{"@type":"WebPage","@id":"https:\/\/www.notibras.com\/site\/no-brasil-colonia-dos-eua-kennedy-foi-compadre-de-uma-beata-do-ceara\/","url":"https:\/\/www.notibras.com\/site\/no-brasil-colonia-dos-eua-kennedy-foi-compadre-de-uma-beata-do-ceara\/","name":"No Brasil col\u00f4nia dos EUA, Kennedy foi compadre de uma beata do Cear\u00e1 - Notibras","isPartOf":{"@id":"https:\/\/www.notibras.com\/site\/#website"},"primaryImageOfPage":{"@id":"https:\/\/www.notibras.com\/site\/no-brasil-colonia-dos-eua-kennedy-foi-compadre-de-uma-beata-do-ceara\/#primaryimage"},"image":{"@id":"https:\/\/www.notibras.com\/site\/no-brasil-colonia-dos-eua-kennedy-foi-compadre-de-uma-beata-do-ceara\/#primaryimage"},"thumbnailUrl":"https:\/\/www.notibras.com\/site\/wp-content\/uploads\/2025\/02\/bebe.jfk_.ce_.webp","datePublished":"2025-02-06T08:15:16+00:00","dateModified":"2025-02-06T08:16:59+00:00","breadcrumb":{"@id":"https:\/\/www.notibras.com\/site\/no-brasil-colonia-dos-eua-kennedy-foi-compadre-de-uma-beata-do-ceara\/#breadcrumb"},"inLanguage":"pt-BR","potentialAction":[{"@type":"ReadAction","target":["https:\/\/www.notibras.com\/site\/no-brasil-colonia-dos-eua-kennedy-foi-compadre-de-uma-beata-do-ceara\/"]}]},{"@type":"ImageObject","inLanguage":"pt-BR","@id":"https:\/\/www.notibras.com\/site\/no-brasil-colonia-dos-eua-kennedy-foi-compadre-de-uma-beata-do-ceara\/#primaryimage","url":"https:\/\/www.notibras.com\/site\/wp-content\/uploads\/2025\/02\/bebe.jfk_.ce_.webp","contentUrl":"https:\/\/www.notibras.com\/site\/wp-content\/uploads\/2025\/02\/bebe.jfk_.ce_.webp","width":1024,"height":1024},{"@type":"BreadcrumbList","@id":"https:\/\/www.notibras.com\/site\/no-brasil-colonia-dos-eua-kennedy-foi-compadre-de-uma-beata-do-ceara\/#breadcrumb","itemListElement":[{"@type":"ListItem","position":1,"name":"In\u00edcio","item":"https:\/\/www.notibras.com\/site\/"},{"@type":"ListItem","position":2,"name":"No Brasil col\u00f4nia dos EUA, Kennedy foi compadre de uma beata do Cear\u00e1"}]},{"@type":"WebSite","@id":"https:\/\/www.notibras.com\/site\/#website","url":"https:\/\/www.notibras.com\/site\/","name":"Notibras","description":"Not\u00edcias de Bras\u00edlia, do Brasil e do Mundo","publisher":{"@id":"https:\/\/www.notibras.com\/site\/#organization"},"potentialAction":[{"@type":"SearchAction","target":{"@type":"EntryPoint","urlTemplate":"https:\/\/www.notibras.com\/site\/?s={search_term_string}"},"query-input":{"@type":"PropertyValueSpecification","valueRequired":true,"valueName":"search_term_string"}}],"inLanguage":"pt-BR"},{"@type":"Organization","@id":"https:\/\/www.notibras.com\/site\/#organization","name":"Grupo Notibras de Comunica\u00e7\u00e3o","url":"https:\/\/www.notibras.com\/site\/","logo":{"@type":"ImageObject","inLanguage":"pt-BR","@id":"https:\/\/www.notibras.com\/site\/#\/schema\/logo\/image\/","url":"https:\/\/www.notibras.com\/site\/wp-content\/uploads\/2023\/01\/notibras23.png","contentUrl":"https:\/\/www.notibras.com\/site\/wp-content\/uploads\/2023\/01\/notibras23.png","width":350,"height":87,"caption":"Grupo Notibras de Comunica\u00e7\u00e3o"},"image":{"@id":"https:\/\/www.notibras.com\/site\/#\/schema\/logo\/image\/"},"sameAs":["https:\/\/www.facebook.com\/notibras\/","https:\/\/x.com\/Notibras","https:\/\/www.instagram.com\/notibras\/"]},{"@type":"Person","@id":"https:\/\/www.notibras.com\/site\/#\/schema\/person\/36ab0979449956132d3e5b517ea76ac8","name":"Reda\u00e7\u00e3o","image":{"@type":"ImageObject","inLanguage":"pt-BR","@id":"https:\/\/secure.gravatar.com\/avatar\/e0a867bdedb85fd243eadf09663511f96fc81e0720a4a42581f334ad4303aa6b?s=96&d=mm&r=g","url":"https:\/\/secure.gravatar.com\/avatar\/e0a867bdedb85fd243eadf09663511f96fc81e0720a4a42581f334ad4303aa6b?s=96&d=mm&r=g","contentUrl":"https:\/\/secure.gravatar.com\/avatar\/e0a867bdedb85fd243eadf09663511f96fc81e0720a4a42581f334ad4303aa6b?s=96&d=mm&r=g","caption":"Reda\u00e7\u00e3o"}}]}},"amp_enabled":true,"_links":{"self":[{"href":"https:\/\/www.notibras.com\/site\/wp-json\/wp\/v2\/posts\/347210","targetHints":{"allow":["GET"]}}],"collection":[{"href":"https:\/\/www.notibras.com\/site\/wp-json\/wp\/v2\/posts"}],"about":[{"href":"https:\/\/www.notibras.com\/site\/wp-json\/wp\/v2\/types\/post"}],"author":[{"embeddable":true,"href":"https:\/\/www.notibras.com\/site\/wp-json\/wp\/v2\/users\/2"}],"replies":[{"embeddable":true,"href":"https:\/\/www.notibras.com\/site\/wp-json\/wp\/v2\/comments?post=347210"}],"version-history":[{"count":2,"href":"https:\/\/www.notibras.com\/site\/wp-json\/wp\/v2\/posts\/347210\/revisions"}],"predecessor-version":[{"id":347213,"href":"https:\/\/www.notibras.com\/site\/wp-json\/wp\/v2\/posts\/347210\/revisions\/347213"}],"wp:featuredmedia":[{"embeddable":true,"href":"https:\/\/www.notibras.com\/site\/wp-json\/wp\/v2\/media\/347211"}],"wp:attachment":[{"href":"https:\/\/www.notibras.com\/site\/wp-json\/wp\/v2\/media?parent=347210"}],"wp:term":[{"taxonomy":"category","embeddable":true,"href":"https:\/\/www.notibras.com\/site\/wp-json\/wp\/v2\/categories?post=347210"},{"taxonomy":"post_tag","embeddable":true,"href":"https:\/\/www.notibras.com\/site\/wp-json\/wp\/v2\/tags?post=347210"}],"curies":[{"name":"wp","href":"https:\/\/api.w.org\/{rel}","templated":true}]}}