{"id":347214,"date":"2025-02-06T00:00:45","date_gmt":"2025-02-06T03:00:45","guid":{"rendered":"https:\/\/www.notibras.com\/site\/?p=347214"},"modified":"2025-02-06T05:33:29","modified_gmt":"2025-02-06T08:33:29","slug":"desabamento-de-teto-de-igreja-historica-mata-turista-na-bahia","status":"publish","type":"post","link":"https:\/\/www.notibras.com\/site\/desabamento-de-teto-de-igreja-historica-mata-turista-na-bahia\/","title":{"rendered":"Desabamento de teto de igreja hist\u00f3rica mata turista na Bahia"},"content":{"rendered":"<p>O desabamento do teto da Igreja de S\u00e3o Francisco de Assis, no Centro Hist\u00f3rico de Salvador (BA), nesta quarta-feira (5), causou a morte de Giulia Panchoni Righetto, de 26 anos. Ela era paulista e visitava a capital baiana.<\/p>\n<p>Outras seis pessoas ficaram feridas no acidente. Equipes da Defesa Civil, do Corpo de Bombeiros e da Pol\u00edcia Civil da Bahia atuam no local para prestar suporte e apurar as causas do desabamento.<\/p>\n<p>Em nota \u00e0 imprensa, o Minist\u00e9rio da Cultura e o Instituto do Patrim\u00f4nio Hist\u00f3rico e Art\u00edstico Nacional (Iphan) manifestaram profundo \u201cpesar pelo tr\u00e1gico desabamento de parte do forro do teto\u201d da igreja. \u201cNeste momento de dor, expressamos nossa solidariedade \u00e0s v\u00edtimas, seus familiares e \u00e0 comunidade local\u201d.<\/p>\n<p>O presidente Luiz In\u00e1cio Lula da Silva, tamb\u00e9m manifestou \u201ctristeza e pesar\u201d com o acidente na igreja de Salvador e disse em nota que o governo atuar\u00e1 na \u201creconstru\u00e7\u00e3o desse lugar sagrado para milhares de brasileiros\u201d. Em rede social, a ministra da Cultura, Margareth Menezes, tamb\u00e9m lamentou o que chamou de \u201ctrag\u00e9dia\u201d e disse que ir\u00e1 nesta quinta-feira (6), a Salvador.<\/p>\n<p><strong>Obras<\/strong><br \/>\nO governo informou que o im\u00f3vel hist\u00f3rico \u00e9 de propriedade da Ordem Primeira de S\u00e3o Francisco, respons\u00e1vel direta pela gest\u00e3o e manuten\u00e7\u00e3o da edifica\u00e7\u00e3o. O Iphan argumentou que atua na preserva\u00e7\u00e3o do bem, com a\u00e7\u00f5es como o restauro dos pain\u00e9is de azulejaria portuguesa.<\/p>\n<p>A obra foi conclu\u00edda em maio de 2023. H\u00e1 a elabora\u00e7\u00e3o de um projeto de restaura\u00e7\u00e3o do edif\u00edcio.<\/p>\n<p>Os \u00f3rg\u00e3os do governo acrescentaram que est\u00e3o \u00e0 disposi\u00e7\u00e3o para colaborar com as investiga\u00e7\u00f5es e adotar as medidas necess\u00e1rias para a preserva\u00e7\u00e3o e restaura\u00e7\u00e3o do patrim\u00f4nio hist\u00f3rico e cultural.<\/p>\n","protected":false},"excerpt":{"rendered":"<p>O desabamento do teto da Igreja de S\u00e3o Francisco de Assis, no Centro Hist\u00f3rico de Salvador (BA), nesta quarta-feira (5), causou a morte de Giulia Panchoni Righetto, de 26 anos. Ela era paulista e visitava a capital baiana. Outras seis pessoas ficaram feridas no acidente. Equipes da Defesa Civil, do Corpo de Bombeiros e da [&hellip;]<\/p>\n","protected":false},"author":2,"featured_media":347215,"comment_status":"closed","ping_status":"closed","sticky":false,"template":"","format":"standard","meta":{"_acf_changed":false,"footnotes":""},"categories":[165],"tags":[],"class_list":["post-347214","post","type-post","status-publish","format-standard","has-post-thumbnail","hentry","category-nordeste"],"acf":[],"yoast_head":"<!-- This site is optimized with the Yoast SEO plugin v27.2 - https:\/\/yoast.com\/product\/yoast-seo-wordpress\/ -->\n<title>Desabamento de teto de igreja hist\u00f3rica mata turista na Bahia - Notibras<\/title>\n<meta name=\"robots\" content=\"index, follow, max-snippet:-1, max-image-preview:large, max-video-preview:-1\" \/>\n<link rel=\"canonical\" href=\"https:\/\/www.notibras.com\/site\/desabamento-de-teto-de-igreja-historica-mata-turista-na-bahia\/\" \/>\n<meta property=\"og:locale\" content=\"pt_BR\" \/>\n<meta property=\"og:type\" content=\"article\" \/>\n<meta property=\"og:title\" content=\"Desabamento de teto de igreja hist\u00f3rica mata turista na Bahia - Notibras\" \/>\n<meta property=\"og:description\" content=\"O desabamento do teto da Igreja de S\u00e3o Francisco de Assis, no Centro Hist\u00f3rico de Salvador (BA), nesta quarta-feira (5), causou a morte de Giulia Panchoni Righetto, de 26 anos. Ela era paulista e visitava a capital baiana. Outras seis pessoas ficaram feridas no acidente. Equipes da Defesa Civil, do Corpo de Bombeiros e da [&hellip;]\" \/>\n<meta property=\"og:url\" content=\"https:\/\/www.notibras.com\/site\/desabamento-de-teto-de-igreja-historica-mata-turista-na-bahia\/\" \/>\n<meta property=\"og:site_name\" content=\"Notibras\" \/>\n<meta property=\"article:publisher\" content=\"https:\/\/www.facebook.com\/notibras\/\" \/>\n<meta property=\"article:published_time\" content=\"2025-02-06T03:00:45+00:00\" \/>\n<meta property=\"article:modified_time\" content=\"2025-02-06T08:33:29+00:00\" \/>\n<meta property=\"og:image\" content=\"https:\/\/www.notibras.com\/site\/wp-content\/uploads\/2025\/02\/igreja.teto_.ba_.webp\" \/>\n\t<meta property=\"og:image:width\" content=\"1170\" \/>\n\t<meta property=\"og:image:height\" content=\"700\" \/>\n\t<meta property=\"og:image:type\" content=\"image\/webp\" \/>\n<meta name=\"author\" content=\"Reda\u00e7\u00e3o\" \/>\n<meta name=\"twitter:card\" content=\"summary_large_image\" \/>\n<meta name=\"twitter:creator\" content=\"@Notibras\" \/>\n<meta name=\"twitter:site\" content=\"@Notibras\" \/>\n<meta name=\"twitter:label1\" content=\"Escrito por\" \/>\n\t<meta name=\"twitter:data1\" content=\"Reda\u00e7\u00e3o\" \/>\n\t<meta name=\"twitter:label2\" content=\"Est. tempo de leitura\" \/>\n\t<meta name=\"twitter:data2\" content=\"2 minutos\" \/>\n<script type=\"application\/ld+json\" class=\"yoast-schema-graph\">{\"@context\":\"https:\/\/schema.org\",\"@graph\":[{\"@type\":\"Article\",\"@id\":\"https:\/\/www.notibras.com\/site\/desabamento-de-teto-de-igreja-historica-mata-turista-na-bahia\/#article\",\"isPartOf\":{\"@id\":\"https:\/\/www.notibras.com\/site\/desabamento-de-teto-de-igreja-historica-mata-turista-na-bahia\/\"},\"author\":{\"name\":\"Reda\u00e7\u00e3o\",\"@id\":\"https:\/\/www.notibras.com\/site\/#\/schema\/person\/36ab0979449956132d3e5b517ea76ac8\"},\"headline\":\"Desabamento de teto de igreja hist\u00f3rica mata turista na Bahia\",\"datePublished\":\"2025-02-06T03:00:45+00:00\",\"dateModified\":\"2025-02-06T08:33:29+00:00\",\"mainEntityOfPage\":{\"@id\":\"https:\/\/www.notibras.com\/site\/desabamento-de-teto-de-igreja-historica-mata-turista-na-bahia\/\"},\"wordCount\":310,\"publisher\":{\"@id\":\"https:\/\/www.notibras.com\/site\/#organization\"},\"image\":{\"@id\":\"https:\/\/www.notibras.com\/site\/desabamento-de-teto-de-igreja-historica-mata-turista-na-bahia\/#primaryimage\"},\"thumbnailUrl\":\"https:\/\/www.notibras.com\/site\/wp-content\/uploads\/2025\/02\/igreja.teto_.ba_.webp\",\"articleSection\":[\"Nordeste\"],\"inLanguage\":\"pt-BR\"},{\"@type\":\"WebPage\",\"@id\":\"https:\/\/www.notibras.com\/site\/desabamento-de-teto-de-igreja-historica-mata-turista-na-bahia\/\",\"url\":\"https:\/\/www.notibras.com\/site\/desabamento-de-teto-de-igreja-historica-mata-turista-na-bahia\/\",\"name\":\"Desabamento de teto de igreja hist\u00f3rica mata turista na Bahia - Notibras\",\"isPartOf\":{\"@id\":\"https:\/\/www.notibras.com\/site\/#website\"},\"primaryImageOfPage\":{\"@id\":\"https:\/\/www.notibras.com\/site\/desabamento-de-teto-de-igreja-historica-mata-turista-na-bahia\/#primaryimage\"},\"image\":{\"@id\":\"https:\/\/www.notibras.com\/site\/desabamento-de-teto-de-igreja-historica-mata-turista-na-bahia\/#primaryimage\"},\"thumbnailUrl\":\"https:\/\/www.notibras.com\/site\/wp-content\/uploads\/2025\/02\/igreja.teto_.ba_.webp\",\"datePublished\":\"2025-02-06T03:00:45+00:00\",\"dateModified\":\"2025-02-06T08:33:29+00:00\",\"breadcrumb\":{\"@id\":\"https:\/\/www.notibras.com\/site\/desabamento-de-teto-de-igreja-historica-mata-turista-na-bahia\/#breadcrumb\"},\"inLanguage\":\"pt-BR\",\"potentialAction\":[{\"@type\":\"ReadAction\",\"target\":[\"https:\/\/www.notibras.com\/site\/desabamento-de-teto-de-igreja-historica-mata-turista-na-bahia\/\"]}]},{\"@type\":\"ImageObject\",\"inLanguage\":\"pt-BR\",\"@id\":\"https:\/\/www.notibras.com\/site\/desabamento-de-teto-de-igreja-historica-mata-turista-na-bahia\/#primaryimage\",\"url\":\"https:\/\/www.notibras.com\/site\/wp-content\/uploads\/2025\/02\/igreja.teto_.ba_.webp\",\"contentUrl\":\"https:\/\/www.notibras.com\/site\/wp-content\/uploads\/2025\/02\/igreja.teto_.ba_.webp\",\"width\":1170,\"height\":700},{\"@type\":\"BreadcrumbList\",\"@id\":\"https:\/\/www.notibras.com\/site\/desabamento-de-teto-de-igreja-historica-mata-turista-na-bahia\/#breadcrumb\",\"itemListElement\":[{\"@type\":\"ListItem\",\"position\":1,\"name\":\"In\u00edcio\",\"item\":\"https:\/\/www.notibras.com\/site\/\"},{\"@type\":\"ListItem\",\"position\":2,\"name\":\"Desabamento de teto de igreja hist\u00f3rica mata turista na Bahia\"}]},{\"@type\":\"WebSite\",\"@id\":\"https:\/\/www.notibras.com\/site\/#website\",\"url\":\"https:\/\/www.notibras.com\/site\/\",\"name\":\"Notibras\",\"description\":\"Not\u00edcias de Bras\u00edlia, do Brasil e do Mundo\",\"publisher\":{\"@id\":\"https:\/\/www.notibras.com\/site\/#organization\"},\"potentialAction\":[{\"@type\":\"SearchAction\",\"target\":{\"@type\":\"EntryPoint\",\"urlTemplate\":\"https:\/\/www.notibras.com\/site\/?s={search_term_string}\"},\"query-input\":{\"@type\":\"PropertyValueSpecification\",\"valueRequired\":true,\"valueName\":\"search_term_string\"}}],\"inLanguage\":\"pt-BR\"},{\"@type\":\"Organization\",\"@id\":\"https:\/\/www.notibras.com\/site\/#organization\",\"name\":\"Grupo Notibras de Comunica\u00e7\u00e3o\",\"url\":\"https:\/\/www.notibras.com\/site\/\",\"logo\":{\"@type\":\"ImageObject\",\"inLanguage\":\"pt-BR\",\"@id\":\"https:\/\/www.notibras.com\/site\/#\/schema\/logo\/image\/\",\"url\":\"https:\/\/www.notibras.com\/site\/wp-content\/uploads\/2023\/01\/notibras23.png\",\"contentUrl\":\"https:\/\/www.notibras.com\/site\/wp-content\/uploads\/2023\/01\/notibras23.png\",\"width\":350,\"height\":87,\"caption\":\"Grupo Notibras de Comunica\u00e7\u00e3o\"},\"image\":{\"@id\":\"https:\/\/www.notibras.com\/site\/#\/schema\/logo\/image\/\"},\"sameAs\":[\"https:\/\/www.facebook.com\/notibras\/\",\"https:\/\/x.com\/Notibras\",\"https:\/\/www.instagram.com\/notibras\/\"]},{\"@type\":\"Person\",\"@id\":\"https:\/\/www.notibras.com\/site\/#\/schema\/person\/36ab0979449956132d3e5b517ea76ac8\",\"name\":\"Reda\u00e7\u00e3o\",\"image\":{\"@type\":\"ImageObject\",\"inLanguage\":\"pt-BR\",\"@id\":\"https:\/\/secure.gravatar.com\/avatar\/e0a867bdedb85fd243eadf09663511f96fc81e0720a4a42581f334ad4303aa6b?s=96&d=mm&r=g\",\"url\":\"https:\/\/secure.gravatar.com\/avatar\/e0a867bdedb85fd243eadf09663511f96fc81e0720a4a42581f334ad4303aa6b?s=96&d=mm&r=g\",\"contentUrl\":\"https:\/\/secure.gravatar.com\/avatar\/e0a867bdedb85fd243eadf09663511f96fc81e0720a4a42581f334ad4303aa6b?s=96&d=mm&r=g\",\"caption\":\"Reda\u00e7\u00e3o\"}}]}<\/script>\n<!-- \/ Yoast SEO plugin. -->","yoast_head_json":{"title":"Desabamento de teto de igreja hist\u00f3rica mata turista na Bahia - Notibras","robots":{"index":"index","follow":"follow","max-snippet":"max-snippet:-1","max-image-preview":"max-image-preview:large","max-video-preview":"max-video-preview:-1"},"canonical":"https:\/\/www.notibras.com\/site\/desabamento-de-teto-de-igreja-historica-mata-turista-na-bahia\/","og_locale":"pt_BR","og_type":"article","og_title":"Desabamento de teto de igreja hist\u00f3rica mata turista na Bahia - Notibras","og_description":"O desabamento do teto da Igreja de S\u00e3o Francisco de Assis, no Centro Hist\u00f3rico de Salvador (BA), nesta quarta-feira (5), causou a morte de Giulia Panchoni Righetto, de 26 anos. Ela era paulista e visitava a capital baiana. Outras seis pessoas ficaram feridas no acidente. Equipes da Defesa Civil, do Corpo de Bombeiros e da [&hellip;]","og_url":"https:\/\/www.notibras.com\/site\/desabamento-de-teto-de-igreja-historica-mata-turista-na-bahia\/","og_site_name":"Notibras","article_publisher":"https:\/\/www.facebook.com\/notibras\/","article_published_time":"2025-02-06T03:00:45+00:00","article_modified_time":"2025-02-06T08:33:29+00:00","og_image":[{"width":1170,"height":700,"url":"https:\/\/www.notibras.com\/site\/wp-content\/uploads\/2025\/02\/igreja.teto_.ba_.webp","type":"image\/webp"}],"author":"Reda\u00e7\u00e3o","twitter_card":"summary_large_image","twitter_creator":"@Notibras","twitter_site":"@Notibras","twitter_misc":{"Escrito por":"Reda\u00e7\u00e3o","Est. tempo de leitura":"2 minutos"},"schema":{"@context":"https:\/\/schema.org","@graph":[{"@type":"Article","@id":"https:\/\/www.notibras.com\/site\/desabamento-de-teto-de-igreja-historica-mata-turista-na-bahia\/#article","isPartOf":{"@id":"https:\/\/www.notibras.com\/site\/desabamento-de-teto-de-igreja-historica-mata-turista-na-bahia\/"},"author":{"name":"Reda\u00e7\u00e3o","@id":"https:\/\/www.notibras.com\/site\/#\/schema\/person\/36ab0979449956132d3e5b517ea76ac8"},"headline":"Desabamento de teto de igreja hist\u00f3rica mata turista na Bahia","datePublished":"2025-02-06T03:00:45+00:00","dateModified":"2025-02-06T08:33:29+00:00","mainEntityOfPage":{"@id":"https:\/\/www.notibras.com\/site\/desabamento-de-teto-de-igreja-historica-mata-turista-na-bahia\/"},"wordCount":310,"publisher":{"@id":"https:\/\/www.notibras.com\/site\/#organization"},"image":{"@id":"https:\/\/www.notibras.com\/site\/desabamento-de-teto-de-igreja-historica-mata-turista-na-bahia\/#primaryimage"},"thumbnailUrl":"https:\/\/www.notibras.com\/site\/wp-content\/uploads\/2025\/02\/igreja.teto_.ba_.webp","articleSection":["Nordeste"],"inLanguage":"pt-BR"},{"@type":"WebPage","@id":"https:\/\/www.notibras.com\/site\/desabamento-de-teto-de-igreja-historica-mata-turista-na-bahia\/","url":"https:\/\/www.notibras.com\/site\/desabamento-de-teto-de-igreja-historica-mata-turista-na-bahia\/","name":"Desabamento de teto de igreja hist\u00f3rica mata turista na Bahia - Notibras","isPartOf":{"@id":"https:\/\/www.notibras.com\/site\/#website"},"primaryImageOfPage":{"@id":"https:\/\/www.notibras.com\/site\/desabamento-de-teto-de-igreja-historica-mata-turista-na-bahia\/#primaryimage"},"image":{"@id":"https:\/\/www.notibras.com\/site\/desabamento-de-teto-de-igreja-historica-mata-turista-na-bahia\/#primaryimage"},"thumbnailUrl":"https:\/\/www.notibras.com\/site\/wp-content\/uploads\/2025\/02\/igreja.teto_.ba_.webp","datePublished":"2025-02-06T03:00:45+00:00","dateModified":"2025-02-06T08:33:29+00:00","breadcrumb":{"@id":"https:\/\/www.notibras.com\/site\/desabamento-de-teto-de-igreja-historica-mata-turista-na-bahia\/#breadcrumb"},"inLanguage":"pt-BR","potentialAction":[{"@type":"ReadAction","target":["https:\/\/www.notibras.com\/site\/desabamento-de-teto-de-igreja-historica-mata-turista-na-bahia\/"]}]},{"@type":"ImageObject","inLanguage":"pt-BR","@id":"https:\/\/www.notibras.com\/site\/desabamento-de-teto-de-igreja-historica-mata-turista-na-bahia\/#primaryimage","url":"https:\/\/www.notibras.com\/site\/wp-content\/uploads\/2025\/02\/igreja.teto_.ba_.webp","contentUrl":"https:\/\/www.notibras.com\/site\/wp-content\/uploads\/2025\/02\/igreja.teto_.ba_.webp","width":1170,"height":700},{"@type":"BreadcrumbList","@id":"https:\/\/www.notibras.com\/site\/desabamento-de-teto-de-igreja-historica-mata-turista-na-bahia\/#breadcrumb","itemListElement":[{"@type":"ListItem","position":1,"name":"In\u00edcio","item":"https:\/\/www.notibras.com\/site\/"},{"@type":"ListItem","position":2,"name":"Desabamento de teto de igreja hist\u00f3rica mata turista na Bahia"}]},{"@type":"WebSite","@id":"https:\/\/www.notibras.com\/site\/#website","url":"https:\/\/www.notibras.com\/site\/","name":"Notibras","description":"Not\u00edcias de Bras\u00edlia, do Brasil e do Mundo","publisher":{"@id":"https:\/\/www.notibras.com\/site\/#organization"},"potentialAction":[{"@type":"SearchAction","target":{"@type":"EntryPoint","urlTemplate":"https:\/\/www.notibras.com\/site\/?s={search_term_string}"},"query-input":{"@type":"PropertyValueSpecification","valueRequired":true,"valueName":"search_term_string"}}],"inLanguage":"pt-BR"},{"@type":"Organization","@id":"https:\/\/www.notibras.com\/site\/#organization","name":"Grupo Notibras de Comunica\u00e7\u00e3o","url":"https:\/\/www.notibras.com\/site\/","logo":{"@type":"ImageObject","inLanguage":"pt-BR","@id":"https:\/\/www.notibras.com\/site\/#\/schema\/logo\/image\/","url":"https:\/\/www.notibras.com\/site\/wp-content\/uploads\/2023\/01\/notibras23.png","contentUrl":"https:\/\/www.notibras.com\/site\/wp-content\/uploads\/2023\/01\/notibras23.png","width":350,"height":87,"caption":"Grupo Notibras de Comunica\u00e7\u00e3o"},"image":{"@id":"https:\/\/www.notibras.com\/site\/#\/schema\/logo\/image\/"},"sameAs":["https:\/\/www.facebook.com\/notibras\/","https:\/\/x.com\/Notibras","https:\/\/www.instagram.com\/notibras\/"]},{"@type":"Person","@id":"https:\/\/www.notibras.com\/site\/#\/schema\/person\/36ab0979449956132d3e5b517ea76ac8","name":"Reda\u00e7\u00e3o","image":{"@type":"ImageObject","inLanguage":"pt-BR","@id":"https:\/\/secure.gravatar.com\/avatar\/e0a867bdedb85fd243eadf09663511f96fc81e0720a4a42581f334ad4303aa6b?s=96&d=mm&r=g","url":"https:\/\/secure.gravatar.com\/avatar\/e0a867bdedb85fd243eadf09663511f96fc81e0720a4a42581f334ad4303aa6b?s=96&d=mm&r=g","contentUrl":"https:\/\/secure.gravatar.com\/avatar\/e0a867bdedb85fd243eadf09663511f96fc81e0720a4a42581f334ad4303aa6b?s=96&d=mm&r=g","caption":"Reda\u00e7\u00e3o"}}]}},"amp_enabled":true,"_links":{"self":[{"href":"https:\/\/www.notibras.com\/site\/wp-json\/wp\/v2\/posts\/347214","targetHints":{"allow":["GET"]}}],"collection":[{"href":"https:\/\/www.notibras.com\/site\/wp-json\/wp\/v2\/posts"}],"about":[{"href":"https:\/\/www.notibras.com\/site\/wp-json\/wp\/v2\/types\/post"}],"author":[{"embeddable":true,"href":"https:\/\/www.notibras.com\/site\/wp-json\/wp\/v2\/users\/2"}],"replies":[{"embeddable":true,"href":"https:\/\/www.notibras.com\/site\/wp-json\/wp\/v2\/comments?post=347214"}],"version-history":[{"count":1,"href":"https:\/\/www.notibras.com\/site\/wp-json\/wp\/v2\/posts\/347214\/revisions"}],"predecessor-version":[{"id":347216,"href":"https:\/\/www.notibras.com\/site\/wp-json\/wp\/v2\/posts\/347214\/revisions\/347216"}],"wp:featuredmedia":[{"embeddable":true,"href":"https:\/\/www.notibras.com\/site\/wp-json\/wp\/v2\/media\/347215"}],"wp:attachment":[{"href":"https:\/\/www.notibras.com\/site\/wp-json\/wp\/v2\/media?parent=347214"}],"wp:term":[{"taxonomy":"category","embeddable":true,"href":"https:\/\/www.notibras.com\/site\/wp-json\/wp\/v2\/categories?post=347214"},{"taxonomy":"post_tag","embeddable":true,"href":"https:\/\/www.notibras.com\/site\/wp-json\/wp\/v2\/tags?post=347214"}],"curies":[{"name":"wp","href":"https:\/\/api.w.org\/{rel}","templated":true}]}}